{"id":4116,"date":"2026-07-17T16:17:55","date_gmt":"2026-07-17T14:17:55","guid":{"rendered":"https:\/\/proxipel.ch\/?p=4116"},"modified":"2026-07-17T16:17:56","modified_gmt":"2026-07-17T14:17:56","slug":"inauguracao-da-primeira-unidade-movel-e-completa-de-peletizacao","status":"publish","type":"post","link":"https:\/\/proxipel.ch\/pt-pt\/inauguracao-da-primeira-unidade-movel-e-completa-de-peletizacao\/","title":{"rendered":"Inaugura\u00e7\u00e3o da primeira unidade m\u00f3vel e completa de peletiza\u00e7\u00e3o"},"content":{"rendered":"<h2>ARTIGOS DA IMPRENSA<\/h2>\n<p>Para leres os artigos, clica no t\u00edtulo<\/p>\n<ul>\n<li><a href=\"https:\/\/www.lacote.ch\/vaud\/la-cote\/morges-district\/gimel\/gimel-proxipel-a-devoile-son-usine-mobile-de-production-de-pellets-une-premiere-mondiale-1503563\">La C\u00f4te, 22\/06\/2026, Gimel: A Proxipel revelou a sua f\u00e1brica m\u00f3vel de produ\u00e7\u00e3o de pellets, \u00abuma estreia mundial\u00bb<\/a><\/li>\n<li><a href=\"https:\/\/www.lacote.ch\/newsletter\/la_cote\/des-pellets-locaux-a-gimel-des-millesimes-a-rolle-et-une-bonne-cuvee-de-caribana-la-matinale-du-lundi-22juin-1503687\">A costa, O programa matinal de 22 de junho de 2026, O meu belo cami\u00e3o, o rei das florestas\u2026 nascido na vinha.<\/a><\/li>\n<li><a href=\"https:\/\/www.pme.ch\/actualites\/pellets-cette-innovation-vaudoise-pourrait-changer-la-filiere\/tbl1xq5\">PME, 18\/06\/2026, Estreia mundial: inaugurada uma f\u00e1brica m\u00f3vel de pellets em Gimel (VD)<\/a><\/li>\n<li style=\"text-align: left;\"><a href=\"https:\/\/www.letemps.ch\/economie\/apres-seize-ans-de-labeur-proxipel-est-pare-pour-doper-le-marche-des-pellets\">Le Temps, 18\/06\/2026. Ap\u00f3s dezasseis anos de trabalho \u00e1rduo, a Proxipel est\u00e1 pronta para impulsionar o mercado dos pellets<\/a><\/li>\n<li>24 Heures, 13\/07\/2026, Com os seus cami\u00f5es a pellets, a Proxipel v\u00ea a luz ao fundo do t\u00fanel<\/li>\n<\/ul>\n<p><img decoding=\"async\" class=\"wp-image-4127 aligncenter\" src=\"https:\/\/proxipel.ch\/wp-content\/uploads\/2026\/07\/Capture-decran-2026-07-15-160616.webp\" alt=\"granula\u00e7\u00e3o\" width=\"395\" height=\"260\"><\/p>\n","protected":false},"excerpt":{"rendered":"<p>ARTIGOS DA IMPRENSA Para leres os artigos, clica no t\u00edtulo La C\u00f4te, 22\/06\/2026, Gimel: A Proxipel revelou a sua f\u00e1brica m\u00f3vel de produ\u00e7\u00e3o de pellets, \u00abuma estreia mundial\u00bb A costa, O programa matinal de 22 de junho de 2026, O meu belo cami\u00e3o, o rei das florestas\u2026 nascido na vinha. PME, 18\/06\/2026, Estreia mundial: inaugurada [&hellip;]<\/p>\n","protected":false},"author":6,"featured_media":0,"comment_status":"open","ping_status":"open","sticky":false,"template":"","format":"standard","meta":{"_et_pb_use_builder":"","_et_pb_old_content":"","_et_gb_content_width":"","inline_featured_image":false,"footnotes":""},"categories":[50],"tags":[],"class_list":["post-4116","post","type-post","status-publish","format-standard","hentry","category-imprensa"],"yoast_head":"<!-- This site is optimized with the Yoast SEO plugin v28.4 - https:\/\/yoast.com\/product\/yoast-seo-wordpress\/ -->\n<title>Inaugura\u00e7\u00e3o da primeira unidade m\u00f3vel e completa de peletiza\u00e7\u00e3o - Proxipel<\/title>\n<meta name=\"robots\" content=\"index, follow, max-snippet:-1, max-image-preview:large, max-video-preview:-1\" \/>\n<link rel=\"canonical\" href=\"https:\/\/proxipel.ch\/pt-pt\/inauguracao-da-primeira-unidade-movel-e-completa-de-peletizacao\/\" \/>\n<meta property=\"og:locale\" content=\"pt_PT\" \/>\n<meta property=\"og:type\" content=\"article\" \/>\n<meta property=\"og:title\" content=\"Inaugura\u00e7\u00e3o da primeira unidade m\u00f3vel e completa de peletiza\u00e7\u00e3o - Proxipel\" \/>\n<meta property=\"og:description\" content=\"ARTIGOS DA IMPRENSA Para leres os artigos, clica no t\u00edtulo La C\u00f4te, 22\/06\/2026, Gimel: A Proxipel revelou a sua f\u00e1brica m\u00f3vel de produ\u00e7\u00e3o de pellets, \u00abuma estreia mundial\u00bb A costa, O programa matinal de 22 de junho de 2026, O meu belo cami\u00e3o, o rei das florestas\u2026 nascido na vinha. PME, 18\/06\/2026, Estreia mundial: inaugurada [&hellip;]\" \/>\n<meta property=\"og:url\" content=\"https:\/\/proxipel.ch\/pt-pt\/inauguracao-da-primeira-unidade-movel-e-completa-de-peletizacao\/\" \/>\n<meta property=\"og:site_name\" content=\"Proxipel\" \/>\n<meta property=\"article:published_time\" content=\"2026-07-17T14:17:55+00:00\" \/>\n<meta property=\"article:modified_time\" content=\"2026-07-17T14:17:56+00:00\" \/>\n<meta property=\"og:image\" content=\"https:\/\/proxipel.ch\/wp-content\/uploads\/2026\/07\/Capture-decran-2026-07-15-160616.webp\" \/>\n\t<meta property=\"og:image:width\" content=\"1546\" \/>\n\t<meta property=\"og:image:height\" content=\"1017\" \/>\n\t<meta property=\"og:image:type\" content=\"image\/webp\" \/>\n<meta name=\"author\" content=\"Bertrand Bordenave\" \/>\n<meta name=\"twitter:card\" content=\"summary_large_image\" \/>\n<meta name=\"twitter:label1\" content=\"Escrito por\" \/>\n\t<meta name=\"twitter:data1\" content=\"Bertrand Bordenave\" \/>\n\t<meta name=\"twitter:label2\" content=\"Tempo estimado de leitura\" \/>\n\t<meta name=\"twitter:data2\" content=\"1 minuto\" \/>\n<script type=\"application\/ld+json\" class=\"yoast-schema-graph\">{\"@context\":\"https:\\\/\\\/schema.org\",\"@graph\":[{\"@type\":\"Article\",\"@id\":\"https:\\\/\\\/proxipel.ch\\\/pt-pt\\\/inauguracao-da-primeira-unidade-movel-e-completa-de-peletizacao\\\/#article\",\"isPartOf\":{\"@id\":\"https:\\\/\\\/proxipel.ch\\\/pt-pt\\\/inauguracao-da-primeira-unidade-movel-e-completa-de-peletizacao\\\/\"},\"author\":{\"name\":\"Bertrand Bordenave\",\"@id\":\"https:\\\/\\\/proxipel.ch\\\/pt-pt\\\/#\\\/schema\\\/person\\\/14b4c44ffd52db22ee770bc4b0ce909a\"},\"headline\":\"Inaugura\u00e7\u00e3o da primeira unidade m\u00f3vel e completa de peletiza\u00e7\u00e3o\",\"datePublished\":\"2026-07-17T14:17:55+00:00\",\"dateModified\":\"2026-07-17T14:17:56+00:00\",\"mainEntityOfPage\":{\"@id\":\"https:\\\/\\\/proxipel.ch\\\/pt-pt\\\/inauguracao-da-primeira-unidade-movel-e-completa-de-peletizacao\\\/\"},\"wordCount\":116,\"commentCount\":0,\"publisher\":{\"@id\":\"https:\\\/\\\/proxipel.ch\\\/pt-pt\\\/#organization\"},\"image\":{\"@id\":\"https:\\\/\\\/proxipel.ch\\\/pt-pt\\\/inauguracao-da-primeira-unidade-movel-e-completa-de-peletizacao\\\/#primaryimage\"},\"thumbnailUrl\":\"https:\\\/\\\/proxipel.ch\\\/wp-content\\\/uploads\\\/2026\\\/07\\\/Capture-decran-2026-07-15-160616.webp\",\"articleSection\":[\"Imprensa\"],\"inLanguage\":\"pt-PT\",\"potentialAction\":[{\"@type\":\"CommentAction\",\"name\":\"Comment\",\"target\":[\"https:\\\/\\\/proxipel.ch\\\/pt-pt\\\/inauguracao-da-primeira-unidade-movel-e-completa-de-peletizacao\\\/#respond\"]}]},{\"@type\":\"WebPage\",\"@id\":\"https:\\\/\\\/proxipel.ch\\\/pt-pt\\\/inauguracao-da-primeira-unidade-movel-e-completa-de-peletizacao\\\/\",\"url\":\"https:\\\/\\\/proxipel.ch\\\/pt-pt\\\/inauguracao-da-primeira-unidade-movel-e-completa-de-peletizacao\\\/\",\"name\":\"Inaugura\u00e7\u00e3o da primeira unidade m\u00f3vel e completa de peletiza\u00e7\u00e3o - Proxipel\",\"isPartOf\":{\"@id\":\"https:\\\/\\\/proxipel.ch\\\/pt-pt\\\/#website\"},\"primaryImageOfPage\":{\"@id\":\"https:\\\/\\\/proxipel.ch\\\/pt-pt\\\/inauguracao-da-primeira-unidade-movel-e-completa-de-peletizacao\\\/#primaryimage\"},\"image\":{\"@id\":\"https:\\\/\\\/proxipel.ch\\\/pt-pt\\\/inauguracao-da-primeira-unidade-movel-e-completa-de-peletizacao\\\/#primaryimage\"},\"thumbnailUrl\":\"https:\\\/\\\/proxipel.ch\\\/wp-content\\\/uploads\\\/2026\\\/07\\\/Capture-decran-2026-07-15-160616.webp\",\"datePublished\":\"2026-07-17T14:17:55+00:00\",\"dateModified\":\"2026-07-17T14:17:56+00:00\",\"breadcrumb\":{\"@id\":\"https:\\\/\\\/proxipel.ch\\\/pt-pt\\\/inauguracao-da-primeira-unidade-movel-e-completa-de-peletizacao\\\/#breadcrumb\"},\"inLanguage\":\"pt-PT\",\"potentialAction\":[{\"@type\":\"ReadAction\",\"target\":[\"https:\\\/\\\/proxipel.ch\\\/pt-pt\\\/inauguracao-da-primeira-unidade-movel-e-completa-de-peletizacao\\\/\"]}]},{\"@type\":\"ImageObject\",\"inLanguage\":\"pt-PT\",\"@id\":\"https:\\\/\\\/proxipel.ch\\\/pt-pt\\\/inauguracao-da-primeira-unidade-movel-e-completa-de-peletizacao\\\/#primaryimage\",\"url\":\"https:\\\/\\\/proxipel.ch\\\/wp-content\\\/uploads\\\/2026\\\/07\\\/Capture-decran-2026-07-15-160616.webp\",\"contentUrl\":\"https:\\\/\\\/proxipel.ch\\\/wp-content\\\/uploads\\\/2026\\\/07\\\/Capture-decran-2026-07-15-160616.webp\"},{\"@type\":\"BreadcrumbList\",\"@id\":\"https:\\\/\\\/proxipel.ch\\\/pt-pt\\\/inauguracao-da-primeira-unidade-movel-e-completa-de-peletizacao\\\/#breadcrumb\",\"itemListElement\":[{\"@type\":\"ListItem\",\"position\":1,\"name\":\"P\u00e1gina inicial\",\"item\":\"https:\\\/\\\/proxipel.ch\\\/pt-pt\\\/\"},{\"@type\":\"ListItem\",\"position\":2,\"name\":\"Inaugura\u00e7\u00e3o da primeira unidade m\u00f3vel e completa de peletiza\u00e7\u00e3o\"}]},{\"@type\":\"WebSite\",\"@id\":\"https:\\\/\\\/proxipel.ch\\\/pt-pt\\\/#website\",\"url\":\"https:\\\/\\\/proxipel.ch\\\/pt-pt\\\/\",\"name\":\"Proxipel\",\"description\":\"La premi\u00e8re unit\u00e9 mobile de pelletisation int\u00e9grale\",\"publisher\":{\"@id\":\"https:\\\/\\\/proxipel.ch\\\/pt-pt\\\/#organization\"},\"potentialAction\":[{\"@type\":\"SearchAction\",\"target\":{\"@type\":\"EntryPoint\",\"urlTemplate\":\"https:\\\/\\\/proxipel.ch\\\/pt-pt\\\/?s={search_term_string}\"},\"query-input\":{\"@type\":\"PropertyValueSpecification\",\"valueRequired\":true,\"valueName\":\"search_term_string\"}}],\"inLanguage\":\"pt-PT\"},{\"@type\":\"Organization\",\"@id\":\"https:\\\/\\\/proxipel.ch\\\/pt-pt\\\/#organization\",\"name\":\"Proxipel\",\"url\":\"https:\\\/\\\/proxipel.ch\\\/pt-pt\\\/\",\"logo\":{\"@type\":\"ImageObject\",\"inLanguage\":\"pt-PT\",\"@id\":\"https:\\\/\\\/proxipel.ch\\\/pt-pt\\\/#\\\/schema\\\/logo\\\/image\\\/\",\"url\":\"https:\\\/\\\/proxipel.ch\\\/wp-content\\\/uploads\\\/2024\\\/04\\\/proxipel.svg\",\"contentUrl\":\"https:\\\/\\\/proxipel.ch\\\/wp-content\\\/uploads\\\/2024\\\/04\\\/proxipel.svg\",\"width\":\"1024\",\"height\":\"1024\",\"caption\":\"Proxipel\"},\"image\":{\"@id\":\"https:\\\/\\\/proxipel.ch\\\/pt-pt\\\/#\\\/schema\\\/logo\\\/image\\\/\"}},{\"@type\":\"Person\",\"@id\":\"https:\\\/\\\/proxipel.ch\\\/pt-pt\\\/#\\\/schema\\\/person\\\/14b4c44ffd52db22ee770bc4b0ce909a\",\"name\":\"Bertrand Bordenave\",\"image\":{\"@type\":\"ImageObject\",\"inLanguage\":\"pt-PT\",\"@id\":\"https:\\\/\\\/secure.gravatar.com\\\/avatar\\\/e17b5e0af21b580beae0180a27aa4d7661a659aea637f7c5133d8954df6b313b?s=96&d=mm&r=g\",\"url\":\"https:\\\/\\\/secure.gravatar.com\\\/avatar\\\/e17b5e0af21b580beae0180a27aa4d7661a659aea637f7c5133d8954df6b313b?s=96&d=mm&r=g\",\"contentUrl\":\"https:\\\/\\\/secure.gravatar.com\\\/avatar\\\/e17b5e0af21b580beae0180a27aa4d7661a659aea637f7c5133d8954df6b313b?s=96&d=mm&r=g\",\"caption\":\"Bertrand Bordenave\"},\"url\":\"https:\\\/\\\/proxipel.ch\\\/pt-pt\\\/author\\\/b-bordenaveproxipel-com\\\/\"}]}<\/script>\n<!-- \/ Yoast SEO plugin. -->","yoast_head_json":{"title":"Inaugura\u00e7\u00e3o da primeira unidade m\u00f3vel e completa de peletiza\u00e7\u00e3o - Proxipel","robots":{"index":"index","follow":"follow","max-snippet":"max-snippet:-1","max-image-preview":"max-image-preview:large","max-video-preview":"max-video-preview:-1"},"canonical":"https:\/\/proxipel.ch\/pt-pt\/inauguracao-da-primeira-unidade-movel-e-completa-de-peletizacao\/","og_locale":"pt_PT","og_type":"article","og_title":"Inaugura\u00e7\u00e3o da primeira unidade m\u00f3vel e completa de peletiza\u00e7\u00e3o - Proxipel","og_description":"ARTIGOS DA IMPRENSA Para leres os artigos, clica no t\u00edtulo La C\u00f4te, 22\/06\/2026, Gimel: A Proxipel revelou a sua f\u00e1brica m\u00f3vel de produ\u00e7\u00e3o de pellets, \u00abuma estreia mundial\u00bb A costa, O programa matinal de 22 de junho de 2026, O meu belo cami\u00e3o, o rei das florestas\u2026 nascido na vinha. PME, 18\/06\/2026, Estreia mundial: inaugurada [&hellip;]","og_url":"https:\/\/proxipel.ch\/pt-pt\/inauguracao-da-primeira-unidade-movel-e-completa-de-peletizacao\/","og_site_name":"Proxipel","article_published_time":"2026-07-17T14:17:55+00:00","article_modified_time":"2026-07-17T14:17:56+00:00","og_image":[{"width":1546,"height":1017,"url":"https:\/\/proxipel.ch\/wp-content\/uploads\/2026\/07\/Capture-decran-2026-07-15-160616.webp","type":"image\/webp"}],"author":"Bertrand Bordenave","twitter_card":"summary_large_image","twitter_misc":{"Escrito por":"Bertrand Bordenave","Tempo estimado de leitura":"1 minuto"},"schema":{"@context":"https:\/\/schema.org","@graph":[{"@type":"Article","@id":"https:\/\/proxipel.ch\/pt-pt\/inauguracao-da-primeira-unidade-movel-e-completa-de-peletizacao\/#article","isPartOf":{"@id":"https:\/\/proxipel.ch\/pt-pt\/inauguracao-da-primeira-unidade-movel-e-completa-de-peletizacao\/"},"author":{"name":"Bertrand Bordenave","@id":"https:\/\/proxipel.ch\/pt-pt\/#\/schema\/person\/14b4c44ffd52db22ee770bc4b0ce909a"},"headline":"Inaugura\u00e7\u00e3o da primeira unidade m\u00f3vel e completa de peletiza\u00e7\u00e3o","datePublished":"2026-07-17T14:17:55+00:00","dateModified":"2026-07-17T14:17:56+00:00","mainEntityOfPage":{"@id":"https:\/\/proxipel.ch\/pt-pt\/inauguracao-da-primeira-unidade-movel-e-completa-de-peletizacao\/"},"wordCount":116,"commentCount":0,"publisher":{"@id":"https:\/\/proxipel.ch\/pt-pt\/#organization"},"image":{"@id":"https:\/\/proxipel.ch\/pt-pt\/inauguracao-da-primeira-unidade-movel-e-completa-de-peletizacao\/#primaryimage"},"thumbnailUrl":"https:\/\/proxipel.ch\/wp-content\/uploads\/2026\/07\/Capture-decran-2026-07-15-160616.webp","articleSection":["Imprensa"],"inLanguage":"pt-PT","potentialAction":[{"@type":"CommentAction","name":"Comment","target":["https:\/\/proxipel.ch\/pt-pt\/inauguracao-da-primeira-unidade-movel-e-completa-de-peletizacao\/#respond"]}]},{"@type":"WebPage","@id":"https:\/\/proxipel.ch\/pt-pt\/inauguracao-da-primeira-unidade-movel-e-completa-de-peletizacao\/","url":"https:\/\/proxipel.ch\/pt-pt\/inauguracao-da-primeira-unidade-movel-e-completa-de-peletizacao\/","name":"Inaugura\u00e7\u00e3o da primeira unidade m\u00f3vel e completa de peletiza\u00e7\u00e3o - Proxipel","isPartOf":{"@id":"https:\/\/proxipel.ch\/pt-pt\/#website"},"primaryImageOfPage":{"@id":"https:\/\/proxipel.ch\/pt-pt\/inauguracao-da-primeira-unidade-movel-e-completa-de-peletizacao\/#primaryimage"},"image":{"@id":"https:\/\/proxipel.ch\/pt-pt\/inauguracao-da-primeira-unidade-movel-e-completa-de-peletizacao\/#primaryimage"},"thumbnailUrl":"https:\/\/proxipel.ch\/wp-content\/uploads\/2026\/07\/Capture-decran-2026-07-15-160616.webp","datePublished":"2026-07-17T14:17:55+00:00","dateModified":"2026-07-17T14:17:56+00:00","breadcrumb":{"@id":"https:\/\/proxipel.ch\/pt-pt\/inauguracao-da-primeira-unidade-movel-e-completa-de-peletizacao\/#breadcrumb"},"inLanguage":"pt-PT","potentialAction":[{"@type":"ReadAction","target":["https:\/\/proxipel.ch\/pt-pt\/inauguracao-da-primeira-unidade-movel-e-completa-de-peletizacao\/"]}]},{"@type":"ImageObject","inLanguage":"pt-PT","@id":"https:\/\/proxipel.ch\/pt-pt\/inauguracao-da-primeira-unidade-movel-e-completa-de-peletizacao\/#primaryimage","url":"https:\/\/proxipel.ch\/wp-content\/uploads\/2026\/07\/Capture-decran-2026-07-15-160616.webp","contentUrl":"https:\/\/proxipel.ch\/wp-content\/uploads\/2026\/07\/Capture-decran-2026-07-15-160616.webp"},{"@type":"BreadcrumbList","@id":"https:\/\/proxipel.ch\/pt-pt\/inauguracao-da-primeira-unidade-movel-e-completa-de-peletizacao\/#breadcrumb","itemListElement":[{"@type":"ListItem","position":1,"name":"P\u00e1gina inicial","item":"https:\/\/proxipel.ch\/pt-pt\/"},{"@type":"ListItem","position":2,"name":"Inaugura\u00e7\u00e3o da primeira unidade m\u00f3vel e completa de peletiza\u00e7\u00e3o"}]},{"@type":"WebSite","@id":"https:\/\/proxipel.ch\/pt-pt\/#website","url":"https:\/\/proxipel.ch\/pt-pt\/","name":"Proxipel","description":"La premi\u00e8re unit\u00e9 mobile de pelletisation int\u00e9grale","publisher":{"@id":"https:\/\/proxipel.ch\/pt-pt\/#organization"},"potentialAction":[{"@type":"SearchAction","target":{"@type":"EntryPoint","urlTemplate":"https:\/\/proxipel.ch\/pt-pt\/?s={search_term_string}"},"query-input":{"@type":"PropertyValueSpecification","valueRequired":true,"valueName":"search_term_string"}}],"inLanguage":"pt-PT"},{"@type":"Organization","@id":"https:\/\/proxipel.ch\/pt-pt\/#organization","name":"Proxipel","url":"https:\/\/proxipel.ch\/pt-pt\/","logo":{"@type":"ImageObject","inLanguage":"pt-PT","@id":"https:\/\/proxipel.ch\/pt-pt\/#\/schema\/logo\/image\/","url":"https:\/\/proxipel.ch\/wp-content\/uploads\/2024\/04\/proxipel.svg","contentUrl":"https:\/\/proxipel.ch\/wp-content\/uploads\/2024\/04\/proxipel.svg","width":"1024","height":"1024","caption":"Proxipel"},"image":{"@id":"https:\/\/proxipel.ch\/pt-pt\/#\/schema\/logo\/image\/"}},{"@type":"Person","@id":"https:\/\/proxipel.ch\/pt-pt\/#\/schema\/person\/14b4c44ffd52db22ee770bc4b0ce909a","name":"Bertrand Bordenave","image":{"@type":"ImageObject","inLanguage":"pt-PT","@id":"https:\/\/secure.gravatar.com\/avatar\/e17b5e0af21b580beae0180a27aa4d7661a659aea637f7c5133d8954df6b313b?s=96&d=mm&r=g","url":"https:\/\/secure.gravatar.com\/avatar\/e17b5e0af21b580beae0180a27aa4d7661a659aea637f7c5133d8954df6b313b?s=96&d=mm&r=g","contentUrl":"https:\/\/secure.gravatar.com\/avatar\/e17b5e0af21b580beae0180a27aa4d7661a659aea637f7c5133d8954df6b313b?s=96&d=mm&r=g","caption":"Bertrand Bordenave"},"url":"https:\/\/proxipel.ch\/pt-pt\/author\/b-bordenaveproxipel-com\/"}]}},"_links":{"self":[{"href":"https:\/\/proxipel.ch\/pt-pt\/wp-json\/wp\/v2\/posts\/4116","targetHints":{"allow":["GET"]}}],"collection":[{"href":"https:\/\/proxipel.ch\/pt-pt\/wp-json\/wp\/v2\/posts"}],"about":[{"href":"https:\/\/proxipel.ch\/pt-pt\/wp-json\/wp\/v2\/types\/post"}],"author":[{"embeddable":true,"href":"https:\/\/proxipel.ch\/pt-pt\/wp-json\/wp\/v2\/users\/6"}],"replies":[{"embeddable":true,"href":"https:\/\/proxipel.ch\/pt-pt\/wp-json\/wp\/v2\/comments?post=4116"}],"version-history":[{"count":1,"href":"https:\/\/proxipel.ch\/pt-pt\/wp-json\/wp\/v2\/posts\/4116\/revisions"}],"predecessor-version":[{"id":4171,"href":"https:\/\/proxipel.ch\/pt-pt\/wp-json\/wp\/v2\/posts\/4116\/revisions\/4171"}],"wp:attachment":[{"href":"https:\/\/proxipel.ch\/pt-pt\/wp-json\/wp\/v2\/media?parent=4116"}],"wp:term":[{"taxonomy":"category","embeddable":true,"href":"https:\/\/proxipel.ch\/pt-pt\/wp-json\/wp\/v2\/categories?post=4116"},{"taxonomy":"post_tag","embeddable":true,"href":"https:\/\/proxipel.ch\/pt-pt\/wp-json\/wp\/v2\/tags?post=4116"}],"curies":[{"name":"wp","href":"https:\/\/api.w.org\/{rel}","templated":true}]}}