{"id":3058,"date":"2025-06-13T10:50:30","date_gmt":"2025-06-13T08:50:30","guid":{"rendered":"https:\/\/proxipel.ch\/abastecimento-de-pellets-na-suica-circuito-curto\/"},"modified":"2026-07-14T18:48:40","modified_gmt":"2026-07-14T16:48:40","slug":"abastecimento-de-pellets-na-suica-circuito-curto","status":"publish","type":"post","link":"https:\/\/proxipel.ch\/pt-pt\/abastecimento-de-pellets-na-suica-circuito-curto\/","title":{"rendered":"Abastecimento de pellets na Su\u00ed\u00e7a \u2013 Circuito curto"},"content":{"rendered":"<h2><strong>Os pellets: um combust\u00edvel sustent\u00e1vel para o<sup>terceiro<\/sup> mil\u00e9nio<\/strong><\/h2>\n<p style=\"text-align: center;\"><img decoding=\"async\" class=\"aligncenter wp-image-715 size-full\" src=\"https:\/\/proxipel.ch\/wp-content\/uploads\/2024\/10\/camion.png\" alt=\"Proxipel, a primeira unidade m\u00f3vel e completa de peletiza\u00e7\u00e3o\" width=\"895\" height=\"457\" srcset=\"https:\/\/proxipel.ch\/wp-content\/uploads\/2024\/10\/camion.png 895w, https:\/\/proxipel.ch\/wp-content\/uploads\/2024\/10\/camion-480x245.png 480w\" sizes=\"(min-width: 0px) and (max-width: 480px) 480px, (min-width: 481px) 895px, 100vw\" \/><\/p>\n<p>Os primeiros pellets de madeira surgiram na Su\u00ed\u00e7a no final dos anos 90. Rapidamente despertaram interesse como complemento \u00e0s lenhas e \u00e0s aparas de madeira. <\/p>\n<p><strong>Duas grandes vantagens em rela\u00e7\u00e3o aos sortidos \u00abcl\u00e1ssicos\u00bb:<\/strong><\/p>\n<ul>\n<li><strong>Uma elevada densidade energ\u00e9tica<\/strong>: cerca de 2\u00d7 a dos troncos e 4\u00d7 a das aparas. Uma lareira que queimava 2\u2019000 l de gas\u00f3leo por ano passa a precisar, com <a href=\"https:\/\/proxipel.ch\/pt-pt\/pellets\/\"><span style=\"text-decoration: underline;\">um sistema de aquecimento a pellets<\/span><\/a>, apenas de cerca de duas vezes mais espa\u00e7o de armazenamento do que antes \u2013 o que, geralmente, \u00e9 vi\u00e1vel. <\/li>\n<li><strong>Uma mat\u00e9ria-prima \u00abque j\u00e1 existe\u00bb:<\/strong> no in\u00edcio, os pellets provinham exclusivamente de res\u00edduos de serra\u00e7\u00f5es e carpintarias (serradura, aparas, lascas). \u00abRes\u00edduos\u00bb que se transformaram numa fonte de energia de qualidade. <\/li>\n<\/ul>\n<p>Como era de esperar, os primeiros sistemas de aquecimento foram instalados sobretudo em moradias unifamiliares. Assim, os pellets deram acesso \u00e0 energia da madeira a um p\u00fablico mais jovem e urbano, menos ligado \u00e0 floresta. <\/p>\n<p><em>Nota<\/em>: na Su\u00ed\u00e7a, os pellets produzidos a partir de madeira de floresta e de biomassa agr\u00edcola continuam a ser raros. Os res\u00edduos da segunda transforma\u00e7\u00e3o (carpintaria, mobili\u00e1rio) n\u00e3o s\u00e3o autorizados, porque j\u00e1 n\u00e3o se encontram no seu estado natural. <\/p>\n<h2><strong>Dois mercados que n\u00e3o comunicam entre si<\/strong><\/h2>\n<p><strong>1998\u20132023<\/strong>:<\/p>\n<ul>\n<li>O n\u00famero de sistemas de aquecimento a pellets (incluindo salamandras) passou de <strong>172<\/strong> para <strong>32 367<\/strong>.<\/li>\n<li>O consumo anual subiu de <strong>850 t<\/strong> para quase <strong>430 000 t<\/strong>, com uma estimativa de <strong>550 000 t at\u00e9 2027<\/strong>.<\/li>\n<\/ul>\n<p>A sua utiliza\u00e7\u00e3o vai muito al\u00e9m das moradias unifamiliares: pr\u00e9dios, urbaniza\u00e7\u00f5es, hot\u00e9is, complexos tur\u00edsticos. A raz\u00e3o: ocupa pouco espa\u00e7o e o abastecimento por insufla\u00e7\u00e3o \u00e9 mais simples do que com lascas de madeira. Esta forte procura levanta a quest\u00e3o da seguran\u00e7a do abastecimento de pellets e de mat\u00e9rias-primas.  <\/p>\n<p><strong>Ordem de grandeza da mat\u00e9ria-prima<\/strong>:<\/p>\n<ul>\n<li>O corte de <strong>1 000<sup>m\u00b3<\/sup><\/strong> de madeira em toro gera cerca de <strong>90 t<\/strong> de serradura\/lascas + <strong>110 t<\/strong> de aparas \u2192 potencial te\u00f3rico de <strong>200 t<\/strong> de pellets.<\/li>\n<li><strong>2007<\/strong>: <strong>2,4 M<sup>m\u00b3<\/sup><\/strong> de madeira serrada \u2192 cerca de <strong>480 000 t<\/strong> de potencial.<\/li>\n<li><strong>2023<\/strong>: <strong>2,0 M<sup>m\u00b3<\/sup><\/strong> de madeira serrada \u2192 cerca de <strong>400 000 t<\/strong> de potencial, ou seja, menos do que o consumo efetivo.<\/li>\n<\/ul>\n<p>Esses volumes continuam a ser te\u00f3ricos: muitas serra\u00e7\u00f5es utilizam os seus pr\u00f3prios res\u00edduos (secagem, redes de aquecimento) ou encaminham-nos para as suas f\u00e1bricas de pellets. A ind\u00fastria de pain\u00e9is de aglomerado tamb\u00e9m tem uma procura elevada. Resultado: as importa\u00e7\u00f5es anuais de pellets t\u00eam-se mantido, h\u00e1 anos, em torno das <strong>100 000 t<\/strong>. J\u00e1 as importa\u00e7\u00f5es de serradura\/lascas para a produ\u00e7\u00e3o de pellets s\u00e3o dif\u00edceis de quantificar.   <\/p>\n<p><strong>Ponto-chave<\/strong>: as serra\u00e7\u00f5es n\u00e3o est\u00e3o a aumentar a produ\u00e7\u00e3o de madeira serrada porque a procura de pellets est\u00e1 a subir. A produ\u00e7\u00e3o de madeira serrada depende sobretudo da conjuntura do setor da constru\u00e7\u00e3o, tanto na Su\u00ed\u00e7a como a n\u00edvel internacional. Os dois mercados est\u00e3o <em>desligados um do outro<\/em>. O que durante muito tempo foi uma vantagem (\u00aba mat\u00e9ria-prima est\u00e1 dispon\u00edvel de qualquer forma\u00bb) torna-se hoje uma limita\u00e7\u00e3o.   <\/p>\n<h3><strong>Novas mat\u00e9rias-primas, novos conceitos<\/strong><\/h3>\n<p>Em <strong>2022<\/strong>, a Su\u00ed\u00e7a e grande parte da Europa temeram que houvesse dificuldades no abastecimento de lenha para energia, sobretudo de pellets. Alguns pa\u00edses chegaram a falar em suspender as exporta\u00e7\u00f5es em caso de crise. A crise acabou por ser evitada, principalmente gra\u00e7as ao inverno ameno.  <\/p>\n<p>Tudo indica, no entanto, que a procura vai continuar a aumentar. Por raz\u00f5es ambientais e de pol\u00edtica energ\u00e9tica, o objetivo n\u00e3o \u00e9 responder apenas com mais importa\u00e7\u00f5es (pellets ou mat\u00e9rias-primas). A regionalidade e a economia circular continuam a ser argumentos decisivos; caso contr\u00e1rio, mais vale importar petr\u00f3leo ou g\u00e1s.  <\/p>\n<p><strong>Constat<\/strong>: os dep\u00f3sitos centralizados de mat\u00e9rias-primas para pellets j\u00e1 est\u00e3o amplamente explorados. O pr\u00f3ximo passo l\u00f3gico \u00e9 analisar os <strong>recursos descentralizados<\/strong> da silvicultura e da agricultura. <\/p>\n<p>Com a<a href=\"https:\/\/proxipel.ch\/pt-pt\/proxiflex\/\"><span style=\"text-decoration: underline;\">instala\u00e7\u00e3o m\u00f3vel de peletiza\u00e7\u00e3o PROXIFLEX<\/span><\/a>, uma solu\u00e7\u00e3o t\u00e9cnica comprovada permite que a produ\u00e7\u00e3o <strong>acompanhe<\/strong> estas fontes descentralizadas. O resultado: <strong>dist\u00e2ncias curtas de transporte<\/strong> e <strong>um excelente balan\u00e7o ecol\u00f3gico<\/strong>. <\/p>\n<p><em>por Andreas Keel, 16.03.2025<\/em><\/p>\n","protected":false},"excerpt":{"rendered":"<p>Os pellets: um combust\u00edvel sustent\u00e1vel para oterceiro mil\u00e9nio Os primeiros pellets de madeira surgiram na Su\u00ed\u00e7a no final dos anos 90. Rapidamente despertaram interesse como complemento \u00e0s lenhas e \u00e0s aparas de madeira. Duas grandes vantagens em rela\u00e7\u00e3o aos sortidos \u00abcl\u00e1ssicos\u00bb: Uma elevada densidade energ\u00e9tica: cerca de 2\u00d7 a dos troncos e 4\u00d7 a das [&hellip;]<\/p>\n","protected":false},"author":6,"featured_media":2971,"comment_status":"open","ping_status":"open","sticky":false,"template":"","format":"standard","meta":{"_et_pb_use_builder":"","_et_pb_old_content":"","_et_gb_content_width":"","inline_featured_image":false,"footnotes":""},"categories":[44],"tags":[],"class_list":["post-3058","post","type-post","status-publish","format-standard","has-post-thumbnail","hentry","category-blog"],"yoast_head":"<!-- This site is optimized with the Yoast SEO plugin v28.4 - https:\/\/yoast.com\/product\/yoast-seo-wordpress\/ -->\n<title>Abastecimento de pellets na Su\u00ed\u00e7a - Circuito curto - Proxipel<\/title>\n<meta name=\"description\" content=\"Produz os teus pellets localmente na Su\u00ed\u00e7a com a Proxipel: reduz os teus custos de abastecimento, valoriza a tua madeira local e garante a seguran\u00e7a do teu abastecimento energ\u00e9tico.\" \/>\n<meta name=\"robots\" content=\"index, follow, max-snippet:-1, max-image-preview:large, max-video-preview:-1\" \/>\n<link rel=\"canonical\" href=\"https:\/\/proxipel.ch\/pt-pt\/abastecimento-de-pellets-na-suica-circuito-curto\/\" \/>\n<meta property=\"og:locale\" content=\"pt_PT\" \/>\n<meta property=\"og:type\" content=\"article\" \/>\n<meta property=\"og:title\" content=\"Abastecimento de pellets na Su\u00ed\u00e7a - Circuito curto - Proxipel\" \/>\n<meta property=\"og:description\" content=\"Produz os teus pellets localmente na Su\u00ed\u00e7a com a Proxipel: reduz os teus custos de abastecimento, valoriza a tua madeira local e garante a seguran\u00e7a do teu abastecimento energ\u00e9tico.\" \/>\n<meta property=\"og:url\" content=\"https:\/\/proxipel.ch\/pt-pt\/abastecimento-de-pellets-na-suica-circuito-curto\/\" \/>\n<meta property=\"og:site_name\" content=\"Proxipel\" \/>\n<meta property=\"article:published_time\" content=\"2025-06-13T08:50:30+00:00\" \/>\n<meta property=\"article:modified_time\" content=\"2026-07-14T16:48:40+00:00\" \/>\n<meta property=\"og:image\" content=\"https:\/\/proxipel.ch\/wp-content\/uploads\/2024\/09\/camion-proxipel.jpg\" \/>\n\t<meta property=\"og:image:width\" content=\"1204\" \/>\n\t<meta property=\"og:image:height\" content=\"554\" \/>\n\t<meta property=\"og:image:type\" content=\"image\/jpeg\" \/>\n<meta name=\"author\" content=\"Bertrand Bordenave\" \/>\n<meta name=\"twitter:card\" content=\"summary_large_image\" \/>\n<meta name=\"twitter:label1\" content=\"Escrito por\" \/>\n\t<meta name=\"twitter:data1\" content=\"Bertrand Bordenave\" \/>\n\t<meta name=\"twitter:label2\" content=\"Tempo estimado de leitura\" \/>\n\t<meta name=\"twitter:data2\" content=\"4 minutos\" \/>\n<script type=\"application\/ld+json\" class=\"yoast-schema-graph\">{\"@context\":\"https:\\\/\\\/schema.org\",\"@graph\":[{\"@type\":\"Article\",\"@id\":\"https:\\\/\\\/proxipel.ch\\\/pt-pt\\\/abastecimento-de-pellets-na-suica-circuito-curto\\\/#article\",\"isPartOf\":{\"@id\":\"https:\\\/\\\/proxipel.ch\\\/pt-pt\\\/abastecimento-de-pellets-na-suica-circuito-curto\\\/\"},\"author\":{\"name\":\"Bertrand Bordenave\",\"@id\":\"https:\\\/\\\/proxipel.ch\\\/pt-pt\\\/#\\\/schema\\\/person\\\/14b4c44ffd52db22ee770bc4b0ce909a\"},\"headline\":\"Abastecimento de pellets na Su\u00ed\u00e7a \u2013 Circuito curto\",\"datePublished\":\"2025-06-13T08:50:30+00:00\",\"dateModified\":\"2026-07-14T16:48:40+00:00\",\"mainEntityOfPage\":{\"@id\":\"https:\\\/\\\/proxipel.ch\\\/pt-pt\\\/abastecimento-de-pellets-na-suica-circuito-curto\\\/\"},\"wordCount\":718,\"commentCount\":0,\"publisher\":{\"@id\":\"https:\\\/\\\/proxipel.ch\\\/pt-pt\\\/#organization\"},\"image\":{\"@id\":\"https:\\\/\\\/proxipel.ch\\\/pt-pt\\\/abastecimento-de-pellets-na-suica-circuito-curto\\\/#primaryimage\"},\"thumbnailUrl\":\"https:\\\/\\\/proxipel.ch\\\/wp-content\\\/uploads\\\/2024\\\/09\\\/camion-proxipel.jpg\",\"articleSection\":[\"Blog\"],\"inLanguage\":\"pt-PT\",\"potentialAction\":[{\"@type\":\"CommentAction\",\"name\":\"Comment\",\"target\":[\"https:\\\/\\\/proxipel.ch\\\/pt-pt\\\/abastecimento-de-pellets-na-suica-circuito-curto\\\/#respond\"]}]},{\"@type\":\"WebPage\",\"@id\":\"https:\\\/\\\/proxipel.ch\\\/pt-pt\\\/abastecimento-de-pellets-na-suica-circuito-curto\\\/\",\"url\":\"https:\\\/\\\/proxipel.ch\\\/pt-pt\\\/abastecimento-de-pellets-na-suica-circuito-curto\\\/\",\"name\":\"Abastecimento de pellets na Su\u00ed\u00e7a - Circuito curto - Proxipel\",\"isPartOf\":{\"@id\":\"https:\\\/\\\/proxipel.ch\\\/pt-pt\\\/#website\"},\"primaryImageOfPage\":{\"@id\":\"https:\\\/\\\/proxipel.ch\\\/pt-pt\\\/abastecimento-de-pellets-na-suica-circuito-curto\\\/#primaryimage\"},\"image\":{\"@id\":\"https:\\\/\\\/proxipel.ch\\\/pt-pt\\\/abastecimento-de-pellets-na-suica-circuito-curto\\\/#primaryimage\"},\"thumbnailUrl\":\"https:\\\/\\\/proxipel.ch\\\/wp-content\\\/uploads\\\/2024\\\/09\\\/camion-proxipel.jpg\",\"datePublished\":\"2025-06-13T08:50:30+00:00\",\"dateModified\":\"2026-07-14T16:48:40+00:00\",\"description\":\"Produz os teus pellets localmente na Su\u00ed\u00e7a com a Proxipel: reduz os teus custos de abastecimento, valoriza a tua madeira local e garante a seguran\u00e7a do teu abastecimento energ\u00e9tico.\",\"breadcrumb\":{\"@id\":\"https:\\\/\\\/proxipel.ch\\\/pt-pt\\\/abastecimento-de-pellets-na-suica-circuito-curto\\\/#breadcrumb\"},\"inLanguage\":\"pt-PT\",\"potentialAction\":[{\"@type\":\"ReadAction\",\"target\":[\"https:\\\/\\\/proxipel.ch\\\/pt-pt\\\/abastecimento-de-pellets-na-suica-circuito-curto\\\/\"]}]},{\"@type\":\"ImageObject\",\"inLanguage\":\"pt-PT\",\"@id\":\"https:\\\/\\\/proxipel.ch\\\/pt-pt\\\/abastecimento-de-pellets-na-suica-circuito-curto\\\/#primaryimage\",\"url\":\"https:\\\/\\\/proxipel.ch\\\/wp-content\\\/uploads\\\/2024\\\/09\\\/camion-proxipel.jpg\",\"contentUrl\":\"https:\\\/\\\/proxipel.ch\\\/wp-content\\\/uploads\\\/2024\\\/09\\\/camion-proxipel.jpg\",\"width\":1204,\"height\":554,\"caption\":\"Unit\u00e9 mobile de granulation Proxipel\"},{\"@type\":\"BreadcrumbList\",\"@id\":\"https:\\\/\\\/proxipel.ch\\\/pt-pt\\\/abastecimento-de-pellets-na-suica-circuito-curto\\\/#breadcrumb\",\"itemListElement\":[{\"@type\":\"ListItem\",\"position\":1,\"name\":\"P\u00e1gina inicial\",\"item\":\"https:\\\/\\\/proxipel.ch\\\/pt-pt\\\/\"},{\"@type\":\"ListItem\",\"position\":2,\"name\":\"Abastecimento de pellets na Su\u00ed\u00e7a \u2013 Circuito curto\"}]},{\"@type\":\"WebSite\",\"@id\":\"https:\\\/\\\/proxipel.ch\\\/pt-pt\\\/#website\",\"url\":\"https:\\\/\\\/proxipel.ch\\\/pt-pt\\\/\",\"name\":\"Proxipel\",\"description\":\"La premi\u00e8re unit\u00e9 mobile de pelletisation int\u00e9grale\",\"publisher\":{\"@id\":\"https:\\\/\\\/proxipel.ch\\\/pt-pt\\\/#organization\"},\"potentialAction\":[{\"@type\":\"SearchAction\",\"target\":{\"@type\":\"EntryPoint\",\"urlTemplate\":\"https:\\\/\\\/proxipel.ch\\\/pt-pt\\\/?s={search_term_string}\"},\"query-input\":{\"@type\":\"PropertyValueSpecification\",\"valueRequired\":true,\"valueName\":\"search_term_string\"}}],\"inLanguage\":\"pt-PT\"},{\"@type\":\"Organization\",\"@id\":\"https:\\\/\\\/proxipel.ch\\\/pt-pt\\\/#organization\",\"name\":\"Proxipel\",\"url\":\"https:\\\/\\\/proxipel.ch\\\/pt-pt\\\/\",\"logo\":{\"@type\":\"ImageObject\",\"inLanguage\":\"pt-PT\",\"@id\":\"https:\\\/\\\/proxipel.ch\\\/pt-pt\\\/#\\\/schema\\\/logo\\\/image\\\/\",\"url\":\"https:\\\/\\\/proxipel.ch\\\/wp-content\\\/uploads\\\/2024\\\/04\\\/proxipel.svg\",\"contentUrl\":\"https:\\\/\\\/proxipel.ch\\\/wp-content\\\/uploads\\\/2024\\\/04\\\/proxipel.svg\",\"width\":\"1024\",\"height\":\"1024\",\"caption\":\"Proxipel\"},\"image\":{\"@id\":\"https:\\\/\\\/proxipel.ch\\\/pt-pt\\\/#\\\/schema\\\/logo\\\/image\\\/\"}},{\"@type\":\"Person\",\"@id\":\"https:\\\/\\\/proxipel.ch\\\/pt-pt\\\/#\\\/schema\\\/person\\\/14b4c44ffd52db22ee770bc4b0ce909a\",\"name\":\"Bertrand Bordenave\",\"image\":{\"@type\":\"ImageObject\",\"inLanguage\":\"pt-PT\",\"@id\":\"https:\\\/\\\/secure.gravatar.com\\\/avatar\\\/e17b5e0af21b580beae0180a27aa4d7661a659aea637f7c5133d8954df6b313b?s=96&d=mm&r=g\",\"url\":\"https:\\\/\\\/secure.gravatar.com\\\/avatar\\\/e17b5e0af21b580beae0180a27aa4d7661a659aea637f7c5133d8954df6b313b?s=96&d=mm&r=g\",\"contentUrl\":\"https:\\\/\\\/secure.gravatar.com\\\/avatar\\\/e17b5e0af21b580beae0180a27aa4d7661a659aea637f7c5133d8954df6b313b?s=96&d=mm&r=g\",\"caption\":\"Bertrand Bordenave\"},\"url\":\"https:\\\/\\\/proxipel.ch\\\/pt-pt\\\/author\\\/b-bordenaveproxipel-com\\\/\"}]}<\/script>\n<!-- \/ Yoast SEO plugin. -->","yoast_head_json":{"title":"Abastecimento de pellets na Su\u00ed\u00e7a - Circuito curto - Proxipel","description":"Produz os teus pellets localmente na Su\u00ed\u00e7a com a Proxipel: reduz os teus custos de abastecimento, valoriza a tua madeira local e garante a seguran\u00e7a do teu abastecimento energ\u00e9tico.","robots":{"index":"index","follow":"follow","max-snippet":"max-snippet:-1","max-image-preview":"max-image-preview:large","max-video-preview":"max-video-preview:-1"},"canonical":"https:\/\/proxipel.ch\/pt-pt\/abastecimento-de-pellets-na-suica-circuito-curto\/","og_locale":"pt_PT","og_type":"article","og_title":"Abastecimento de pellets na Su\u00ed\u00e7a - Circuito curto - Proxipel","og_description":"Produz os teus pellets localmente na Su\u00ed\u00e7a com a Proxipel: reduz os teus custos de abastecimento, valoriza a tua madeira local e garante a seguran\u00e7a do teu abastecimento energ\u00e9tico.","og_url":"https:\/\/proxipel.ch\/pt-pt\/abastecimento-de-pellets-na-suica-circuito-curto\/","og_site_name":"Proxipel","article_published_time":"2025-06-13T08:50:30+00:00","article_modified_time":"2026-07-14T16:48:40+00:00","og_image":[{"width":1204,"height":554,"url":"https:\/\/proxipel.ch\/wp-content\/uploads\/2024\/09\/camion-proxipel.jpg","type":"image\/jpeg"}],"author":"Bertrand Bordenave","twitter_card":"summary_large_image","twitter_misc":{"Escrito por":"Bertrand Bordenave","Tempo estimado de leitura":"4 minutos"},"schema":{"@context":"https:\/\/schema.org","@graph":[{"@type":"Article","@id":"https:\/\/proxipel.ch\/pt-pt\/abastecimento-de-pellets-na-suica-circuito-curto\/#article","isPartOf":{"@id":"https:\/\/proxipel.ch\/pt-pt\/abastecimento-de-pellets-na-suica-circuito-curto\/"},"author":{"name":"Bertrand Bordenave","@id":"https:\/\/proxipel.ch\/pt-pt\/#\/schema\/person\/14b4c44ffd52db22ee770bc4b0ce909a"},"headline":"Abastecimento de pellets na Su\u00ed\u00e7a \u2013 Circuito curto","datePublished":"2025-06-13T08:50:30+00:00","dateModified":"2026-07-14T16:48:40+00:00","mainEntityOfPage":{"@id":"https:\/\/proxipel.ch\/pt-pt\/abastecimento-de-pellets-na-suica-circuito-curto\/"},"wordCount":718,"commentCount":0,"publisher":{"@id":"https:\/\/proxipel.ch\/pt-pt\/#organization"},"image":{"@id":"https:\/\/proxipel.ch\/pt-pt\/abastecimento-de-pellets-na-suica-circuito-curto\/#primaryimage"},"thumbnailUrl":"https:\/\/proxipel.ch\/wp-content\/uploads\/2024\/09\/camion-proxipel.jpg","articleSection":["Blog"],"inLanguage":"pt-PT","potentialAction":[{"@type":"CommentAction","name":"Comment","target":["https:\/\/proxipel.ch\/pt-pt\/abastecimento-de-pellets-na-suica-circuito-curto\/#respond"]}]},{"@type":"WebPage","@id":"https:\/\/proxipel.ch\/pt-pt\/abastecimento-de-pellets-na-suica-circuito-curto\/","url":"https:\/\/proxipel.ch\/pt-pt\/abastecimento-de-pellets-na-suica-circuito-curto\/","name":"Abastecimento de pellets na Su\u00ed\u00e7a - Circuito curto - Proxipel","isPartOf":{"@id":"https:\/\/proxipel.ch\/pt-pt\/#website"},"primaryImageOfPage":{"@id":"https:\/\/proxipel.ch\/pt-pt\/abastecimento-de-pellets-na-suica-circuito-curto\/#primaryimage"},"image":{"@id":"https:\/\/proxipel.ch\/pt-pt\/abastecimento-de-pellets-na-suica-circuito-curto\/#primaryimage"},"thumbnailUrl":"https:\/\/proxipel.ch\/wp-content\/uploads\/2024\/09\/camion-proxipel.jpg","datePublished":"2025-06-13T08:50:30+00:00","dateModified":"2026-07-14T16:48:40+00:00","description":"Produz os teus pellets localmente na Su\u00ed\u00e7a com a Proxipel: reduz os teus custos de abastecimento, valoriza a tua madeira local e garante a seguran\u00e7a do teu abastecimento energ\u00e9tico.","breadcrumb":{"@id":"https:\/\/proxipel.ch\/pt-pt\/abastecimento-de-pellets-na-suica-circuito-curto\/#breadcrumb"},"inLanguage":"pt-PT","potentialAction":[{"@type":"ReadAction","target":["https:\/\/proxipel.ch\/pt-pt\/abastecimento-de-pellets-na-suica-circuito-curto\/"]}]},{"@type":"ImageObject","inLanguage":"pt-PT","@id":"https:\/\/proxipel.ch\/pt-pt\/abastecimento-de-pellets-na-suica-circuito-curto\/#primaryimage","url":"https:\/\/proxipel.ch\/wp-content\/uploads\/2024\/09\/camion-proxipel.jpg","contentUrl":"https:\/\/proxipel.ch\/wp-content\/uploads\/2024\/09\/camion-proxipel.jpg","width":1204,"height":554,"caption":"Unit\u00e9 mobile de granulation Proxipel"},{"@type":"BreadcrumbList","@id":"https:\/\/proxipel.ch\/pt-pt\/abastecimento-de-pellets-na-suica-circuito-curto\/#breadcrumb","itemListElement":[{"@type":"ListItem","position":1,"name":"P\u00e1gina inicial","item":"https:\/\/proxipel.ch\/pt-pt\/"},{"@type":"ListItem","position":2,"name":"Abastecimento de pellets na Su\u00ed\u00e7a \u2013 Circuito curto"}]},{"@type":"WebSite","@id":"https:\/\/proxipel.ch\/pt-pt\/#website","url":"https:\/\/proxipel.ch\/pt-pt\/","name":"Proxipel","description":"La premi\u00e8re unit\u00e9 mobile de pelletisation int\u00e9grale","publisher":{"@id":"https:\/\/proxipel.ch\/pt-pt\/#organization"},"potentialAction":[{"@type":"SearchAction","target":{"@type":"EntryPoint","urlTemplate":"https:\/\/proxipel.ch\/pt-pt\/?s={search_term_string}"},"query-input":{"@type":"PropertyValueSpecification","valueRequired":true,"valueName":"search_term_string"}}],"inLanguage":"pt-PT"},{"@type":"Organization","@id":"https:\/\/proxipel.ch\/pt-pt\/#organization","name":"Proxipel","url":"https:\/\/proxipel.ch\/pt-pt\/","logo":{"@type":"ImageObject","inLanguage":"pt-PT","@id":"https:\/\/proxipel.ch\/pt-pt\/#\/schema\/logo\/image\/","url":"https:\/\/proxipel.ch\/wp-content\/uploads\/2024\/04\/proxipel.svg","contentUrl":"https:\/\/proxipel.ch\/wp-content\/uploads\/2024\/04\/proxipel.svg","width":"1024","height":"1024","caption":"Proxipel"},"image":{"@id":"https:\/\/proxipel.ch\/pt-pt\/#\/schema\/logo\/image\/"}},{"@type":"Person","@id":"https:\/\/proxipel.ch\/pt-pt\/#\/schema\/person\/14b4c44ffd52db22ee770bc4b0ce909a","name":"Bertrand Bordenave","image":{"@type":"ImageObject","inLanguage":"pt-PT","@id":"https:\/\/secure.gravatar.com\/avatar\/e17b5e0af21b580beae0180a27aa4d7661a659aea637f7c5133d8954df6b313b?s=96&d=mm&r=g","url":"https:\/\/secure.gravatar.com\/avatar\/e17b5e0af21b580beae0180a27aa4d7661a659aea637f7c5133d8954df6b313b?s=96&d=mm&r=g","contentUrl":"https:\/\/secure.gravatar.com\/avatar\/e17b5e0af21b580beae0180a27aa4d7661a659aea637f7c5133d8954df6b313b?s=96&d=mm&r=g","caption":"Bertrand Bordenave"},"url":"https:\/\/proxipel.ch\/pt-pt\/author\/b-bordenaveproxipel-com\/"}]}},"_links":{"self":[{"href":"https:\/\/proxipel.ch\/pt-pt\/wp-json\/wp\/v2\/posts\/3058","targetHints":{"allow":["GET"]}}],"collection":[{"href":"https:\/\/proxipel.ch\/pt-pt\/wp-json\/wp\/v2\/posts"}],"about":[{"href":"https:\/\/proxipel.ch\/pt-pt\/wp-json\/wp\/v2\/types\/post"}],"author":[{"embeddable":true,"href":"https:\/\/proxipel.ch\/pt-pt\/wp-json\/wp\/v2\/users\/6"}],"replies":[{"embeddable":true,"href":"https:\/\/proxipel.ch\/pt-pt\/wp-json\/wp\/v2\/comments?post=3058"}],"version-history":[{"count":1,"href":"https:\/\/proxipel.ch\/pt-pt\/wp-json\/wp\/v2\/posts\/3058\/revisions"}],"predecessor-version":[{"id":3061,"href":"https:\/\/proxipel.ch\/pt-pt\/wp-json\/wp\/v2\/posts\/3058\/revisions\/3061"}],"wp:featuredmedia":[{"embeddable":true,"href":"https:\/\/proxipel.ch\/pt-pt\/wp-json\/wp\/v2\/media\/2971"}],"wp:attachment":[{"href":"https:\/\/proxipel.ch\/pt-pt\/wp-json\/wp\/v2\/media?parent=3058"}],"wp:term":[{"taxonomy":"category","embeddable":true,"href":"https:\/\/proxipel.ch\/pt-pt\/wp-json\/wp\/v2\/categories?post=3058"},{"taxonomy":"post_tag","embeddable":true,"href":"https:\/\/proxipel.ch\/pt-pt\/wp-json\/wp\/v2\/tags?post=3058"}],"curies":[{"name":"wp","href":"https:\/\/api.w.org\/{rel}","templated":true}]}}