{"id":3011,"date":"2025-06-13T10:40:59","date_gmt":"2025-06-13T08:40:59","guid":{"rendered":"https:\/\/proxipel.ch\/producao-de-pellets-de-madeira-como-e-que-funciona\/"},"modified":"2026-07-14T18:47:44","modified_gmt":"2026-07-14T16:47:44","slug":"producao-de-pellets-de-madeira-como-e-que-funciona","status":"publish","type":"post","link":"https:\/\/proxipel.ch\/pt-pt\/producao-de-pellets-de-madeira-como-e-que-funciona\/","title":{"rendered":"Produ\u00e7\u00e3o de pellets de madeira: como \u00e9 que funciona?"},"content":{"rendered":"<p>[et_pb_section fb_built=&#8221;1&#8243; admin_label=&#8221;section&#8221; _builder_version=&#8221;4.16&#8243; global_colors_info=&#8221;{}&#8221;][et_pb_row admin_label=&#8221;row&#8221; _builder_version=&#8221;4.16&#8243; background_size=&#8221;initial&#8221; background_position=&#8221;top_left&#8221; background_repeat=&#8221;repeat&#8221; global_colors_info=&#8221;{}&#8221;][et_pb_column type=&#8221;4_4&#8243; _builder_version=&#8221;4.16&#8243; custom_padding=&#8221;|||&#8221; global_colors_info=&#8221;{}&#8221; custom_padding__hover=&#8221;|||&#8221;][et_pb_text admin_label=&#8221;Text&#8221; _builder_version=&#8221;4.16&#8243; background_size=&#8221;initial&#8221; background_position=&#8221;top_left&#8221; background_repeat=&#8221;repeat&#8221; global_colors_info=&#8221;{}&#8221;]<\/p>\n<p>Os pellets de madeira est\u00e3o a ganhar cada vez mais adeptos devido ao seu rendimento energ\u00e9tico e ao seu baixo impacto ambiental. Mas como \u00e9 que estes pequenos cilindros de serradura comprimida s\u00e3o fabricados? Quais s\u00e3o os crit\u00e9rios de qualidade a respeitar? Quais s\u00e3o os desafios para o setor? Neste artigo, vou dar-te um guia completo sobre a produ\u00e7\u00e3o de pellets de madeira, para compreenderes melhor este produto fundamental para a transi\u00e7\u00e3o energ\u00e9tica.      <img decoding=\"async\" class=\"aligncenter wp-image-1386 size-large\" src=\"https:\/\/proxipel.ch\/wp-content\/uploads\/2025\/05\/unite-mobile-Proxipel-1024x637.webp\" alt=\"Unidade m\u00f3vel de granula\u00e7\u00e3o Proxipel\" width=\"1024\" height=\"637\" srcset=\"https:\/\/proxipel.ch\/wp-content\/uploads\/2025\/05\/unite-mobile-Proxipel-980x610.webp 980w, https:\/\/proxipel.ch\/wp-content\/uploads\/2025\/05\/unite-mobile-Proxipel-480x299.webp 480w\" sizes=\"(min-width: 0px) and (max-width: 480px) 480px, (min-width: 481px) and (max-width: 980px) 980px, (min-width: 981px) 1024px, 100vw\" \/><\/p>\n<h2><strong>Perceber o que \u00e9 um granulado de madeira<\/strong><\/h2>\n<p>Um pellet de madeira \u00e9 um <strong>cilindro compactado de serradura ou aparas de madeira<\/strong>, que costuma ter entre 6 e 8 mm de di\u00e2metro e cerca de 10 a 25 mm de comprimento. \u00c9 um combust\u00edvel 100% natural. A sua produ\u00e7\u00e3o baseia-se num princ\u00edpio simples: <strong>concentrar a energia da madeira num formato denso, homog\u00e9neo e f\u00e1cil de transportar,<\/strong> sem adi\u00e7\u00e3o de aglutinantes qu\u00edmicos. Hoje em dia, o pellet \u00e9 utilizado para:   <\/p>\n<ul>\n<li>o aquecimento dom\u00e9stico (salias, caldeiras),<\/li>\n<li>a produ\u00e7\u00e3o de calor em ambientes industriais ou do setor terci\u00e1rio (caldeiras a biomassa e multicombust\u00edveis),<\/li>\n<li>de forma mais pontual, para utiliza\u00e7\u00f5es espec\u00edficas (cama para animais, adubo, churrasco\u2026).<\/li>\n<\/ul>\n<h2><strong>Uma mat\u00e9ria-prima essencial: a serradura seca<\/strong><\/h2>\n<h3>Tudo come\u00e7a com a escolha da mat\u00e9ria-prima.<\/h3>\n<p>Os pellets de madeira s\u00e3o, na maioria das vezes, produzidos a partir de subprodutos da primeira transforma\u00e7\u00e3o da madeira:  <img decoding=\"async\" class=\"size-medium wp-image-1508 alignright\" src=\"https:\/\/proxipel.ch\/wp-content\/uploads\/2025\/06\/Etapes-de-Broyage-du-Bois-300x200.webp\" alt=\"Etapas-da-tritura\u00e7\u00e3o-da-madeira\" width=\"300\" height=\"200\"><\/p>\n<ul>\n<li>serradura (serra\u00e7\u00f5es, planadoras),<\/li>\n<li>lascas ou plaquetas limpas,<\/li>\n<li>Tamb\u00e9m se utilizam, embora em menor medida, toras provenientes dos cortes de desbaste necess\u00e1rios \u00e0 manuten\u00e7\u00e3o das florestas e dos cortes sanit\u00e1rios que permitem eliminar as \u00e1rvores doentes ou mortas.<\/li>\n<li>eventualmente de restos de madeira n\u00e3o tratados.<\/li>\n<li>Dependendo do tipo de mat\u00e9ria-prima, s\u00e3o produzidas diferentes classes de pellets: A1, A2, B. Consulta o artigo <a href=\"https:\/\/proxipel.ch\/pt-pt\/como-escolher-os-pellets-de-madeira-para-aquecimento-proxipel\/\"><span style=\"color: #99cc00;\">\u00abComo escolher os teus pellets\u00bb<\/span><\/a> para mais detalhes.<\/li>\n<\/ul>\n<p>Este ponto \u00e9 fundamental: para garantir um granulado de qualidade, \u00e9 essencial usar madeira virgem, sem tratamento qu\u00edmico, cola nem tinta. Al\u00e9m disso, a mat\u00e9ria-prima tem de ser homog\u00e9nea: <\/p>\n<ul>\n<li>componente principal: madeiras resinosas (pinheiro, abeto, abeto vermelho) \u2192 excelente capacidade de liga\u00e7\u00e3o natural (a lignina).<\/li>\n<li>As \u00e1rvores de folha caduca tamb\u00e9m podem ser utilizadas e isso n\u00e3o altera de forma alguma a qualidade dos pellets.<\/li>\n<li>\u00c0s vezes, \u00e9 preciso adicionar um aditivo natural, o amido de milho, para garantir uma boa coes\u00e3o do granulado.<\/li>\n<li>Por fim, a mat\u00e9ria-prima tem de ser previamente seca. O n\u00edvel de humidade ideal situa-se entre os 8 % e os 12 % antes da granula\u00e7\u00e3o. <\/li>\n<\/ul>\n<h3>Que tipo de material se pode transformar em granulado?<\/h3>\n<p>O processo de granula\u00e7\u00e3o baseia-se sempre nas mesmas etapas principais, que vamos ver em pormenor mais abaixo. Por outro lado, as restri\u00e7\u00f5es variam bastante consoante a fonte a valorizar: res\u00edduos de serra\u00e7\u00e3o, miscanthus, excrementos de aves ou outros res\u00edduos org\u00e2nicos. Descobre os nossos conte\u00fados dedicados para aprofundares o conhecimento sobre cada tipo de biomassa.  <\/p>\n<div style=\"display: flex; gap: 10px; align-items: stretch; width: 100%; flex-wrap: nowrap;\">\n<p>&nbsp;<\/p>\n<div style=\"border: 1px solid #d9d9d9; border-radius: 10px; padding: 14px; background: #f8f8f8; min-height: 190px; box-sizing: border-box; height: 100%;\">\n<h3 style=\"margin: 0 0 8px 0; font-size: 16px; line-height: 1.25;\">Triturar miscanthus<\/h3>\n<p style=\"margin: 0 0 12px 0; font-size: 13px; line-height: 1.45; color: #4a4a4a;\">Uma biomassa alternativa \u00e0 lenha para produ\u00e7\u00e3o de energia, a ser transformada em pellets.<\/p>\n<p><a href=\"https:\/\/proxipel.ch\/pt-pt\/pellets-de-miscanthus-uma-alternativa-sustentavel-a-lenha-para-energia\/\"><span style=\"display: inline-block; background: #A3c85f; color: #fff; padding: 7px 10px; border-radius: 7px; font-size: 12px; font-weight: 600;\">Ler o artigo<\/span><\/a><\/p>\n<\/div>\n<p>&nbsp;<\/p>\n<p>&nbsp;<\/p>\n<div style=\"border: 1px solid #d9d9d9; border-radius: 10px; padding: 14px; background: #f8f8f8; min-height: 190px; box-sizing: border-box; height: 100%;\">\n<h3 style=\"margin: 0 0 8px 0; font-size: 16px; line-height: 1.25;\">Excrementos de aves<\/h3>\n<p style=\"margin: 0 0 12px 0; font-size: 13px; line-height: 1.45; color: #4a4a4a;\">Uma solu\u00e7\u00e3o local para transformar efluentes org\u00e2nicos em gr\u00e2nulos.<\/p>\n<p><a href=\"https:\/\/proxipel.ch\/pt-pt\/pellets-de-excrementos-de-galinha-valorizacao-agricola-local\/\"><span style=\"display: inline-block; background: #A3c85f; color: #fff; padding: 7px 10px; border-radius: 7px; font-size: 12px; font-weight: 600;\">Descobrir o tema<\/span><\/a><\/p>\n<\/div>\n<p>&nbsp;<\/p>\n<p>&nbsp;<\/p>\n<div style=\"border: 1px solid #d9d9d9; border-radius: 10px; padding: 14px; background: #f8f8f8; min-height: 190px; box-sizing: border-box; height: 100%;\">\n<h3 style=\"margin: 0 0 8px 0; font-size: 16px; line-height: 1.25;\">Res\u00edduos org\u00e2nicos<\/h3>\n<p style=\"margin: 0 0 12px 0; font-size: 13px; line-height: 1.45; color: #4a4a4a;\">Perceber como \u00e9 que certos res\u00edduos podem ser transformados em gr\u00e2nulos.<\/p>\n<p><a href=\"https:\/\/proxipel.ch\/pt-pt\/transformar-residuos-organicos-em-fertilizantes-granulados\/\"><span style=\"display: inline-block; background: #A3c85f; color: #fff; padding: 7px 10px; border-radius: 7px; font-size: 12px; font-weight: 600;\">Valoriza\u00e7\u00e3o dos res\u00edduos org\u00e2nicos<\/span><\/a><\/p>\n<\/div>\n<p>&nbsp;<\/p>\n<p>&nbsp;<\/p>\n<div style=\"border: 1px solid #d9d9d9; border-radius: 10px; padding: 14px; background: #f8f8f8; min-height: 190px; box-sizing: border-box; height: 100%;\">\n<h3 style=\"margin: 0 0 8px 0; font-size: 16px; line-height: 1.25;\">Produtos relacionados com serra\u00e7\u00e3o<\/h3>\n<p style=\"margin: 0 0 12px 0; font-size: 13px; line-height: 1.45; color: #4a4a4a;\">Serradura e aparas: uma fonte natural para fabricar pellets.<\/p>\n<p><a href=\"https:\/\/proxipel.ch\/pt-pt\/serracao-transforma-os-teus-residuos-de-serracao-em-pellets-no-proprio-local\/\"><span style=\"display: inline-block; background: #A3c85f; color: #fff; padding: 7px 10px; border-radius: 7px; font-size: 12px; font-weight: 600;\">Ver o caso de utiliza\u00e7\u00e3o<\/span><\/a><\/p>\n<\/div>\n<p>&nbsp;<\/p>\n<\/div>\n<h2><strong>As principais etapas de fabrico<\/strong><\/h2>\n<p>Vamos ver agora as diferentes etapas do processo industrial:<\/p>\n<h3><strong>  A recolha da mat\u00e9ria-prima<\/strong><\/h3>\n<p>A mat\u00e9ria-prima \u00e9 recolhida, como j\u00e1 vimos, em serra\u00e7\u00f5es, f\u00e1bricas de aplainamento, carpintarias ou empresas florestais. \u00c9 importante referir que <a href=\"https:\/\/proxipel.ch\/pt-pt\/\"><span style=\"text-decoration: underline;\"><strong>a Proxipel, com a sua solu\u00e7\u00e3o m\u00f3vel,<\/strong> <\/span><\/a>permite aproximar-se do local de produ\u00e7\u00e3o da mat\u00e9ria-prima para a transformar no pr\u00f3prio local e, assim, reduzir significativamente os transportes<em>.<\/em> <\/p>\n<h3><strong>A tritura\u00e7\u00e3o<\/strong><\/h3>\n<p><img decoding=\"async\" class=\"size-medium wp-image-548 alignleft\" src=\"https:\/\/proxipel.ch\/wp-content\/uploads\/2024\/05\/IMG_3757-225x300.jpg\" alt=\"Moinhos refinadores\" width=\"225\" height=\"300\">  Os materiais s\u00e3o previamente triturados numa ou duas etapas. Os subprodutos da explora\u00e7\u00e3o florestal passam por uma primeira tritura\u00e7\u00e3o grossa, que permite obter lascas com uma granulometria entre 30 e 60 mm. Depois, as lascas e os outros res\u00edduos mais pequenos (serradura, aparas) s\u00e3o colocados num<a href=\"https:\/\/proxipel.ch\/pt-pt\/proxiflex\/\"><span style=\"text-decoration: underline;\"> triturador de refinamento<\/span><\/a> de martelos, que produz fibras de tamanhos uniformes. A Proxipel, com o seu modelo Proxiflex, aceita res\u00edduos de madeira com um tamanho at\u00e9 50 mm numa tremonha situada na parte de tr\u00e1s do reboque e, em seguida, os dois trituradores de refinamento montados em s\u00e9rie e integrados na m\u00e1quina permitem obter a granulometria necess\u00e1ria para a produ\u00e7\u00e3o de pellets.   <\/p>\n<h3><\/h3>\n<h3><\/h3>\n<h3><\/h3>\n<h3><\/h3>\n<h3><strong><\/strong><\/h3>\n<p><strong><\/strong><\/p>\n<h3><strong><\/strong><\/h3>\n<h3><strong><\/strong><\/h3>\n<h3><strong>A secagem<\/strong><\/h3>\n<p><img decoding=\"async\" class=\"size-medium wp-image-678 alignleft\" src=\"https:\/\/proxipel.ch\/wp-content\/uploads\/2024\/09\/sechoir-300x200.jpg\" alt=\"Secador patenteado Proxipel\" width=\"300\" height=\"200\">  O material finamente triturado \u00e9 seco num <span style=\"text-decoration: underline;\"><a href=\"https:\/\/proxipel.ch\/pt-pt\/proxiflex\/\">secador de tambor.<\/a><\/span> Esta etapa, que consome muita energia, \u00e9 muitas vezes neutra em CO2, porque \u00e9 alimentada com outros res\u00edduos da serra\u00e7\u00e3o. Na Proxipel, por exemplo, o secador patenteado integrado ao processo permite aceitar mat\u00e9rias com at\u00e9 50% de humidade, sendo que o queimador \u00e9 alimentado por uma parte dos pellets produzidos (cerca de 10%). <\/p>\n<h3><\/h3>\n<h3><\/h3>\n<p>&nbsp;<\/p>\n<h3><strong><\/strong><\/h3>\n<h3><strong><\/strong><\/h3>\n<h3><strong>Granula\u00e7\u00e3o<\/strong><\/h3>\n<p>O cerne do processo: a mat\u00e9ria seca e calibrada \u00e9 introduzida numa <a href=\"https:\/\/proxipel.ch\/pt-pt\/proxiflex\/\"><span style=\"text-decoration: underline;\"><strong>prensa de pellets<\/strong>.<\/span><\/a> <img decoding=\"async\" class=\"size-medium wp-image-628 alignleft\" src=\"https:\/\/proxipel.ch\/wp-content\/uploads\/2024\/09\/ZellwegerMPE-20240827-L1040542-300x200.jpg\" alt=\"\" width=\"300\" height=\"200\"><\/p>\n<ul>\n<li>\u00c9 comprimida numa matriz cil\u00edndrica com orif\u00edcios de 6 a 12 mm, dependendo do di\u00e2metro do gr\u00e2nulo pretendido. Uma l\u00e2mina corta os gr\u00e2nulos a um comprimento m\u00e1ximo de 4 cm \u00e0 sa\u00edda da matriz. <\/li>\n<li>Sob o efeito da press\u00e3o e do calor (gerado pelo atrito), a lignina natural da madeira derrete ligeiramente, funcionando como cola.<\/li>\n<li>A serradura \u00e9 assim compactada e extrudida na forma de pequenos cilindros de madeira.<\/li>\n<\/ul>\n<div class=\"mceTemp\"><\/div>\n<p><strong>Par\u00e2metros-chave<\/strong> a ter em conta:<\/p>\n<ul>\n<li>temperatura de prensagem (~80 a 120 \u00b0C),<\/li>\n<li>velocidade de rota\u00e7\u00e3o,<\/li>\n<li>qualidade dos cursos,<\/li>\n<li>homogeneidade da alimenta\u00e7\u00e3o.<\/li>\n<\/ul>\n<h3><strong>  Arrefecimento e peneiramento<\/strong><\/h3>\n<p>Os gr\u00e2nulos saem da prensa ainda quentes (70\u00b0) e ligeiramente male\u00e1veis.<\/p>\n<ul>\n<li>Passam por um <strong>refrigerador<\/strong>a ar que os estabiliza mecanicamente. O arrefecimento permite obter uma boa dureza do granulado e conclui a secagem, que atinge ent\u00e3o 5 a 10% de humidade. <\/li>\n<li>Depois, o granulado \u00e9 encaminhado para um peneirador que o separa das part\u00edculas finas (p\u00f3), para ficar apenas com o produto que cumpre os requisitos.<strong style=\"color: #333333; font-size: 22px;\"> <\/strong><\/li>\n<\/ul>\n<h3><strong>Embalagem<\/strong><\/h3>\n<p>Os gr\u00e2nulos s\u00e3o, em seguida:<\/p>\n<ul>\n<li>armazenados a granel (silo), para serem entregues em cami\u00f5es sopradores<\/li>\n<li>ou embalados em sacos (geralmente de 15 kg), principalmente para o mercado de retalho.<\/li>\n<\/ul>\n<p>O <strong>transporte<\/strong> tem de ser feito com cuidado para limitar a produ\u00e7\u00e3o de part\u00edculas finas (&lt;, idealmente 1 %).<\/p>\n<h2><strong>Os crit\u00e9rios de qualidade dos pellets de madeira<\/strong><\/h2>\n<p>Para garantir uma combust\u00e3o ideal e proteger os equipamentos dos utilizadores, existem v\u00e1rias <strong>normas<\/strong> que regulam a qualidade dos pellets. A maioria dos pellets no mercado franc\u00eas (97%) tem as tr\u00eas certifica\u00e7\u00f5es existentes: Dinplus, Enplus e NF Biocombust\u00edveis S\u00f3lidos. Na Europa, a refer\u00eancia \u00e9 a norma ENplus A1. Os principais crit\u00e9rios s\u00e3o:   <\/p>\n<table style=\"width: 100%; border-collapse: collapse; border: 1px solid #e0e0e0; font-family: Arial, sans-serif; font-size: 16px;\">\n<thead>\n<tr style=\"background-color: #f9f9f9;\">\n<th style=\"border: 1px solid #e0e0e0; padding: 10px; text-align: left;\">Crit\u00e9rio<\/th>\n<th style=\"border: 1px solid #e0e0e0; padding: 10px; text-align: left;\">Valor-alvo<\/th>\n<\/tr>\n<\/thead>\n<tbody>\n<tr>\n<td style=\"border: 1px solid #e0e0e0; padding: 10px;\">Humidade<\/td>\n<td style=\"border: 1px solid #e0e0e0; padding: 10px;\">\u2264 10 %<\/td>\n<\/tr>\n<tr>\n<td style=\"border: 1px solid #e0e0e0; padding: 10px;\">Teor de cinzas<\/td>\n<td style=\"border: 1px solid #e0e0e0; padding: 10px;\">\u2264 0,7 %<\/td>\n<\/tr>\n<tr>\n<td style=\"border: 1px solid #e0e0e0; padding: 10px;\">Poder calor\u00edfico (PCI)<\/td>\n<td style=\"border: 1px solid #e0e0e0; padding: 10px;\">\u2265 4,6 kWh\/kg<\/td>\n<\/tr>\n<tr>\n<td style=\"border: 1px solid #e0e0e0; padding: 10px;\">Teor de part\u00edculas finas<\/td>\n<td style=\"border: 1px solid #e0e0e0; padding: 10px;\">\u2264 1 %<\/td>\n<\/tr>\n<tr>\n<td style=\"border: 1px solid #e0e0e0; padding: 10px;\">Resist\u00eancia mec\u00e2nica<\/td>\n<td style=\"border: 1px solid #e0e0e0; padding: 10px;\">\u2265 97,5 %<\/td>\n<\/tr>\n<\/tbody>\n<\/table>\n<p>O cumprimento destes crit\u00e9rios garante:<\/p>\n<ul>\n<li>uma combust\u00e3o limpa (menos fuligem),<\/li>\n<li>um rendimento ideal,<\/li>\n<li>uma maior durabilidade dos fog\u00f5es e das caldeiras.<\/li>\n<\/ul>\n<p>Podem haver outros crit\u00e9rios a ter em conta na escolha dos pellets. D\u00e1 uma vista de olhos no nosso artigo<a href=\"https:\/\/proxipel.ch\/pt-pt\/como-escolher-os-pellets-de-madeira-para-aquecimento-proxipel\/\"><span style=\"color: #99cc00;\"> \u00abComo escolher bem os teus pellets\u00bb<\/span><\/a> <\/p>\n<h2><strong>Desafios ambientais e perspetivas<\/strong><\/h2>\n<p>Os pellets de madeira fazem parte de uma abordagem de<a href=\"https:\/\/proxipel.ch\/pt-pt\/\"><span style=\"text-decoration: underline;\"><strong>economia circular<\/strong>:<\/span><\/a><\/p>\n<ul>\n<li>valoriza\u00e7\u00e3o de subprodutos das serra\u00e7\u00f5es,<\/li>\n<li>produ\u00e7\u00e3o local, cadeias curtas,<\/li>\n<li>substitui\u00e7\u00e3o das energias f\u00f3sseis.<\/li>\n<\/ul>\n<p>No entanto, o setor tem de garantir que:<\/p>\n<ul>\n<li>manter um equil\u00edbrio entre os recursos e a procura,<\/li>\n<li>garantir uma rastreabilidade exemplar,<\/li>\n<li>otimizar o desempenho ambiental das unidades de produ\u00e7\u00e3o (nomeadamente a energia utilizada na secagem).<\/li>\n<\/ul>\n<p>Hoje em dia, a inova\u00e7\u00e3o centra-se em:<\/p>\n<ul>\n<li>o desenvolvimento de pellets a partir de recursos alternativos (madeira de matagais, c\u00e2nhamo, bambu, borras de caf\u00e9),<\/li>\n<li>a integra\u00e7\u00e3o em sistemas energ\u00e9ticos mais abrangentes (redes de aquecimento),<\/li>\n<li>a melhoria do rendimento dos equipamentos (caldeiras de nova gera\u00e7\u00e3o).<\/li>\n<\/ul>\n<h2><strong>Conclus\u00e3o<\/strong><\/h2>\n<p>Produzir pellets de madeira de qualidade \u00e9 um trabalho exigente, que assenta na sele\u00e7\u00e3o rigorosa das mat\u00e9rias-primas, no controlo minucioso do processo industrial e no cumprimento das normas mais rigorosas.<\/p>\n<p data-start=\"460\" data-end=\"775\">Na <strong data-start=\"465\" data-end=\"477\">Proxipel<\/strong>, aplicamos a nossa experi\u00eancia para ajudar os nossos clientes a encontrar solu\u00e7\u00f5es de valoriza\u00e7\u00e3o locais, sustent\u00e1veis e eficientes. Gra\u00e7as \u00e0 nossa tecnologia m\u00f3vel exclusiva, transformamos os res\u00edduos de madeira diretamente no local, reduzindo os custos log\u00edsticos e a pegada de carbono. <\/p>\n<p data-start=\"777\" data-end=\"1059\">Queres saber mais sobre a nossa abordagem? Descobrir como otimizar a valoriza\u00e7\u00e3o dos teus coprodutos florestais, res\u00edduos agr\u00edcolas ou res\u00edduos de serra\u00e7\u00e3o? <br data-start=\"924\" data-end=\"927\"><a href=\"https:\/\/proxipel.ch\/pt-pt\/contacto\/\"><span style=\"text-decoration: underline;\">Entra em contacto hoje mesmo<\/span><\/a> as nossas equipas: teremos todo o prazer em aconselhar-te e em criar contigo solu\u00e7\u00f5es \u00e0 tua medida.<\/p>\n<p>[\/et_pb_text][\/et_pb_column][\/et_pb_row][\/et_pb_section]<\/p>\n","protected":false},"excerpt":{"rendered":"<p>Os pellets de madeira est\u00e3o a ganhar cada vez mais adeptos devido ao seu rendimento energ\u00e9tico e ao seu baixo impacto ambiental. Mas como \u00e9 que estes pequenos cilindros de serradura comprimida s\u00e3o fabricados? Quais s\u00e3o os crit\u00e9rios de qualidade a respeitar? Quais s\u00e3o os desafios para o setor? Neste artigo, vou dar-te um guia [&hellip;]<\/p>\n","protected":false},"author":6,"featured_media":3016,"comment_status":"open","ping_status":"open","sticky":false,"template":"","format":"standard","meta":{"_et_pb_use_builder":"on","_et_pb_old_content":"","_et_gb_content_width":"","inline_featured_image":false,"footnotes":""},"categories":[44],"tags":[],"class_list":["post-3011","post","type-post","status-publish","format-standard","has-post-thumbnail","hentry","category-blog"],"yoast_head":"<!-- This site is optimized with the Yoast SEO plugin v28.3 - https:\/\/yoast.com\/product\/yoast-seo-wordpress\/ -->\n<title>Produ\u00e7\u00e3o de pellets de madeira: como \u00e9 que funciona? - Proxipel<\/title>\n<meta name=\"description\" content=\"Da mat\u00e9ria-prima ao pellet acabado: descobre o processo de fabrico dos pellets de madeira, passo a passo. Secagem, tritura\u00e7\u00e3o e granula\u00e7\u00e3o explicadas.\" \/>\n<meta name=\"robots\" content=\"index, follow, max-snippet:-1, max-image-preview:large, max-video-preview:-1\" \/>\n<link rel=\"canonical\" href=\"https:\/\/proxipel.ch\/pt-pt\/producao-de-pellets-de-madeira-como-e-que-funciona\/\" \/>\n<meta property=\"og:locale\" content=\"pt_PT\" \/>\n<meta property=\"og:type\" content=\"article\" \/>\n<meta property=\"og:title\" content=\"Produ\u00e7\u00e3o de pellets de madeira: como \u00e9 que funciona? - Proxipel\" \/>\n<meta property=\"og:description\" content=\"Da mat\u00e9ria-prima ao pellet acabado: descobre o processo de fabrico dos pellets de madeira, passo a passo. Secagem, tritura\u00e7\u00e3o e granula\u00e7\u00e3o explicadas.\" \/>\n<meta property=\"og:url\" content=\"https:\/\/proxipel.ch\/pt-pt\/producao-de-pellets-de-madeira-como-e-que-funciona\/\" \/>\n<meta property=\"og:site_name\" content=\"Proxipel\" \/>\n<meta property=\"article:published_time\" content=\"2025-06-13T08:40:59+00:00\" \/>\n<meta property=\"article:modified_time\" content=\"2026-07-14T16:47:44+00:00\" \/>\n<meta property=\"og:image\" content=\"https:\/\/proxipel.ch\/wp-content\/uploads\/2025\/05\/unite-mobile-Proxipel-scaled.webp\" \/>\n\t<meta property=\"og:image:width\" content=\"2560\" \/>\n\t<meta property=\"og:image:height\" content=\"1594\" \/>\n\t<meta property=\"og:image:type\" content=\"image\/webp\" \/>\n<meta name=\"author\" content=\"Bertrand Bordenave\" \/>\n<meta name=\"twitter:card\" content=\"summary_large_image\" \/>\n<meta name=\"twitter:label1\" content=\"Escrito por\" \/>\n\t<meta name=\"twitter:data1\" content=\"Bertrand Bordenave\" \/>\n\t<meta name=\"twitter:label2\" content=\"Tempo estimado de leitura\" \/>\n\t<meta name=\"twitter:data2\" content=\"8 minutos\" \/>\n<script type=\"application\/ld+json\" class=\"yoast-schema-graph\">{\"@context\":\"https:\\\/\\\/schema.org\",\"@graph\":[{\"@type\":\"Article\",\"@id\":\"https:\\\/\\\/proxipel.ch\\\/pt-pt\\\/producao-de-pellets-de-madeira-como-e-que-funciona\\\/#article\",\"isPartOf\":{\"@id\":\"https:\\\/\\\/proxipel.ch\\\/pt-pt\\\/producao-de-pellets-de-madeira-como-e-que-funciona\\\/\"},\"author\":{\"name\":\"Bertrand Bordenave\",\"@id\":\"https:\\\/\\\/proxipel.ch\\\/pt-pt\\\/#\\\/schema\\\/person\\\/14b4c44ffd52db22ee770bc4b0ce909a\"},\"headline\":\"Produ\u00e7\u00e3o de pellets de madeira: como \u00e9 que funciona?\",\"datePublished\":\"2025-06-13T08:40:59+00:00\",\"dateModified\":\"2026-07-14T16:47:44+00:00\",\"mainEntityOfPage\":{\"@id\":\"https:\\\/\\\/proxipel.ch\\\/pt-pt\\\/producao-de-pellets-de-madeira-como-e-que-funciona\\\/\"},\"wordCount\":1551,\"commentCount\":0,\"publisher\":{\"@id\":\"https:\\\/\\\/proxipel.ch\\\/pt-pt\\\/#organization\"},\"image\":{\"@id\":\"https:\\\/\\\/proxipel.ch\\\/pt-pt\\\/producao-de-pellets-de-madeira-como-e-que-funciona\\\/#primaryimage\"},\"thumbnailUrl\":\"https:\\\/\\\/proxipel.ch\\\/wp-content\\\/uploads\\\/2025\\\/05\\\/unite-mobile-Proxipel-scaled.webp\",\"articleSection\":[\"Blog\"],\"inLanguage\":\"pt-PT\",\"potentialAction\":[{\"@type\":\"CommentAction\",\"name\":\"Comment\",\"target\":[\"https:\\\/\\\/proxipel.ch\\\/pt-pt\\\/producao-de-pellets-de-madeira-como-e-que-funciona\\\/#respond\"]}]},{\"@type\":\"WebPage\",\"@id\":\"https:\\\/\\\/proxipel.ch\\\/pt-pt\\\/producao-de-pellets-de-madeira-como-e-que-funciona\\\/\",\"url\":\"https:\\\/\\\/proxipel.ch\\\/pt-pt\\\/producao-de-pellets-de-madeira-como-e-que-funciona\\\/\",\"name\":\"Produ\u00e7\u00e3o de pellets de madeira: como \u00e9 que funciona? - Proxipel\",\"isPartOf\":{\"@id\":\"https:\\\/\\\/proxipel.ch\\\/pt-pt\\\/#website\"},\"primaryImageOfPage\":{\"@id\":\"https:\\\/\\\/proxipel.ch\\\/pt-pt\\\/producao-de-pellets-de-madeira-como-e-que-funciona\\\/#primaryimage\"},\"image\":{\"@id\":\"https:\\\/\\\/proxipel.ch\\\/pt-pt\\\/producao-de-pellets-de-madeira-como-e-que-funciona\\\/#primaryimage\"},\"thumbnailUrl\":\"https:\\\/\\\/proxipel.ch\\\/wp-content\\\/uploads\\\/2025\\\/05\\\/unite-mobile-Proxipel-scaled.webp\",\"datePublished\":\"2025-06-13T08:40:59+00:00\",\"dateModified\":\"2026-07-14T16:47:44+00:00\",\"description\":\"Da mat\u00e9ria-prima ao pellet acabado: descobre o processo de fabrico dos pellets de madeira, passo a passo. Secagem, tritura\u00e7\u00e3o e granula\u00e7\u00e3o explicadas.\",\"breadcrumb\":{\"@id\":\"https:\\\/\\\/proxipel.ch\\\/pt-pt\\\/producao-de-pellets-de-madeira-como-e-que-funciona\\\/#breadcrumb\"},\"inLanguage\":\"pt-PT\",\"potentialAction\":[{\"@type\":\"ReadAction\",\"target\":[\"https:\\\/\\\/proxipel.ch\\\/pt-pt\\\/producao-de-pellets-de-madeira-como-e-que-funciona\\\/\"]}]},{\"@type\":\"ImageObject\",\"inLanguage\":\"pt-PT\",\"@id\":\"https:\\\/\\\/proxipel.ch\\\/pt-pt\\\/producao-de-pellets-de-madeira-como-e-que-funciona\\\/#primaryimage\",\"url\":\"https:\\\/\\\/proxipel.ch\\\/wp-content\\\/uploads\\\/2025\\\/05\\\/unite-mobile-Proxipel-scaled.webp\",\"contentUrl\":\"https:\\\/\\\/proxipel.ch\\\/wp-content\\\/uploads\\\/2025\\\/05\\\/unite-mobile-Proxipel-scaled.webp\",\"width\":2560,\"height\":1594,\"caption\":\"Unit\u00e9 mobile de granulation Proxipel\"},{\"@type\":\"BreadcrumbList\",\"@id\":\"https:\\\/\\\/proxipel.ch\\\/pt-pt\\\/producao-de-pellets-de-madeira-como-e-que-funciona\\\/#breadcrumb\",\"itemListElement\":[{\"@type\":\"ListItem\",\"position\":1,\"name\":\"P\u00e1gina inicial\",\"item\":\"https:\\\/\\\/proxipel.ch\\\/pt-pt\\\/\"},{\"@type\":\"ListItem\",\"position\":2,\"name\":\"Produ\u00e7\u00e3o de pellets de madeira: como \u00e9 que funciona?\"}]},{\"@type\":\"WebSite\",\"@id\":\"https:\\\/\\\/proxipel.ch\\\/pt-pt\\\/#website\",\"url\":\"https:\\\/\\\/proxipel.ch\\\/pt-pt\\\/\",\"name\":\"Proxipel\",\"description\":\"La premi\u00e8re unit\u00e9 mobile de pelletisation int\u00e9grale\",\"publisher\":{\"@id\":\"https:\\\/\\\/proxipel.ch\\\/pt-pt\\\/#organization\"},\"potentialAction\":[{\"@type\":\"SearchAction\",\"target\":{\"@type\":\"EntryPoint\",\"urlTemplate\":\"https:\\\/\\\/proxipel.ch\\\/pt-pt\\\/?s={search_term_string}\"},\"query-input\":{\"@type\":\"PropertyValueSpecification\",\"valueRequired\":true,\"valueName\":\"search_term_string\"}}],\"inLanguage\":\"pt-PT\"},{\"@type\":\"Organization\",\"@id\":\"https:\\\/\\\/proxipel.ch\\\/pt-pt\\\/#organization\",\"name\":\"Proxipel\",\"url\":\"https:\\\/\\\/proxipel.ch\\\/pt-pt\\\/\",\"logo\":{\"@type\":\"ImageObject\",\"inLanguage\":\"pt-PT\",\"@id\":\"https:\\\/\\\/proxipel.ch\\\/pt-pt\\\/#\\\/schema\\\/logo\\\/image\\\/\",\"url\":\"https:\\\/\\\/proxipel.ch\\\/wp-content\\\/uploads\\\/2024\\\/04\\\/proxipel.svg\",\"contentUrl\":\"https:\\\/\\\/proxipel.ch\\\/wp-content\\\/uploads\\\/2024\\\/04\\\/proxipel.svg\",\"width\":\"1024\",\"height\":\"1024\",\"caption\":\"Proxipel\"},\"image\":{\"@id\":\"https:\\\/\\\/proxipel.ch\\\/pt-pt\\\/#\\\/schema\\\/logo\\\/image\\\/\"}},{\"@type\":\"Person\",\"@id\":\"https:\\\/\\\/proxipel.ch\\\/pt-pt\\\/#\\\/schema\\\/person\\\/14b4c44ffd52db22ee770bc4b0ce909a\",\"name\":\"Bertrand Bordenave\",\"image\":{\"@type\":\"ImageObject\",\"inLanguage\":\"pt-PT\",\"@id\":\"https:\\\/\\\/secure.gravatar.com\\\/avatar\\\/e17b5e0af21b580beae0180a27aa4d7661a659aea637f7c5133d8954df6b313b?s=96&d=mm&r=g\",\"url\":\"https:\\\/\\\/secure.gravatar.com\\\/avatar\\\/e17b5e0af21b580beae0180a27aa4d7661a659aea637f7c5133d8954df6b313b?s=96&d=mm&r=g\",\"contentUrl\":\"https:\\\/\\\/secure.gravatar.com\\\/avatar\\\/e17b5e0af21b580beae0180a27aa4d7661a659aea637f7c5133d8954df6b313b?s=96&d=mm&r=g\",\"caption\":\"Bertrand Bordenave\"},\"url\":\"https:\\\/\\\/proxipel.ch\\\/pt-pt\\\/author\\\/b-bordenaveproxipel-com\\\/\"}]}<\/script>\n<!-- \/ Yoast SEO plugin. -->","yoast_head_json":{"title":"Produ\u00e7\u00e3o de pellets de madeira: como \u00e9 que funciona? - Proxipel","description":"Da mat\u00e9ria-prima ao pellet acabado: descobre o processo de fabrico dos pellets de madeira, passo a passo. Secagem, tritura\u00e7\u00e3o e granula\u00e7\u00e3o explicadas.","robots":{"index":"index","follow":"follow","max-snippet":"max-snippet:-1","max-image-preview":"max-image-preview:large","max-video-preview":"max-video-preview:-1"},"canonical":"https:\/\/proxipel.ch\/pt-pt\/producao-de-pellets-de-madeira-como-e-que-funciona\/","og_locale":"pt_PT","og_type":"article","og_title":"Produ\u00e7\u00e3o de pellets de madeira: como \u00e9 que funciona? - Proxipel","og_description":"Da mat\u00e9ria-prima ao pellet acabado: descobre o processo de fabrico dos pellets de madeira, passo a passo. Secagem, tritura\u00e7\u00e3o e granula\u00e7\u00e3o explicadas.","og_url":"https:\/\/proxipel.ch\/pt-pt\/producao-de-pellets-de-madeira-como-e-que-funciona\/","og_site_name":"Proxipel","article_published_time":"2025-06-13T08:40:59+00:00","article_modified_time":"2026-07-14T16:47:44+00:00","og_image":[{"width":2560,"height":1594,"url":"https:\/\/proxipel.ch\/wp-content\/uploads\/2025\/05\/unite-mobile-Proxipel-scaled.webp","type":"image\/webp"}],"author":"Bertrand Bordenave","twitter_card":"summary_large_image","twitter_misc":{"Escrito por":"Bertrand Bordenave","Tempo estimado de leitura":"8 minutos"},"schema":{"@context":"https:\/\/schema.org","@graph":[{"@type":"Article","@id":"https:\/\/proxipel.ch\/pt-pt\/producao-de-pellets-de-madeira-como-e-que-funciona\/#article","isPartOf":{"@id":"https:\/\/proxipel.ch\/pt-pt\/producao-de-pellets-de-madeira-como-e-que-funciona\/"},"author":{"name":"Bertrand Bordenave","@id":"https:\/\/proxipel.ch\/pt-pt\/#\/schema\/person\/14b4c44ffd52db22ee770bc4b0ce909a"},"headline":"Produ\u00e7\u00e3o de pellets de madeira: como \u00e9 que funciona?","datePublished":"2025-06-13T08:40:59+00:00","dateModified":"2026-07-14T16:47:44+00:00","mainEntityOfPage":{"@id":"https:\/\/proxipel.ch\/pt-pt\/producao-de-pellets-de-madeira-como-e-que-funciona\/"},"wordCount":1551,"commentCount":0,"publisher":{"@id":"https:\/\/proxipel.ch\/pt-pt\/#organization"},"image":{"@id":"https:\/\/proxipel.ch\/pt-pt\/producao-de-pellets-de-madeira-como-e-que-funciona\/#primaryimage"},"thumbnailUrl":"https:\/\/proxipel.ch\/wp-content\/uploads\/2025\/05\/unite-mobile-Proxipel-scaled.webp","articleSection":["Blog"],"inLanguage":"pt-PT","potentialAction":[{"@type":"CommentAction","name":"Comment","target":["https:\/\/proxipel.ch\/pt-pt\/producao-de-pellets-de-madeira-como-e-que-funciona\/#respond"]}]},{"@type":"WebPage","@id":"https:\/\/proxipel.ch\/pt-pt\/producao-de-pellets-de-madeira-como-e-que-funciona\/","url":"https:\/\/proxipel.ch\/pt-pt\/producao-de-pellets-de-madeira-como-e-que-funciona\/","name":"Produ\u00e7\u00e3o de pellets de madeira: como \u00e9 que funciona? - Proxipel","isPartOf":{"@id":"https:\/\/proxipel.ch\/pt-pt\/#website"},"primaryImageOfPage":{"@id":"https:\/\/proxipel.ch\/pt-pt\/producao-de-pellets-de-madeira-como-e-que-funciona\/#primaryimage"},"image":{"@id":"https:\/\/proxipel.ch\/pt-pt\/producao-de-pellets-de-madeira-como-e-que-funciona\/#primaryimage"},"thumbnailUrl":"https:\/\/proxipel.ch\/wp-content\/uploads\/2025\/05\/unite-mobile-Proxipel-scaled.webp","datePublished":"2025-06-13T08:40:59+00:00","dateModified":"2026-07-14T16:47:44+00:00","description":"Da mat\u00e9ria-prima ao pellet acabado: descobre o processo de fabrico dos pellets de madeira, passo a passo. Secagem, tritura\u00e7\u00e3o e granula\u00e7\u00e3o explicadas.","breadcrumb":{"@id":"https:\/\/proxipel.ch\/pt-pt\/producao-de-pellets-de-madeira-como-e-que-funciona\/#breadcrumb"},"inLanguage":"pt-PT","potentialAction":[{"@type":"ReadAction","target":["https:\/\/proxipel.ch\/pt-pt\/producao-de-pellets-de-madeira-como-e-que-funciona\/"]}]},{"@type":"ImageObject","inLanguage":"pt-PT","@id":"https:\/\/proxipel.ch\/pt-pt\/producao-de-pellets-de-madeira-como-e-que-funciona\/#primaryimage","url":"https:\/\/proxipel.ch\/wp-content\/uploads\/2025\/05\/unite-mobile-Proxipel-scaled.webp","contentUrl":"https:\/\/proxipel.ch\/wp-content\/uploads\/2025\/05\/unite-mobile-Proxipel-scaled.webp","width":2560,"height":1594,"caption":"Unit\u00e9 mobile de granulation Proxipel"},{"@type":"BreadcrumbList","@id":"https:\/\/proxipel.ch\/pt-pt\/producao-de-pellets-de-madeira-como-e-que-funciona\/#breadcrumb","itemListElement":[{"@type":"ListItem","position":1,"name":"P\u00e1gina inicial","item":"https:\/\/proxipel.ch\/pt-pt\/"},{"@type":"ListItem","position":2,"name":"Produ\u00e7\u00e3o de pellets de madeira: como \u00e9 que funciona?"}]},{"@type":"WebSite","@id":"https:\/\/proxipel.ch\/pt-pt\/#website","url":"https:\/\/proxipel.ch\/pt-pt\/","name":"Proxipel","description":"La premi\u00e8re unit\u00e9 mobile de pelletisation int\u00e9grale","publisher":{"@id":"https:\/\/proxipel.ch\/pt-pt\/#organization"},"potentialAction":[{"@type":"SearchAction","target":{"@type":"EntryPoint","urlTemplate":"https:\/\/proxipel.ch\/pt-pt\/?s={search_term_string}"},"query-input":{"@type":"PropertyValueSpecification","valueRequired":true,"valueName":"search_term_string"}}],"inLanguage":"pt-PT"},{"@type":"Organization","@id":"https:\/\/proxipel.ch\/pt-pt\/#organization","name":"Proxipel","url":"https:\/\/proxipel.ch\/pt-pt\/","logo":{"@type":"ImageObject","inLanguage":"pt-PT","@id":"https:\/\/proxipel.ch\/pt-pt\/#\/schema\/logo\/image\/","url":"https:\/\/proxipel.ch\/wp-content\/uploads\/2024\/04\/proxipel.svg","contentUrl":"https:\/\/proxipel.ch\/wp-content\/uploads\/2024\/04\/proxipel.svg","width":"1024","height":"1024","caption":"Proxipel"},"image":{"@id":"https:\/\/proxipel.ch\/pt-pt\/#\/schema\/logo\/image\/"}},{"@type":"Person","@id":"https:\/\/proxipel.ch\/pt-pt\/#\/schema\/person\/14b4c44ffd52db22ee770bc4b0ce909a","name":"Bertrand Bordenave","image":{"@type":"ImageObject","inLanguage":"pt-PT","@id":"https:\/\/secure.gravatar.com\/avatar\/e17b5e0af21b580beae0180a27aa4d7661a659aea637f7c5133d8954df6b313b?s=96&d=mm&r=g","url":"https:\/\/secure.gravatar.com\/avatar\/e17b5e0af21b580beae0180a27aa4d7661a659aea637f7c5133d8954df6b313b?s=96&d=mm&r=g","contentUrl":"https:\/\/secure.gravatar.com\/avatar\/e17b5e0af21b580beae0180a27aa4d7661a659aea637f7c5133d8954df6b313b?s=96&d=mm&r=g","caption":"Bertrand Bordenave"},"url":"https:\/\/proxipel.ch\/pt-pt\/author\/b-bordenaveproxipel-com\/"}]}},"_links":{"self":[{"href":"https:\/\/proxipel.ch\/pt-pt\/wp-json\/wp\/v2\/posts\/3011","targetHints":{"allow":["GET"]}}],"collection":[{"href":"https:\/\/proxipel.ch\/pt-pt\/wp-json\/wp\/v2\/posts"}],"about":[{"href":"https:\/\/proxipel.ch\/pt-pt\/wp-json\/wp\/v2\/types\/post"}],"author":[{"embeddable":true,"href":"https:\/\/proxipel.ch\/pt-pt\/wp-json\/wp\/v2\/users\/6"}],"replies":[{"embeddable":true,"href":"https:\/\/proxipel.ch\/pt-pt\/wp-json\/wp\/v2\/comments?post=3011"}],"version-history":[{"count":4,"href":"https:\/\/proxipel.ch\/pt-pt\/wp-json\/wp\/v2\/posts\/3011\/revisions"}],"predecessor-version":[{"id":4024,"href":"https:\/\/proxipel.ch\/pt-pt\/wp-json\/wp\/v2\/posts\/3011\/revisions\/4024"}],"wp:featuredmedia":[{"embeddable":true,"href":"https:\/\/proxipel.ch\/pt-pt\/wp-json\/wp\/v2\/media\/3016"}],"wp:attachment":[{"href":"https:\/\/proxipel.ch\/pt-pt\/wp-json\/wp\/v2\/media?parent=3011"}],"wp:term":[{"taxonomy":"category","embeddable":true,"href":"https:\/\/proxipel.ch\/pt-pt\/wp-json\/wp\/v2\/categories?post=3011"},{"taxonomy":"post_tag","embeddable":true,"href":"https:\/\/proxipel.ch\/pt-pt\/wp-json\/wp\/v2\/tags?post=3011"}],"curies":[{"name":"wp","href":"https:\/\/api.w.org\/{rel}","templated":true}]}}