{"id":2973,"date":"2025-11-20T17:09:01","date_gmt":"2025-11-20T16:09:01","guid":{"rendered":"https:\/\/proxipel.ch\/falam-da-proxipel-na-revista-les-routiers-suisses\/"},"modified":"2026-07-15T15:12:21","modified_gmt":"2026-07-15T13:12:21","slug":"falam-da-proxipel-na-revista-les-routiers-suisses","status":"publish","type":"post","link":"https:\/\/proxipel.ch\/pt-pt\/falam-da-proxipel-na-revista-les-routiers-suisses\/","title":{"rendered":"Falam da PROXIPEL na revista \u00abLes routiers suisses\u00bb"},"content":{"rendered":"<h2>Esta publica\u00e7\u00e3o na revista <em data-start=\"1072\" data-end=\"1094\">\u00abLes Routiers Suisses\u00bb<\/em> ilustra um desafio fundamental para os setores da energia da madeira:<\/h2>\n<p>Valorizar localmente os res\u00edduos florestais, controlando ao mesmo tempo os custos e a pegada de transporte. A Proxipel apresenta aqui<a href=\"https:\/\/proxipel.ch\/pt-pt\/tecnologia\/\"> a l\u00f3gica da granula\u00e7\u00e3o m\u00f3vel<\/a>: aproximar o equipamento de produ\u00e7\u00e3o da mat\u00e9ria-prima, para transformar no local e abastecer utiliza\u00e7\u00f5es em circuitos curtos. Tens uma fonte de res\u00edduos (lascas, galhos triturados, res\u00edduos lenhosos)? Este artigo \u00e9 um bom ponto de partida para <span style=\"color: #99cc00;\"><a style=\"color: #99cc00;\" href=\"https:\/\/proxipel.ch\/pt-pt\/contacto\/\">pensar em fazer um teste<\/a><\/span> e avaliar o potencial na tua regi\u00e3o.   <\/p>\n<p><img decoding=\"async\" class=\"size-full wp-image-2332\" src=\"https:\/\/proxipel.ch\/wp-content\/uploads\/2025\/11\/article-routiers-suisses-p3.webp\" alt=\"Uma f\u00e1brica de pellets sobre rodas\" width=\"791\" height=\"1121\" srcset=\"https:\/\/proxipel.ch\/wp-content\/uploads\/2025\/11\/article-routiers-suisses-p3.webp 791w, https:\/\/proxipel.ch\/wp-content\/uploads\/2025\/11\/article-routiers-suisses-p3-480x680.webp 480w\" sizes=\"(min-width: 0px) and (max-width: 480px) 480px, (min-width: 481px) 791px, 100vw\" \/><img decoding=\"async\" class=\"alignnone size-full wp-image-2328\" src=\"https:\/\/proxipel.ch\/wp-content\/uploads\/2025\/11\/article-routiers-suisses-p2.webp\" alt=\"Uma f\u00e1brica de pellets sobre rodas\" width=\"792\" height=\"539\" srcset=\"https:\/\/proxipel.ch\/wp-content\/uploads\/2025\/11\/article-routiers-suisses-p2.webp 792w, https:\/\/proxipel.ch\/wp-content\/uploads\/2025\/11\/article-routiers-suisses-p2-480x327.webp 480w\" sizes=\"(min-width: 0px) and (max-width: 480px) 480px, (min-width: 481px) 792px, 100vw\" \/><img decoding=\"async\" class=\"alignnone size-full wp-image-2324\" src=\"https:\/\/proxipel.ch\/wp-content\/uploads\/2025\/11\/article-routier-suisse-p1.webp\" alt=\"uma f\u00e1brica de pellets sobre rodas\" width=\"790\" height=\"1118\" srcset=\"https:\/\/proxipel.ch\/wp-content\/uploads\/2025\/11\/article-routier-suisse-p1.webp 790w, https:\/\/proxipel.ch\/wp-content\/uploads\/2025\/11\/article-routier-suisse-p1-480x679.webp 480w\" sizes=\"(min-width: 0px) and (max-width: 480px) 480px, (min-width: 481px) 790px, 100vw\" \/><\/p>\n<h1>Tamb\u00e9m queres transformar os teus res\u00edduos florestais em pellets? <a href=\"https:\/\/proxipel.ch\/pt-pt\/contacto\/\"><strong><span style=\"color: #99cc00;\">Entra em contacto connosco<\/span><\/strong><\/a> para saberes como funciona.<\/h1>\n","protected":false},"excerpt":{"rendered":"<p>Esta publica\u00e7\u00e3o na revista \u00abLes Routiers Suisses\u00bb ilustra um desafio fundamental para os setores da energia da madeira: Valorizar localmente os res\u00edduos florestais, controlando ao mesmo tempo os custos e a pegada de transporte. A Proxipel apresenta aqui a l\u00f3gica da granula\u00e7\u00e3o m\u00f3vel: aproximar o equipamento de produ\u00e7\u00e3o da mat\u00e9ria-prima, para transformar no local e [&hellip;]<\/p>\n","protected":false},"author":6,"featured_media":2977,"comment_status":"open","ping_status":"open","sticky":false,"template":"","format":"standard","meta":{"_et_pb_use_builder":"","_et_pb_old_content":"","_et_gb_content_width":"","inline_featured_image":false,"footnotes":""},"categories":[50],"tags":[],"class_list":["post-2973","post","type-post","status-publish","format-standard","has-post-thumbnail","hentry","category-imprensa"],"yoast_head":"<!-- This site is optimized with the Yoast SEO plugin v28.4 - https:\/\/yoast.com\/product\/yoast-seo-wordpress\/ -->\n<title>Falam da PROXIPEL na revista \u00abLes routiers suisses\u00bb - Proxipel<\/title>\n<meta name=\"description\" content=\"A unidade m\u00f3vel de granula\u00e7\u00e3o PROXIFLEX em a\u00e7\u00e3o num caminho florestal. Proxipel: a produ\u00e7\u00e3o de pellets o mais perto poss\u00edvel da fonte\" \/>\n<meta name=\"robots\" content=\"index, follow, max-snippet:-1, max-image-preview:large, max-video-preview:-1\" \/>\n<link rel=\"canonical\" href=\"https:\/\/proxipel.ch\/pt-pt\/falam-da-proxipel-na-revista-les-routiers-suisses\/\" \/>\n<meta property=\"og:locale\" content=\"pt_PT\" \/>\n<meta property=\"og:type\" content=\"article\" \/>\n<meta property=\"og:title\" content=\"Falam da PROXIPEL na revista \u00abLes routiers suisses\u00bb - Proxipel\" \/>\n<meta property=\"og:description\" content=\"A unidade m\u00f3vel de granula\u00e7\u00e3o PROXIFLEX em a\u00e7\u00e3o num caminho florestal. Proxipel: a produ\u00e7\u00e3o de pellets o mais perto poss\u00edvel da fonte\" \/>\n<meta property=\"og:url\" content=\"https:\/\/proxipel.ch\/pt-pt\/falam-da-proxipel-na-revista-les-routiers-suisses\/\" \/>\n<meta property=\"og:site_name\" content=\"Proxipel\" \/>\n<meta property=\"article:published_time\" content=\"2025-11-20T16:09:01+00:00\" \/>\n<meta property=\"article:modified_time\" content=\"2026-07-15T13:12:21+00:00\" \/>\n<meta property=\"og:image\" content=\"https:\/\/proxipel.ch\/wp-content\/uploads\/2025\/11\/Photo-les-routiers-suisse.webp\" \/>\n\t<meta property=\"og:image:width\" content=\"785\" \/>\n\t<meta property=\"og:image:height\" content=\"499\" \/>\n\t<meta property=\"og:image:type\" content=\"image\/webp\" \/>\n<meta name=\"author\" content=\"Bertrand Bordenave\" \/>\n<meta name=\"twitter:card\" content=\"summary_large_image\" \/>\n<meta name=\"twitter:label1\" content=\"Escrito por\" \/>\n\t<meta name=\"twitter:data1\" content=\"Bertrand Bordenave\" \/>\n\t<meta name=\"twitter:label2\" content=\"Tempo estimado de leitura\" \/>\n\t<meta name=\"twitter:data2\" content=\"1 minuto\" \/>\n<script type=\"application\/ld+json\" class=\"yoast-schema-graph\">{\"@context\":\"https:\\\/\\\/schema.org\",\"@graph\":[{\"@type\":\"Article\",\"@id\":\"https:\\\/\\\/proxipel.ch\\\/pt-pt\\\/falam-da-proxipel-na-revista-les-routiers-suisses\\\/#article\",\"isPartOf\":{\"@id\":\"https:\\\/\\\/proxipel.ch\\\/pt-pt\\\/falam-da-proxipel-na-revista-les-routiers-suisses\\\/\"},\"author\":{\"name\":\"Bertrand Bordenave\",\"@id\":\"https:\\\/\\\/proxipel.ch\\\/pt-pt\\\/#\\\/schema\\\/person\\\/14b4c44ffd52db22ee770bc4b0ce909a\"},\"headline\":\"Falam da PROXIPEL na revista \u00abLes routiers suisses\u00bb\",\"datePublished\":\"2025-11-20T16:09:01+00:00\",\"dateModified\":\"2026-07-15T13:12:21+00:00\",\"mainEntityOfPage\":{\"@id\":\"https:\\\/\\\/proxipel.ch\\\/pt-pt\\\/falam-da-proxipel-na-revista-les-routiers-suisses\\\/\"},\"wordCount\":128,\"commentCount\":0,\"publisher\":{\"@id\":\"https:\\\/\\\/proxipel.ch\\\/pt-pt\\\/#organization\"},\"image\":{\"@id\":\"https:\\\/\\\/proxipel.ch\\\/pt-pt\\\/falam-da-proxipel-na-revista-les-routiers-suisses\\\/#primaryimage\"},\"thumbnailUrl\":\"https:\\\/\\\/proxipel.ch\\\/wp-content\\\/uploads\\\/2025\\\/11\\\/Photo-les-routiers-suisse.webp\",\"articleSection\":[\"Imprensa\"],\"inLanguage\":\"pt-PT\",\"potentialAction\":[{\"@type\":\"CommentAction\",\"name\":\"Comment\",\"target\":[\"https:\\\/\\\/proxipel.ch\\\/pt-pt\\\/falam-da-proxipel-na-revista-les-routiers-suisses\\\/#respond\"]}]},{\"@type\":\"WebPage\",\"@id\":\"https:\\\/\\\/proxipel.ch\\\/pt-pt\\\/falam-da-proxipel-na-revista-les-routiers-suisses\\\/\",\"url\":\"https:\\\/\\\/proxipel.ch\\\/pt-pt\\\/falam-da-proxipel-na-revista-les-routiers-suisses\\\/\",\"name\":\"Falam da PROXIPEL na revista \u00abLes routiers suisses\u00bb - Proxipel\",\"isPartOf\":{\"@id\":\"https:\\\/\\\/proxipel.ch\\\/pt-pt\\\/#website\"},\"primaryImageOfPage\":{\"@id\":\"https:\\\/\\\/proxipel.ch\\\/pt-pt\\\/falam-da-proxipel-na-revista-les-routiers-suisses\\\/#primaryimage\"},\"image\":{\"@id\":\"https:\\\/\\\/proxipel.ch\\\/pt-pt\\\/falam-da-proxipel-na-revista-les-routiers-suisses\\\/#primaryimage\"},\"thumbnailUrl\":\"https:\\\/\\\/proxipel.ch\\\/wp-content\\\/uploads\\\/2025\\\/11\\\/Photo-les-routiers-suisse.webp\",\"datePublished\":\"2025-11-20T16:09:01+00:00\",\"dateModified\":\"2026-07-15T13:12:21+00:00\",\"description\":\"A unidade m\u00f3vel de granula\u00e7\u00e3o PROXIFLEX em a\u00e7\u00e3o num caminho florestal. Proxipel: a produ\u00e7\u00e3o de pellets o mais perto poss\u00edvel da fonte\",\"breadcrumb\":{\"@id\":\"https:\\\/\\\/proxipel.ch\\\/pt-pt\\\/falam-da-proxipel-na-revista-les-routiers-suisses\\\/#breadcrumb\"},\"inLanguage\":\"pt-PT\",\"potentialAction\":[{\"@type\":\"ReadAction\",\"target\":[\"https:\\\/\\\/proxipel.ch\\\/pt-pt\\\/falam-da-proxipel-na-revista-les-routiers-suisses\\\/\"]}]},{\"@type\":\"ImageObject\",\"inLanguage\":\"pt-PT\",\"@id\":\"https:\\\/\\\/proxipel.ch\\\/pt-pt\\\/falam-da-proxipel-na-revista-les-routiers-suisses\\\/#primaryimage\",\"url\":\"https:\\\/\\\/proxipel.ch\\\/wp-content\\\/uploads\\\/2025\\\/11\\\/Photo-les-routiers-suisse.webp\",\"contentUrl\":\"https:\\\/\\\/proxipel.ch\\\/wp-content\\\/uploads\\\/2025\\\/11\\\/Photo-les-routiers-suisse.webp\",\"width\":785,\"height\":499,\"caption\":\"La fabrique \u00e0 pellets ur roues\"},{\"@type\":\"BreadcrumbList\",\"@id\":\"https:\\\/\\\/proxipel.ch\\\/pt-pt\\\/falam-da-proxipel-na-revista-les-routiers-suisses\\\/#breadcrumb\",\"itemListElement\":[{\"@type\":\"ListItem\",\"position\":1,\"name\":\"P\u00e1gina inicial\",\"item\":\"https:\\\/\\\/proxipel.ch\\\/pt-pt\\\/\"},{\"@type\":\"ListItem\",\"position\":2,\"name\":\"Falam da PROXIPEL na revista \u00abLes routiers suisses\u00bb\"}]},{\"@type\":\"WebSite\",\"@id\":\"https:\\\/\\\/proxipel.ch\\\/pt-pt\\\/#website\",\"url\":\"https:\\\/\\\/proxipel.ch\\\/pt-pt\\\/\",\"name\":\"Proxipel\",\"description\":\"La premi\u00e8re unit\u00e9 mobile de pelletisation int\u00e9grale\",\"publisher\":{\"@id\":\"https:\\\/\\\/proxipel.ch\\\/pt-pt\\\/#organization\"},\"potentialAction\":[{\"@type\":\"SearchAction\",\"target\":{\"@type\":\"EntryPoint\",\"urlTemplate\":\"https:\\\/\\\/proxipel.ch\\\/pt-pt\\\/?s={search_term_string}\"},\"query-input\":{\"@type\":\"PropertyValueSpecification\",\"valueRequired\":true,\"valueName\":\"search_term_string\"}}],\"inLanguage\":\"pt-PT\"},{\"@type\":\"Organization\",\"@id\":\"https:\\\/\\\/proxipel.ch\\\/pt-pt\\\/#organization\",\"name\":\"Proxipel\",\"url\":\"https:\\\/\\\/proxipel.ch\\\/pt-pt\\\/\",\"logo\":{\"@type\":\"ImageObject\",\"inLanguage\":\"pt-PT\",\"@id\":\"https:\\\/\\\/proxipel.ch\\\/pt-pt\\\/#\\\/schema\\\/logo\\\/image\\\/\",\"url\":\"https:\\\/\\\/proxipel.ch\\\/wp-content\\\/uploads\\\/2024\\\/04\\\/proxipel.svg\",\"contentUrl\":\"https:\\\/\\\/proxipel.ch\\\/wp-content\\\/uploads\\\/2024\\\/04\\\/proxipel.svg\",\"width\":\"1024\",\"height\":\"1024\",\"caption\":\"Proxipel\"},\"image\":{\"@id\":\"https:\\\/\\\/proxipel.ch\\\/pt-pt\\\/#\\\/schema\\\/logo\\\/image\\\/\"}},{\"@type\":\"Person\",\"@id\":\"https:\\\/\\\/proxipel.ch\\\/pt-pt\\\/#\\\/schema\\\/person\\\/14b4c44ffd52db22ee770bc4b0ce909a\",\"name\":\"Bertrand Bordenave\",\"image\":{\"@type\":\"ImageObject\",\"inLanguage\":\"pt-PT\",\"@id\":\"https:\\\/\\\/secure.gravatar.com\\\/avatar\\\/e17b5e0af21b580beae0180a27aa4d7661a659aea637f7c5133d8954df6b313b?s=96&d=mm&r=g\",\"url\":\"https:\\\/\\\/secure.gravatar.com\\\/avatar\\\/e17b5e0af21b580beae0180a27aa4d7661a659aea637f7c5133d8954df6b313b?s=96&d=mm&r=g\",\"contentUrl\":\"https:\\\/\\\/secure.gravatar.com\\\/avatar\\\/e17b5e0af21b580beae0180a27aa4d7661a659aea637f7c5133d8954df6b313b?s=96&d=mm&r=g\",\"caption\":\"Bertrand Bordenave\"},\"url\":\"https:\\\/\\\/proxipel.ch\\\/pt-pt\\\/author\\\/b-bordenaveproxipel-com\\\/\"}]}<\/script>\n<!-- \/ Yoast SEO plugin. -->","yoast_head_json":{"title":"Falam da PROXIPEL na revista \u00abLes routiers suisses\u00bb - Proxipel","description":"A unidade m\u00f3vel de granula\u00e7\u00e3o PROXIFLEX em a\u00e7\u00e3o num caminho florestal. Proxipel: a produ\u00e7\u00e3o de pellets o mais perto poss\u00edvel da fonte","robots":{"index":"index","follow":"follow","max-snippet":"max-snippet:-1","max-image-preview":"max-image-preview:large","max-video-preview":"max-video-preview:-1"},"canonical":"https:\/\/proxipel.ch\/pt-pt\/falam-da-proxipel-na-revista-les-routiers-suisses\/","og_locale":"pt_PT","og_type":"article","og_title":"Falam da PROXIPEL na revista \u00abLes routiers suisses\u00bb - Proxipel","og_description":"A unidade m\u00f3vel de granula\u00e7\u00e3o PROXIFLEX em a\u00e7\u00e3o num caminho florestal. Proxipel: a produ\u00e7\u00e3o de pellets o mais perto poss\u00edvel da fonte","og_url":"https:\/\/proxipel.ch\/pt-pt\/falam-da-proxipel-na-revista-les-routiers-suisses\/","og_site_name":"Proxipel","article_published_time":"2025-11-20T16:09:01+00:00","article_modified_time":"2026-07-15T13:12:21+00:00","og_image":[{"width":785,"height":499,"url":"https:\/\/proxipel.ch\/wp-content\/uploads\/2025\/11\/Photo-les-routiers-suisse.webp","type":"image\/webp"}],"author":"Bertrand Bordenave","twitter_card":"summary_large_image","twitter_misc":{"Escrito por":"Bertrand Bordenave","Tempo estimado de leitura":"1 minuto"},"schema":{"@context":"https:\/\/schema.org","@graph":[{"@type":"Article","@id":"https:\/\/proxipel.ch\/pt-pt\/falam-da-proxipel-na-revista-les-routiers-suisses\/#article","isPartOf":{"@id":"https:\/\/proxipel.ch\/pt-pt\/falam-da-proxipel-na-revista-les-routiers-suisses\/"},"author":{"name":"Bertrand Bordenave","@id":"https:\/\/proxipel.ch\/pt-pt\/#\/schema\/person\/14b4c44ffd52db22ee770bc4b0ce909a"},"headline":"Falam da PROXIPEL na revista \u00abLes routiers suisses\u00bb","datePublished":"2025-11-20T16:09:01+00:00","dateModified":"2026-07-15T13:12:21+00:00","mainEntityOfPage":{"@id":"https:\/\/proxipel.ch\/pt-pt\/falam-da-proxipel-na-revista-les-routiers-suisses\/"},"wordCount":128,"commentCount":0,"publisher":{"@id":"https:\/\/proxipel.ch\/pt-pt\/#organization"},"image":{"@id":"https:\/\/proxipel.ch\/pt-pt\/falam-da-proxipel-na-revista-les-routiers-suisses\/#primaryimage"},"thumbnailUrl":"https:\/\/proxipel.ch\/wp-content\/uploads\/2025\/11\/Photo-les-routiers-suisse.webp","articleSection":["Imprensa"],"inLanguage":"pt-PT","potentialAction":[{"@type":"CommentAction","name":"Comment","target":["https:\/\/proxipel.ch\/pt-pt\/falam-da-proxipel-na-revista-les-routiers-suisses\/#respond"]}]},{"@type":"WebPage","@id":"https:\/\/proxipel.ch\/pt-pt\/falam-da-proxipel-na-revista-les-routiers-suisses\/","url":"https:\/\/proxipel.ch\/pt-pt\/falam-da-proxipel-na-revista-les-routiers-suisses\/","name":"Falam da PROXIPEL na revista \u00abLes routiers suisses\u00bb - Proxipel","isPartOf":{"@id":"https:\/\/proxipel.ch\/pt-pt\/#website"},"primaryImageOfPage":{"@id":"https:\/\/proxipel.ch\/pt-pt\/falam-da-proxipel-na-revista-les-routiers-suisses\/#primaryimage"},"image":{"@id":"https:\/\/proxipel.ch\/pt-pt\/falam-da-proxipel-na-revista-les-routiers-suisses\/#primaryimage"},"thumbnailUrl":"https:\/\/proxipel.ch\/wp-content\/uploads\/2025\/11\/Photo-les-routiers-suisse.webp","datePublished":"2025-11-20T16:09:01+00:00","dateModified":"2026-07-15T13:12:21+00:00","description":"A unidade m\u00f3vel de granula\u00e7\u00e3o PROXIFLEX em a\u00e7\u00e3o num caminho florestal. Proxipel: a produ\u00e7\u00e3o de pellets o mais perto poss\u00edvel da fonte","breadcrumb":{"@id":"https:\/\/proxipel.ch\/pt-pt\/falam-da-proxipel-na-revista-les-routiers-suisses\/#breadcrumb"},"inLanguage":"pt-PT","potentialAction":[{"@type":"ReadAction","target":["https:\/\/proxipel.ch\/pt-pt\/falam-da-proxipel-na-revista-les-routiers-suisses\/"]}]},{"@type":"ImageObject","inLanguage":"pt-PT","@id":"https:\/\/proxipel.ch\/pt-pt\/falam-da-proxipel-na-revista-les-routiers-suisses\/#primaryimage","url":"https:\/\/proxipel.ch\/wp-content\/uploads\/2025\/11\/Photo-les-routiers-suisse.webp","contentUrl":"https:\/\/proxipel.ch\/wp-content\/uploads\/2025\/11\/Photo-les-routiers-suisse.webp","width":785,"height":499,"caption":"La fabrique \u00e0 pellets ur roues"},{"@type":"BreadcrumbList","@id":"https:\/\/proxipel.ch\/pt-pt\/falam-da-proxipel-na-revista-les-routiers-suisses\/#breadcrumb","itemListElement":[{"@type":"ListItem","position":1,"name":"P\u00e1gina inicial","item":"https:\/\/proxipel.ch\/pt-pt\/"},{"@type":"ListItem","position":2,"name":"Falam da PROXIPEL na revista \u00abLes routiers suisses\u00bb"}]},{"@type":"WebSite","@id":"https:\/\/proxipel.ch\/pt-pt\/#website","url":"https:\/\/proxipel.ch\/pt-pt\/","name":"Proxipel","description":"La premi\u00e8re unit\u00e9 mobile de pelletisation int\u00e9grale","publisher":{"@id":"https:\/\/proxipel.ch\/pt-pt\/#organization"},"potentialAction":[{"@type":"SearchAction","target":{"@type":"EntryPoint","urlTemplate":"https:\/\/proxipel.ch\/pt-pt\/?s={search_term_string}"},"query-input":{"@type":"PropertyValueSpecification","valueRequired":true,"valueName":"search_term_string"}}],"inLanguage":"pt-PT"},{"@type":"Organization","@id":"https:\/\/proxipel.ch\/pt-pt\/#organization","name":"Proxipel","url":"https:\/\/proxipel.ch\/pt-pt\/","logo":{"@type":"ImageObject","inLanguage":"pt-PT","@id":"https:\/\/proxipel.ch\/pt-pt\/#\/schema\/logo\/image\/","url":"https:\/\/proxipel.ch\/wp-content\/uploads\/2024\/04\/proxipel.svg","contentUrl":"https:\/\/proxipel.ch\/wp-content\/uploads\/2024\/04\/proxipel.svg","width":"1024","height":"1024","caption":"Proxipel"},"image":{"@id":"https:\/\/proxipel.ch\/pt-pt\/#\/schema\/logo\/image\/"}},{"@type":"Person","@id":"https:\/\/proxipel.ch\/pt-pt\/#\/schema\/person\/14b4c44ffd52db22ee770bc4b0ce909a","name":"Bertrand Bordenave","image":{"@type":"ImageObject","inLanguage":"pt-PT","@id":"https:\/\/secure.gravatar.com\/avatar\/e17b5e0af21b580beae0180a27aa4d7661a659aea637f7c5133d8954df6b313b?s=96&d=mm&r=g","url":"https:\/\/secure.gravatar.com\/avatar\/e17b5e0af21b580beae0180a27aa4d7661a659aea637f7c5133d8954df6b313b?s=96&d=mm&r=g","contentUrl":"https:\/\/secure.gravatar.com\/avatar\/e17b5e0af21b580beae0180a27aa4d7661a659aea637f7c5133d8954df6b313b?s=96&d=mm&r=g","caption":"Bertrand Bordenave"},"url":"https:\/\/proxipel.ch\/pt-pt\/author\/b-bordenaveproxipel-com\/"}]}},"_links":{"self":[{"href":"https:\/\/proxipel.ch\/pt-pt\/wp-json\/wp\/v2\/posts\/2973","targetHints":{"allow":["GET"]}}],"collection":[{"href":"https:\/\/proxipel.ch\/pt-pt\/wp-json\/wp\/v2\/posts"}],"about":[{"href":"https:\/\/proxipel.ch\/pt-pt\/wp-json\/wp\/v2\/types\/post"}],"author":[{"embeddable":true,"href":"https:\/\/proxipel.ch\/pt-pt\/wp-json\/wp\/v2\/users\/6"}],"replies":[{"embeddable":true,"href":"https:\/\/proxipel.ch\/pt-pt\/wp-json\/wp\/v2\/comments?post=2973"}],"version-history":[{"count":1,"href":"https:\/\/proxipel.ch\/pt-pt\/wp-json\/wp\/v2\/posts\/2973\/revisions"}],"predecessor-version":[{"id":2978,"href":"https:\/\/proxipel.ch\/pt-pt\/wp-json\/wp\/v2\/posts\/2973\/revisions\/2978"}],"wp:featuredmedia":[{"embeddable":true,"href":"https:\/\/proxipel.ch\/pt-pt\/wp-json\/wp\/v2\/media\/2977"}],"wp:attachment":[{"href":"https:\/\/proxipel.ch\/pt-pt\/wp-json\/wp\/v2\/media?parent=2973"}],"wp:term":[{"taxonomy":"category","embeddable":true,"href":"https:\/\/proxipel.ch\/pt-pt\/wp-json\/wp\/v2\/categories?post=2973"},{"taxonomy":"post_tag","embeddable":true,"href":"https:\/\/proxipel.ch\/pt-pt\/wp-json\/wp\/v2\/tags?post=2973"}],"curies":[{"name":"wp","href":"https:\/\/api.w.org\/{rel}","templated":true}]}}