{"id":2966,"date":"2026-01-14T16:15:27","date_gmt":"2026-01-14T15:15:27","guid":{"rendered":"https:\/\/proxipel.ch\/tira-partido-da-tua-reserva-de-madeira-a-solucao-da-proxipel-para-produzir-pellets-locais\/"},"modified":"2026-07-15T15:13:27","modified_gmt":"2026-07-15T13:13:27","slug":"tira-partido-da-tua-reserva-de-madeira-a-solucao-da-proxipel-para-produzir-pellets-locais","status":"publish","type":"post","link":"https:\/\/proxipel.ch\/pt-pt\/tira-partido-da-tua-reserva-de-madeira-a-solucao-da-proxipel-para-produzir-pellets-locais\/","title":{"rendered":"Tira partido da tua reserva de madeira: a solu\u00e7\u00e3o da Proxipel para produzir pellets locais"},"content":{"rendered":"<h2>Ciclos curtos, origem controlada, pre\u00e7os mais est\u00e1veis: a abordagem destacada pela <em data-start=\"195\" data-end=\"201\">Agri Hebdo<\/em><\/h2>\n<p><a href=\"https:\/\/www.agrihebdo.ch\/\"><em data-start=\"248\" data-end=\"254\">Agri Hebdo <\/em><\/a>na sua rubrica \u00abEnergias renov\u00e1veis\u00bb apresenta um modelo concreto de cadeia de abastecimento curta: os res\u00edduos s\u00e3o reunidos em locais identificados e, em seguida,<a href=\"https:\/\/proxipel.ch\/pt-pt\/proxiflex\/\">a unidade m\u00f3vel Proxipel<\/a> desloca-se para produzir pellets o mais perto poss\u00edvel da fonte.<br data-start=\"457\" data-end=\"461\"\/>Para al\u00e9m do impacto do transporte, o artigo destaca um ponto-chave para os compradores: a proveni\u00eancia, a abordagem ecol\u00f3gica e a procura de estabilidade de pre\u00e7os a longo prazo.<\/p>\n<p><strong data-start=\"633\" data-end=\"663\">L\u00ea o artigo abaixo<\/strong> para perceberes como <a href=\"https:\/\/proxipel.ch\/pt-pt\/tecnologia\/\">a granula\u00e7\u00e3o m\u00f3vel<\/a> se pode integrar na tua organiza\u00e7\u00e3o e transformar um jazigo subvalorizado num recurso energ\u00e9tico local.<\/p>\n<p><img decoding=\"async\" class=\"alignnone wp-image-2370\" src=\"https:\/\/proxipel.ch\/wp-content\/uploads\/2026\/01\/article-Agri-Hebdo-1.jpg\" alt=\"\" width=\"1598\" height=\"1218\" srcset=\"https:\/\/proxipel.ch\/wp-content\/uploads\/2026\/01\/article-Agri-Hebdo-1.jpg 1598w, https:\/\/proxipel.ch\/wp-content\/uploads\/2026\/01\/article-Agri-Hebdo-1-980x747.jpg 980w, https:\/\/proxipel.ch\/wp-content\/uploads\/2026\/01\/article-Agri-Hebdo-1-480x366.jpg 480w\" sizes=\"(min-width: 0px) and (max-width: 480px) 480px, (min-width: 481px) and (max-width: 980px) 980px, (min-width: 981px) 1598px, 100vw\" \/> <img decoding=\"async\" class=\"alignnone wp-image-2374\" src=\"https:\/\/proxipel.ch\/wp-content\/uploads\/2026\/01\/article-agri-hebdo-2.jpg\" alt=\"\" width=\"1529\" height=\"1077\" srcset=\"https:\/\/proxipel.ch\/wp-content\/uploads\/2026\/01\/article-agri-hebdo-2.jpg 1529w, https:\/\/proxipel.ch\/wp-content\/uploads\/2026\/01\/article-agri-hebdo-2-980x690.jpg 980w, https:\/\/proxipel.ch\/wp-content\/uploads\/2026\/01\/article-agri-hebdo-2-480x338.jpg 480w\" sizes=\"(min-width: 0px) and (max-width: 480px) 480px, (min-width: 481px) and (max-width: 980px) 980px, (min-width: 981px) 1529px, 100vw\" \/><\/p>\n<p>Tens um dep\u00f3sito (lascas, aparas, res\u00edduos de corte) e queres avaliar o seu potencial? <strong><a href=\"https:\/\/proxipel.ch\/pt-pt\/contacto\/\"><span style=\"color: #99cc00;\">Contacta-nos<\/span><\/a> para marcarmos uma conversa ou uma demonstra\u00e7\u00e3o.<\/strong><\/p>\n","protected":false},"excerpt":{"rendered":"<p>Ciclos curtos, origem controlada, pre\u00e7os mais est\u00e1veis: a abordagem destacada pela Agri Hebdo Agri Hebdo na sua rubrica \u00abEnergias renov\u00e1veis\u00bb apresenta um modelo concreto de cadeia de abastecimento curta: os res\u00edduos s\u00e3o reunidos em locais identificados e, em seguida,a unidade m\u00f3vel Proxipel desloca-se para produzir pellets o mais perto poss\u00edvel da fonte.Para al\u00e9m do impacto [&hellip;]<\/p>\n","protected":false},"author":6,"featured_media":2967,"comment_status":"open","ping_status":"open","sticky":false,"template":"","format":"standard","meta":{"_et_pb_use_builder":"","_et_pb_old_content":"","_et_gb_content_width":"","inline_featured_image":false,"footnotes":""},"categories":[50],"tags":[],"class_list":["post-2966","post","type-post","status-publish","format-standard","has-post-thumbnail","hentry","category-imprensa"],"yoast_head":"<!-- This site is optimized with the Yoast SEO plugin v28.3 - https:\/\/yoast.com\/product\/yoast-seo-wordpress\/ -->\n<title>Tira partido da tua reserva de madeira: a solu\u00e7\u00e3o da Proxipel para produzir pellets locais - Proxipel<\/title>\n<meta name=\"description\" content=\"Descobre como a Proxipel valoriza os res\u00edduos florestais transformando-os em pellets locais atrav\u00e9s da granula\u00e7\u00e3o m\u00f3vel. L\u00ea o artigo da Agri Hebdo.\" \/>\n<meta name=\"robots\" content=\"index, follow, max-snippet:-1, max-image-preview:large, max-video-preview:-1\" \/>\n<link rel=\"canonical\" href=\"https:\/\/proxipel.ch\/pt-pt\/tira-partido-da-tua-reserva-de-madeira-a-solucao-da-proxipel-para-produzir-pellets-locais\/\" \/>\n<meta property=\"og:locale\" content=\"pt_PT\" \/>\n<meta property=\"og:type\" content=\"article\" \/>\n<meta property=\"og:title\" content=\"Tira partido da tua reserva de madeira: a solu\u00e7\u00e3o da Proxipel para produzir pellets locais - Proxipel\" \/>\n<meta property=\"og:description\" content=\"Descobre como a Proxipel valoriza os res\u00edduos florestais transformando-os em pellets locais atrav\u00e9s da granula\u00e7\u00e3o m\u00f3vel. L\u00ea o artigo da Agri Hebdo.\" \/>\n<meta property=\"og:url\" content=\"https:\/\/proxipel.ch\/pt-pt\/tira-partido-da-tua-reserva-de-madeira-a-solucao-da-proxipel-para-produzir-pellets-locais\/\" \/>\n<meta property=\"og:site_name\" content=\"Proxipel\" \/>\n<meta property=\"article:published_time\" content=\"2026-01-14T15:15:27+00:00\" \/>\n<meta property=\"article:modified_time\" content=\"2026-07-15T13:13:27+00:00\" \/>\n<meta property=\"og:image\" content=\"https:\/\/proxipel.ch\/wp-content\/uploads\/2026\/01\/article-Agri-Hebdo-1.jpg\" \/>\n\t<meta property=\"og:image:width\" content=\"1205\" \/>\n\t<meta property=\"og:image:height\" content=\"918\" \/>\n\t<meta property=\"og:image:type\" content=\"image\/jpeg\" \/>\n<meta name=\"author\" content=\"Bertrand Bordenave\" \/>\n<meta name=\"twitter:card\" content=\"summary_large_image\" \/>\n<meta name=\"twitter:label1\" content=\"Escrito por\" \/>\n\t<meta name=\"twitter:data1\" content=\"Bertrand Bordenave\" \/>\n\t<meta name=\"twitter:label2\" content=\"Tempo estimado de leitura\" \/>\n\t<meta name=\"twitter:data2\" content=\"1 minuto\" \/>\n<script type=\"application\/ld+json\" class=\"yoast-schema-graph\">{\"@context\":\"https:\\\/\\\/schema.org\",\"@graph\":[{\"@type\":\"Article\",\"@id\":\"https:\\\/\\\/proxipel.ch\\\/pt-pt\\\/tira-partido-da-tua-reserva-de-madeira-a-solucao-da-proxipel-para-produzir-pellets-locais\\\/#article\",\"isPartOf\":{\"@id\":\"https:\\\/\\\/proxipel.ch\\\/pt-pt\\\/tira-partido-da-tua-reserva-de-madeira-a-solucao-da-proxipel-para-produzir-pellets-locais\\\/\"},\"author\":{\"name\":\"Bertrand Bordenave\",\"@id\":\"https:\\\/\\\/proxipel.ch\\\/pt-pt\\\/#\\\/schema\\\/person\\\/14b4c44ffd52db22ee770bc4b0ce909a\"},\"headline\":\"Tira partido da tua reserva de madeira: a solu\u00e7\u00e3o da Proxipel para produzir pellets locais\",\"datePublished\":\"2026-01-14T15:15:27+00:00\",\"dateModified\":\"2026-07-15T13:13:27+00:00\",\"mainEntityOfPage\":{\"@id\":\"https:\\\/\\\/proxipel.ch\\\/pt-pt\\\/tira-partido-da-tua-reserva-de-madeira-a-solucao-da-proxipel-para-produzir-pellets-locais\\\/\"},\"wordCount\":163,\"commentCount\":0,\"publisher\":{\"@id\":\"https:\\\/\\\/proxipel.ch\\\/pt-pt\\\/#organization\"},\"image\":{\"@id\":\"https:\\\/\\\/proxipel.ch\\\/pt-pt\\\/tira-partido-da-tua-reserva-de-madeira-a-solucao-da-proxipel-para-produzir-pellets-locais\\\/#primaryimage\"},\"thumbnailUrl\":\"https:\\\/\\\/proxipel.ch\\\/wp-content\\\/uploads\\\/2026\\\/01\\\/article-Agri-Hebdo-1.jpg\",\"articleSection\":[\"Imprensa\"],\"inLanguage\":\"pt-PT\",\"potentialAction\":[{\"@type\":\"CommentAction\",\"name\":\"Comment\",\"target\":[\"https:\\\/\\\/proxipel.ch\\\/pt-pt\\\/tira-partido-da-tua-reserva-de-madeira-a-solucao-da-proxipel-para-produzir-pellets-locais\\\/#respond\"]}]},{\"@type\":\"WebPage\",\"@id\":\"https:\\\/\\\/proxipel.ch\\\/pt-pt\\\/tira-partido-da-tua-reserva-de-madeira-a-solucao-da-proxipel-para-produzir-pellets-locais\\\/\",\"url\":\"https:\\\/\\\/proxipel.ch\\\/pt-pt\\\/tira-partido-da-tua-reserva-de-madeira-a-solucao-da-proxipel-para-produzir-pellets-locais\\\/\",\"name\":\"Tira partido da tua reserva de madeira: a solu\u00e7\u00e3o da Proxipel para produzir pellets locais - Proxipel\",\"isPartOf\":{\"@id\":\"https:\\\/\\\/proxipel.ch\\\/pt-pt\\\/#website\"},\"primaryImageOfPage\":{\"@id\":\"https:\\\/\\\/proxipel.ch\\\/pt-pt\\\/tira-partido-da-tua-reserva-de-madeira-a-solucao-da-proxipel-para-produzir-pellets-locais\\\/#primaryimage\"},\"image\":{\"@id\":\"https:\\\/\\\/proxipel.ch\\\/pt-pt\\\/tira-partido-da-tua-reserva-de-madeira-a-solucao-da-proxipel-para-produzir-pellets-locais\\\/#primaryimage\"},\"thumbnailUrl\":\"https:\\\/\\\/proxipel.ch\\\/wp-content\\\/uploads\\\/2026\\\/01\\\/article-Agri-Hebdo-1.jpg\",\"datePublished\":\"2026-01-14T15:15:27+00:00\",\"dateModified\":\"2026-07-15T13:13:27+00:00\",\"description\":\"Descobre como a Proxipel valoriza os res\u00edduos florestais transformando-os em pellets locais atrav\u00e9s da granula\u00e7\u00e3o m\u00f3vel. L\u00ea o artigo da Agri Hebdo.\",\"breadcrumb\":{\"@id\":\"https:\\\/\\\/proxipel.ch\\\/pt-pt\\\/tira-partido-da-tua-reserva-de-madeira-a-solucao-da-proxipel-para-produzir-pellets-locais\\\/#breadcrumb\"},\"inLanguage\":\"pt-PT\",\"potentialAction\":[{\"@type\":\"ReadAction\",\"target\":[\"https:\\\/\\\/proxipel.ch\\\/pt-pt\\\/tira-partido-da-tua-reserva-de-madeira-a-solucao-da-proxipel-para-produzir-pellets-locais\\\/\"]}]},{\"@type\":\"ImageObject\",\"inLanguage\":\"pt-PT\",\"@id\":\"https:\\\/\\\/proxipel.ch\\\/pt-pt\\\/tira-partido-da-tua-reserva-de-madeira-a-solucao-da-proxipel-para-produzir-pellets-locais\\\/#primaryimage\",\"url\":\"https:\\\/\\\/proxipel.ch\\\/wp-content\\\/uploads\\\/2026\\\/01\\\/article-Agri-Hebdo-1.jpg\",\"contentUrl\":\"https:\\\/\\\/proxipel.ch\\\/wp-content\\\/uploads\\\/2026\\\/01\\\/article-Agri-Hebdo-1.jpg\",\"width\":1205,\"height\":918,\"caption\":\"Valorisez votre gisement bois : la solution Proxipel pour produire des pellets locaux\"},{\"@type\":\"BreadcrumbList\",\"@id\":\"https:\\\/\\\/proxipel.ch\\\/pt-pt\\\/tira-partido-da-tua-reserva-de-madeira-a-solucao-da-proxipel-para-produzir-pellets-locais\\\/#breadcrumb\",\"itemListElement\":[{\"@type\":\"ListItem\",\"position\":1,\"name\":\"P\u00e1gina inicial\",\"item\":\"https:\\\/\\\/proxipel.ch\\\/pt-pt\\\/\"},{\"@type\":\"ListItem\",\"position\":2,\"name\":\"Tira partido da tua reserva de madeira: a solu\u00e7\u00e3o da Proxipel para produzir pellets locais\"}]},{\"@type\":\"WebSite\",\"@id\":\"https:\\\/\\\/proxipel.ch\\\/pt-pt\\\/#website\",\"url\":\"https:\\\/\\\/proxipel.ch\\\/pt-pt\\\/\",\"name\":\"Proxipel\",\"description\":\"La premi\u00e8re unit\u00e9 mobile de pelletisation int\u00e9grale\",\"publisher\":{\"@id\":\"https:\\\/\\\/proxipel.ch\\\/pt-pt\\\/#organization\"},\"potentialAction\":[{\"@type\":\"SearchAction\",\"target\":{\"@type\":\"EntryPoint\",\"urlTemplate\":\"https:\\\/\\\/proxipel.ch\\\/pt-pt\\\/?s={search_term_string}\"},\"query-input\":{\"@type\":\"PropertyValueSpecification\",\"valueRequired\":true,\"valueName\":\"search_term_string\"}}],\"inLanguage\":\"pt-PT\"},{\"@type\":\"Organization\",\"@id\":\"https:\\\/\\\/proxipel.ch\\\/pt-pt\\\/#organization\",\"name\":\"Proxipel\",\"url\":\"https:\\\/\\\/proxipel.ch\\\/pt-pt\\\/\",\"logo\":{\"@type\":\"ImageObject\",\"inLanguage\":\"pt-PT\",\"@id\":\"https:\\\/\\\/proxipel.ch\\\/pt-pt\\\/#\\\/schema\\\/logo\\\/image\\\/\",\"url\":\"https:\\\/\\\/proxipel.ch\\\/wp-content\\\/uploads\\\/2024\\\/04\\\/proxipel.svg\",\"contentUrl\":\"https:\\\/\\\/proxipel.ch\\\/wp-content\\\/uploads\\\/2024\\\/04\\\/proxipel.svg\",\"width\":\"1024\",\"height\":\"1024\",\"caption\":\"Proxipel\"},\"image\":{\"@id\":\"https:\\\/\\\/proxipel.ch\\\/pt-pt\\\/#\\\/schema\\\/logo\\\/image\\\/\"}},{\"@type\":\"Person\",\"@id\":\"https:\\\/\\\/proxipel.ch\\\/pt-pt\\\/#\\\/schema\\\/person\\\/14b4c44ffd52db22ee770bc4b0ce909a\",\"name\":\"Bertrand Bordenave\",\"image\":{\"@type\":\"ImageObject\",\"inLanguage\":\"pt-PT\",\"@id\":\"https:\\\/\\\/secure.gravatar.com\\\/avatar\\\/e17b5e0af21b580beae0180a27aa4d7661a659aea637f7c5133d8954df6b313b?s=96&d=mm&r=g\",\"url\":\"https:\\\/\\\/secure.gravatar.com\\\/avatar\\\/e17b5e0af21b580beae0180a27aa4d7661a659aea637f7c5133d8954df6b313b?s=96&d=mm&r=g\",\"contentUrl\":\"https:\\\/\\\/secure.gravatar.com\\\/avatar\\\/e17b5e0af21b580beae0180a27aa4d7661a659aea637f7c5133d8954df6b313b?s=96&d=mm&r=g\",\"caption\":\"Bertrand Bordenave\"},\"url\":\"https:\\\/\\\/proxipel.ch\\\/pt-pt\\\/author\\\/b-bordenaveproxipel-com\\\/\"}]}<\/script>\n<!-- \/ Yoast SEO plugin. -->","yoast_head_json":{"title":"Tira partido da tua reserva de madeira: a solu\u00e7\u00e3o da Proxipel para produzir pellets locais - Proxipel","description":"Descobre como a Proxipel valoriza os res\u00edduos florestais transformando-os em pellets locais atrav\u00e9s da granula\u00e7\u00e3o m\u00f3vel. L\u00ea o artigo da Agri Hebdo.","robots":{"index":"index","follow":"follow","max-snippet":"max-snippet:-1","max-image-preview":"max-image-preview:large","max-video-preview":"max-video-preview:-1"},"canonical":"https:\/\/proxipel.ch\/pt-pt\/tira-partido-da-tua-reserva-de-madeira-a-solucao-da-proxipel-para-produzir-pellets-locais\/","og_locale":"pt_PT","og_type":"article","og_title":"Tira partido da tua reserva de madeira: a solu\u00e7\u00e3o da Proxipel para produzir pellets locais - Proxipel","og_description":"Descobre como a Proxipel valoriza os res\u00edduos florestais transformando-os em pellets locais atrav\u00e9s da granula\u00e7\u00e3o m\u00f3vel. L\u00ea o artigo da Agri Hebdo.","og_url":"https:\/\/proxipel.ch\/pt-pt\/tira-partido-da-tua-reserva-de-madeira-a-solucao-da-proxipel-para-produzir-pellets-locais\/","og_site_name":"Proxipel","article_published_time":"2026-01-14T15:15:27+00:00","article_modified_time":"2026-07-15T13:13:27+00:00","og_image":[{"width":1205,"height":918,"url":"https:\/\/proxipel.ch\/wp-content\/uploads\/2026\/01\/article-Agri-Hebdo-1.jpg","type":"image\/jpeg"}],"author":"Bertrand Bordenave","twitter_card":"summary_large_image","twitter_misc":{"Escrito por":"Bertrand Bordenave","Tempo estimado de leitura":"1 minuto"},"schema":{"@context":"https:\/\/schema.org","@graph":[{"@type":"Article","@id":"https:\/\/proxipel.ch\/pt-pt\/tira-partido-da-tua-reserva-de-madeira-a-solucao-da-proxipel-para-produzir-pellets-locais\/#article","isPartOf":{"@id":"https:\/\/proxipel.ch\/pt-pt\/tira-partido-da-tua-reserva-de-madeira-a-solucao-da-proxipel-para-produzir-pellets-locais\/"},"author":{"name":"Bertrand Bordenave","@id":"https:\/\/proxipel.ch\/pt-pt\/#\/schema\/person\/14b4c44ffd52db22ee770bc4b0ce909a"},"headline":"Tira partido da tua reserva de madeira: a solu\u00e7\u00e3o da Proxipel para produzir pellets locais","datePublished":"2026-01-14T15:15:27+00:00","dateModified":"2026-07-15T13:13:27+00:00","mainEntityOfPage":{"@id":"https:\/\/proxipel.ch\/pt-pt\/tira-partido-da-tua-reserva-de-madeira-a-solucao-da-proxipel-para-produzir-pellets-locais\/"},"wordCount":163,"commentCount":0,"publisher":{"@id":"https:\/\/proxipel.ch\/pt-pt\/#organization"},"image":{"@id":"https:\/\/proxipel.ch\/pt-pt\/tira-partido-da-tua-reserva-de-madeira-a-solucao-da-proxipel-para-produzir-pellets-locais\/#primaryimage"},"thumbnailUrl":"https:\/\/proxipel.ch\/wp-content\/uploads\/2026\/01\/article-Agri-Hebdo-1.jpg","articleSection":["Imprensa"],"inLanguage":"pt-PT","potentialAction":[{"@type":"CommentAction","name":"Comment","target":["https:\/\/proxipel.ch\/pt-pt\/tira-partido-da-tua-reserva-de-madeira-a-solucao-da-proxipel-para-produzir-pellets-locais\/#respond"]}]},{"@type":"WebPage","@id":"https:\/\/proxipel.ch\/pt-pt\/tira-partido-da-tua-reserva-de-madeira-a-solucao-da-proxipel-para-produzir-pellets-locais\/","url":"https:\/\/proxipel.ch\/pt-pt\/tira-partido-da-tua-reserva-de-madeira-a-solucao-da-proxipel-para-produzir-pellets-locais\/","name":"Tira partido da tua reserva de madeira: a solu\u00e7\u00e3o da Proxipel para produzir pellets locais - Proxipel","isPartOf":{"@id":"https:\/\/proxipel.ch\/pt-pt\/#website"},"primaryImageOfPage":{"@id":"https:\/\/proxipel.ch\/pt-pt\/tira-partido-da-tua-reserva-de-madeira-a-solucao-da-proxipel-para-produzir-pellets-locais\/#primaryimage"},"image":{"@id":"https:\/\/proxipel.ch\/pt-pt\/tira-partido-da-tua-reserva-de-madeira-a-solucao-da-proxipel-para-produzir-pellets-locais\/#primaryimage"},"thumbnailUrl":"https:\/\/proxipel.ch\/wp-content\/uploads\/2026\/01\/article-Agri-Hebdo-1.jpg","datePublished":"2026-01-14T15:15:27+00:00","dateModified":"2026-07-15T13:13:27+00:00","description":"Descobre como a Proxipel valoriza os res\u00edduos florestais transformando-os em pellets locais atrav\u00e9s da granula\u00e7\u00e3o m\u00f3vel. L\u00ea o artigo da Agri Hebdo.","breadcrumb":{"@id":"https:\/\/proxipel.ch\/pt-pt\/tira-partido-da-tua-reserva-de-madeira-a-solucao-da-proxipel-para-produzir-pellets-locais\/#breadcrumb"},"inLanguage":"pt-PT","potentialAction":[{"@type":"ReadAction","target":["https:\/\/proxipel.ch\/pt-pt\/tira-partido-da-tua-reserva-de-madeira-a-solucao-da-proxipel-para-produzir-pellets-locais\/"]}]},{"@type":"ImageObject","inLanguage":"pt-PT","@id":"https:\/\/proxipel.ch\/pt-pt\/tira-partido-da-tua-reserva-de-madeira-a-solucao-da-proxipel-para-produzir-pellets-locais\/#primaryimage","url":"https:\/\/proxipel.ch\/wp-content\/uploads\/2026\/01\/article-Agri-Hebdo-1.jpg","contentUrl":"https:\/\/proxipel.ch\/wp-content\/uploads\/2026\/01\/article-Agri-Hebdo-1.jpg","width":1205,"height":918,"caption":"Valorisez votre gisement bois : la solution Proxipel pour produire des pellets locaux"},{"@type":"BreadcrumbList","@id":"https:\/\/proxipel.ch\/pt-pt\/tira-partido-da-tua-reserva-de-madeira-a-solucao-da-proxipel-para-produzir-pellets-locais\/#breadcrumb","itemListElement":[{"@type":"ListItem","position":1,"name":"P\u00e1gina inicial","item":"https:\/\/proxipel.ch\/pt-pt\/"},{"@type":"ListItem","position":2,"name":"Tira partido da tua reserva de madeira: a solu\u00e7\u00e3o da Proxipel para produzir pellets locais"}]},{"@type":"WebSite","@id":"https:\/\/proxipel.ch\/pt-pt\/#website","url":"https:\/\/proxipel.ch\/pt-pt\/","name":"Proxipel","description":"La premi\u00e8re unit\u00e9 mobile de pelletisation int\u00e9grale","publisher":{"@id":"https:\/\/proxipel.ch\/pt-pt\/#organization"},"potentialAction":[{"@type":"SearchAction","target":{"@type":"EntryPoint","urlTemplate":"https:\/\/proxipel.ch\/pt-pt\/?s={search_term_string}"},"query-input":{"@type":"PropertyValueSpecification","valueRequired":true,"valueName":"search_term_string"}}],"inLanguage":"pt-PT"},{"@type":"Organization","@id":"https:\/\/proxipel.ch\/pt-pt\/#organization","name":"Proxipel","url":"https:\/\/proxipel.ch\/pt-pt\/","logo":{"@type":"ImageObject","inLanguage":"pt-PT","@id":"https:\/\/proxipel.ch\/pt-pt\/#\/schema\/logo\/image\/","url":"https:\/\/proxipel.ch\/wp-content\/uploads\/2024\/04\/proxipel.svg","contentUrl":"https:\/\/proxipel.ch\/wp-content\/uploads\/2024\/04\/proxipel.svg","width":"1024","height":"1024","caption":"Proxipel"},"image":{"@id":"https:\/\/proxipel.ch\/pt-pt\/#\/schema\/logo\/image\/"}},{"@type":"Person","@id":"https:\/\/proxipel.ch\/pt-pt\/#\/schema\/person\/14b4c44ffd52db22ee770bc4b0ce909a","name":"Bertrand Bordenave","image":{"@type":"ImageObject","inLanguage":"pt-PT","@id":"https:\/\/secure.gravatar.com\/avatar\/e17b5e0af21b580beae0180a27aa4d7661a659aea637f7c5133d8954df6b313b?s=96&d=mm&r=g","url":"https:\/\/secure.gravatar.com\/avatar\/e17b5e0af21b580beae0180a27aa4d7661a659aea637f7c5133d8954df6b313b?s=96&d=mm&r=g","contentUrl":"https:\/\/secure.gravatar.com\/avatar\/e17b5e0af21b580beae0180a27aa4d7661a659aea637f7c5133d8954df6b313b?s=96&d=mm&r=g","caption":"Bertrand Bordenave"},"url":"https:\/\/proxipel.ch\/pt-pt\/author\/b-bordenaveproxipel-com\/"}]}},"_links":{"self":[{"href":"https:\/\/proxipel.ch\/pt-pt\/wp-json\/wp\/v2\/posts\/2966","targetHints":{"allow":["GET"]}}],"collection":[{"href":"https:\/\/proxipel.ch\/pt-pt\/wp-json\/wp\/v2\/posts"}],"about":[{"href":"https:\/\/proxipel.ch\/pt-pt\/wp-json\/wp\/v2\/types\/post"}],"author":[{"embeddable":true,"href":"https:\/\/proxipel.ch\/pt-pt\/wp-json\/wp\/v2\/users\/6"}],"replies":[{"embeddable":true,"href":"https:\/\/proxipel.ch\/pt-pt\/wp-json\/wp\/v2\/comments?post=2966"}],"version-history":[{"count":1,"href":"https:\/\/proxipel.ch\/pt-pt\/wp-json\/wp\/v2\/posts\/2966\/revisions"}],"predecessor-version":[{"id":2969,"href":"https:\/\/proxipel.ch\/pt-pt\/wp-json\/wp\/v2\/posts\/2966\/revisions\/2969"}],"wp:featuredmedia":[{"embeddable":true,"href":"https:\/\/proxipel.ch\/pt-pt\/wp-json\/wp\/v2\/media\/2967"}],"wp:attachment":[{"href":"https:\/\/proxipel.ch\/pt-pt\/wp-json\/wp\/v2\/media?parent=2966"}],"wp:term":[{"taxonomy":"category","embeddable":true,"href":"https:\/\/proxipel.ch\/pt-pt\/wp-json\/wp\/v2\/categories?post=2966"},{"taxonomy":"post_tag","embeddable":true,"href":"https:\/\/proxipel.ch\/pt-pt\/wp-json\/wp\/v2\/tags?post=2966"}],"curies":[{"name":"wp","href":"https:\/\/api.w.org\/{rel}","templated":true}]}}