{"id":2962,"date":"2025-06-13T10:27:35","date_gmt":"2025-06-13T08:27:35","guid":{"rendered":"https:\/\/proxipel.ch\/como-escolher-os-pellets-de-madeira-para-aquecimento-proxipel\/"},"modified":"2026-07-14T18:49:02","modified_gmt":"2026-07-14T16:49:02","slug":"como-escolher-os-pellets-de-madeira-para-aquecimento-proxipel","status":"publish","type":"post","link":"https:\/\/proxipel.ch\/pt-pt\/como-escolher-os-pellets-de-madeira-para-aquecimento-proxipel\/","title":{"rendered":"Como escolher os pellets de madeira para aquecimento? | Proxipel"},"content":{"rendered":"<p>O aquecimento a <a href=\"https:\/\/proxipel.ch\/pt-pt\/pellets\/\"><span style=\"text-decoration: underline;\">pellets de madeira<\/span><\/a>, tamb\u00e9m chamados de pellets, tem vindo a ganhar cada vez mais popularidade devido \u00e0s suas vantagens ecol\u00f3gicas e econ\u00f3micas. No entanto, para aproveitar ao m\u00e1ximo o rendimento e preservar a tua instala\u00e7\u00e3o, \u00e9 essencial escolher bem os pellets. Aqui est\u00e3o os crit\u00e9rios a ter em conta para fazeres a escolha certa.  <\/p>\n<p><img decoding=\"async\" class=\"aligncenter wp-image-1695 size-full\" src=\"https:\/\/proxipel.ch\/wp-content\/uploads\/2025\/06\/pellets.jpeg\" alt=\"pellets\" width=\"895\" height=\"457\" srcset=\"https:\/\/proxipel.ch\/wp-content\/uploads\/2025\/06\/pellets.jpeg 895w, https:\/\/proxipel.ch\/wp-content\/uploads\/2025\/06\/pellets-480x245.jpeg 480w\" sizes=\"(min-width: 0px) and (max-width: 480px) 480px, (min-width: 481px) 895px, 100vw\" \/><\/p>\n<h2><strong>Perceber o que \u00e9 um pellet de madeira<\/strong><\/h2>\n<p>Os pellets s\u00e3o pequenos cilindros feitos de serradura comprimida, sem adi\u00e7\u00e3o de cola nem de aditivos qu\u00edmicos. S\u00e3o usados como combust\u00edvel em salamandras, caldeiras ou insertos a pellets. A qualidade deles influencia diretamente o rendimento do aparelho, a limpeza da combust\u00e3o e a durabilidade do sistema.  <\/p>\n<h2><strong>Escolher uma certifica\u00e7\u00e3o reconhecida<\/strong><\/h2>\n<p>O primeiro crit\u00e9rio de sele\u00e7\u00e3o \u00e9 a certifica\u00e7\u00e3o, que garante a qualidade e a conformidade dos pellets com<a href=\"https:\/\/proxipel.ch\/pt-pt\/pellets\/\" target=\"_blank\" rel=\"noopener\"> <span style=\"text-decoration: underline;\">normas espec\u00edficas<\/span><\/a>. Existem tr\u00eas selos principais: <\/p>\n<p><strong><strong><img decoding=\"async\" class=\"alignnone wp-image-1862\" style=\"font-weight: 500;\" src=\"https:\/\/proxipel.ch\/wp-content\/uploads\/2025\/06\/Image-Labels-certification-300x85.png\" alt=\"Certifica\u00e7\u00f5es\" width=\"498\" height=\"141\" srcset=\"https:\/\/proxipel.ch\/wp-content\/uploads\/2025\/06\/Image-Labels-certification-300x85.png 498w, https:\/\/proxipel.ch\/wp-content\/uploads\/2025\/06\/Image-Labels-certification-480x136.png 480w\" sizes=\"(min-width: 0px) and (max-width: 480px) 480px, (min-width: 481px) 498px, 100vw\" \/><\/strong><\/strong><\/p>\n<ul>\n<li>DINplus (Alemanha): garante uma qualidade constante, um baixo teor de poeira, uma boa densidade e um elevado poder calor\u00edfico.<\/li>\n<li>ENplus (norma europeia): classifica os pellets em diferentes categorias (A1, A2, B), sendo a A1 a melhor para uso dom\u00e9stico.<\/li>\n<li>NF Biocombust\u00edveis s\u00f3lidos (Fran\u00e7a): selo franc\u00eas que garante um produto de qualidade superior.<\/li>\n<\/ul>\n<p>Opta por pellets com certifica\u00e7\u00e3o ENplus A1 ou DINplus, que garantem desempenho e seguran\u00e7a.<\/p>\n<h2><strong>Analisar as caracter\u00edsticas t\u00e9cnicas<\/strong><\/h2>\n<p>Para al\u00e9m da certifica\u00e7\u00e3o, h\u00e1 v\u00e1rias caracter\u00edsticas t\u00e9cnicas que t\u00eam de ser analisadas:<\/p>\n<ul>\n<li>Poder calor\u00edfico superior (PCS): Tem de ser, no m\u00ednimo, de 4,6 kWh\/kg. Quanto mais elevado for, mais calor produzem os pellets. <\/li>\n<li>Taxa de humidade: idealmente inferior a 10 <strong>%.<\/strong> Um pellet demasiado h\u00famido n\u00e3o arde bem e entope o teu aparelho. <\/li>\n<li>Teor de cinzas: um bom pellet produz poucas cinzas (menos de 0,7 %), o que reduz a necessidade de limpezas.<\/li>\n<li>Teor de part\u00edculas finas (poeira): quanto menos, melhor. Recomenda-se um teor inferior a 1<strong> %<\/strong> para evitar entupimentos. <\/li>\n<\/ul>\n<h2><a href=\"https:\/\/proxipel.ch\/pt-pt\/escolha-e-caracteristicas-dos-pellets\/\"><strong>Verificar a mat\u00e9ria-prima<\/strong><\/a><\/h2>\n<p>Os melhores pellets s\u00e3o fabricados a partir de madeira virgem n\u00e3o tratada, geralmente de con\u00edferas (abeto, \u00e9picea, pinheiro). A madeira de folhosas tamb\u00e9m pode ser utilizada, mas, por vezes, produz mais cinzas. Tem cuidado com os pellets feitos de madeira reciclada ou de paletes trituradas: podem conter colas ou vernizes prejudiciais para o teu aparelho e para a tua sa\u00fade.  <\/p>\n<h2><strong>Dar prioridade a uma produ\u00e7\u00e3o local e respons\u00e1vel<\/strong><\/h2>\n<p>Para reduzir a pegada de carbono e apoiar a economia local, opta por pellets produzidos em<a href=\"https:\/\/proxipel.ch\/pt-pt\/\" target=\"_blank\" rel=\"noopener\"><span style=\"text-decoration: underline;\"> <strong>circuito curto<\/strong><\/span><\/a>. Informa-te sobre a origem da madeira e as pr\u00e1ticas de gest\u00e3o florestal. Alguns produtores apresentam compromissos de sustentabilidade, como a certifica\u00e7\u00e3o PEFC ou FSC, que garantem uma gest\u00e3o florestal respons\u00e1vel.  <\/p>\n<h2><strong>Escolher uma embalagem adequada<\/strong><\/h2>\n<p>Os pellets s\u00e3o vendidos em sacos de 15 kg, em paletes (1 tonelada, em m\u00e9dia) ou a granel para grandes instala\u00e7\u00f5es. Para uso dom\u00e9stico, os sacos s\u00e3o pr\u00e1ticos de armazenar e manusear. Verifica se os sacos s\u00e3o resistentes \u00e0 humidade e est\u00e3o bem selados. Guarda-os ao abrigo da \u00e1gua para evitar que inchem ou se estraguem. Os pellets a granel s\u00e3o geralmente entregues por cami\u00e3o soprador.    <\/p>\n<h2><strong>Comparar pre\u00e7os, mas n\u00e3o s\u00f3 isso<\/strong><\/h2>\n<p>O pre\u00e7o de um pellet varia consoante a \u00e9poca do ano, a procura e a embalagem. N\u00e3o te deixes seduzir apenas pelo pre\u00e7o mais baixo. Um pellet de m\u00e1 qualidade vai sair-te mais caro a longo prazo (manuten\u00e7\u00e3o, avarias, consumo excessivo). Uma boa rela\u00e7\u00e3o qualidade\/pre\u00e7o, baseada em crit\u00e9rios t\u00e9cnicos e certifica\u00e7\u00f5es, \u00e9 a melhor estrat\u00e9gia.   <\/p>\n<h2><strong>Tabela comparativa e crit\u00e9rios para escolher os pellets<\/strong><\/h2>\n<p><img decoding=\"async\" class=\"alignnone size-full wp-image-2499\" src=\"https:\/\/proxipel.ch\/wp-content\/uploads\/2025\/06\/tableau-compratif-pellet.jpg\" alt=\"crit\u00e9rios de escolha dos pellets\" width=\"1273\" height=\"597\" srcset=\"https:\/\/proxipel.ch\/wp-content\/uploads\/2025\/06\/tableau-compratif-pellet.jpg 1273w, https:\/\/proxipel.ch\/wp-content\/uploads\/2025\/06\/tableau-compratif-pellet-980x460.jpg 980w, https:\/\/proxipel.ch\/wp-content\/uploads\/2025\/06\/tableau-compratif-pellet-480x225.jpg 480w\" sizes=\"(min-width: 0px) and (max-width: 480px) 480px, (min-width: 481px) and (max-width: 980px) 980px, (min-width: 981px) 1273px, 100vw\" \/><\/p>\n<h3 data-section-id=\"1qdmir\" data-start=\"4156\" data-end=\"4200\">Como \u00e9 que se l\u00ea esta compara\u00e7\u00e3o de pellets?<\/h3>\n<ul data-start=\"4202\" data-end=\"4833\">\n<li data-section-id=\"51wg5f\" data-start=\"4202\" data-end=\"4306\">\n<p data-start=\"4204\" data-end=\"4306\">Para um fog\u00e3o ou uma caldeira dom\u00e9stica, os pellets de madeira premium continuam a ser, geralmente, a refer\u00eancia.<\/p>\n<\/li>\n<li data-section-id=\"1icd5s8\" data-start=\"4307\" data-end=\"4458\">\n<p data-start=\"4309\" data-end=\"4458\">No caso de uma central t\u00e9rmica multicombust\u00edvel, podem ser considerados outros tipos de pellets, nomeadamente a partir de res\u00edduos florestais ou de biomassa agr\u00edcola.<\/p>\n<\/li>\n<li data-section-id=\"1wg9z2a\" data-start=\"4459\" data-end=\"4691\">\n<p data-start=\"4461\" data-end=\"4691\">Num projeto de valoriza\u00e7\u00e3o de coprodutos, o melhor pellet nem sempre \u00e9 o mais \u00abpremium\u00bb, mas sim aquele que oferece o melhor equil\u00edbrio entre a oferta dispon\u00edvel, os custos log\u00edsticos, os mercados de escoamento e a compatibilidade t\u00e9cnica.<\/p>\n<\/li>\n<\/ul>\n<h2><strong>Em conclus\u00e3o<\/strong><\/h2>\n<p>Escolher bem os pellets de madeira \u00e9 essencial para um aquecimento eficiente, econ\u00f3mico e ecol\u00f3gico. Ao baseares-te em certifica\u00e7\u00f5es reconhecidas, em caracter\u00edsticas t\u00e9cnicas precisas e ao dares prefer\u00eancia a madeira de qualidade proveniente de fontes respons\u00e1veis, vais garantir um rendimento \u00f3timo do teu aparelho e um conforto t\u00e9rmico duradouro. <\/p>\n<p>Na Proxipel, achamos que n\u00e3o existe um \u00fanico tipo de pellet, mas sim pellets adaptados a diferentes recursos e utiliza\u00e7\u00f5es. Uma serradura limpa destinada ao aquecimento dom\u00e9stico n\u00e3o cumpre os mesmos requisitos que um pellet feito de miscanthus ou de palha. O desafio n\u00e3o \u00e9, portanto, apenas produzir pellets, mas conceber a cadeia de valoriza\u00e7\u00e3o adequada, com base nas caracter\u00edsticas reais da biomassa dispon\u00edvel no terreno.  <\/p>\n<p>A solu\u00e7\u00e3o m\u00f3vel e completa de peletiza\u00e7\u00e3o PROXIPEL permite transformar res\u00edduos florestais, sarmentos de vinha, res\u00edduos agr\u00edcolas lenhosos ou ainda ramos de compostagem. Os pellets de madeira produzidos pela PROXIPEL est\u00e3o em conformidade com a norma internacional ISO 17225 <\/p>\n<p>&nbsp;<\/p>\n","protected":false},"excerpt":{"rendered":"<p>O aquecimento a pellets de madeira, tamb\u00e9m chamados de pellets, tem vindo a ganhar cada vez mais popularidade devido \u00e0s suas vantagens ecol\u00f3gicas e econ\u00f3micas. No entanto, para aproveitar ao m\u00e1ximo o rendimento e preservar a tua instala\u00e7\u00e3o, \u00e9 essencial escolher bem os pellets. Aqui est\u00e3o os crit\u00e9rios a ter em conta para fazeres a [&hellip;]<\/p>\n","protected":false},"author":6,"featured_media":2963,"comment_status":"open","ping_status":"open","sticky":false,"template":"","format":"standard","meta":{"_et_pb_use_builder":"","_et_pb_old_content":"","_et_gb_content_width":"","inline_featured_image":false,"footnotes":""},"categories":[44],"tags":[],"class_list":["post-2962","post","type-post","status-publish","format-standard","has-post-thumbnail","hentry","category-blog"],"yoast_head":"<!-- This site is optimized with the Yoast SEO plugin v28.3 - https:\/\/yoast.com\/product\/yoast-seo-wordpress\/ -->\n<title>Como escolher os pellets de madeira para aquecimento? | Proxipel - Proxipel<\/title>\n<meta name=\"description\" content=\"Certifica\u00e7\u00e3o ENplus, granulometria, teor de humidade: tudo o que precisas de saber para escolheres bem os teus pellets de madeira. Guia completo da Proxipel.\" \/>\n<meta name=\"robots\" content=\"index, follow, max-snippet:-1, max-image-preview:large, max-video-preview:-1\" \/>\n<link rel=\"canonical\" href=\"https:\/\/proxipel.ch\/pt-pt\/como-escolher-os-pellets-de-madeira-para-aquecimento-proxipel\/\" \/>\n<meta property=\"og:locale\" content=\"pt_PT\" \/>\n<meta property=\"og:type\" content=\"article\" \/>\n<meta property=\"og:title\" content=\"Como escolher os pellets de madeira para aquecimento? | Proxipel - Proxipel\" \/>\n<meta property=\"og:description\" content=\"Certifica\u00e7\u00e3o ENplus, granulometria, teor de humidade: tudo o que precisas de saber para escolheres bem os teus pellets de madeira. Guia completo da Proxipel.\" \/>\n<meta property=\"og:url\" content=\"https:\/\/proxipel.ch\/pt-pt\/como-escolher-os-pellets-de-madeira-para-aquecimento-proxipel\/\" \/>\n<meta property=\"og:site_name\" content=\"Proxipel\" \/>\n<meta property=\"article:published_time\" content=\"2025-06-13T08:27:35+00:00\" \/>\n<meta property=\"article:modified_time\" content=\"2026-07-14T16:49:02+00:00\" \/>\n<meta property=\"og:image\" content=\"https:\/\/proxipel.ch\/wp-content\/uploads\/2025\/06\/pellets.jpeg\" \/>\n\t<meta property=\"og:image:width\" content=\"895\" \/>\n\t<meta property=\"og:image:height\" content=\"457\" \/>\n\t<meta property=\"og:image:type\" content=\"image\/jpeg\" \/>\n<meta name=\"author\" content=\"Bertrand Bordenave\" \/>\n<meta name=\"twitter:card\" content=\"summary_large_image\" \/>\n<meta name=\"twitter:label1\" content=\"Escrito por\" \/>\n\t<meta name=\"twitter:data1\" content=\"Bertrand Bordenave\" \/>\n\t<meta name=\"twitter:label2\" content=\"Tempo estimado de leitura\" \/>\n\t<meta name=\"twitter:data2\" content=\"5 minutos\" \/>\n<script type=\"application\/ld+json\" class=\"yoast-schema-graph\">{\"@context\":\"https:\\\/\\\/schema.org\",\"@graph\":[{\"@type\":\"Article\",\"@id\":\"https:\\\/\\\/proxipel.ch\\\/pt-pt\\\/como-escolher-os-pellets-de-madeira-para-aquecimento-proxipel\\\/#article\",\"isPartOf\":{\"@id\":\"https:\\\/\\\/proxipel.ch\\\/pt-pt\\\/como-escolher-os-pellets-de-madeira-para-aquecimento-proxipel\\\/\"},\"author\":{\"name\":\"Bertrand Bordenave\",\"@id\":\"https:\\\/\\\/proxipel.ch\\\/pt-pt\\\/#\\\/schema\\\/person\\\/14b4c44ffd52db22ee770bc4b0ce909a\"},\"headline\":\"Como escolher os pellets de madeira para aquecimento? | Proxipel\",\"datePublished\":\"2025-06-13T08:27:35+00:00\",\"dateModified\":\"2026-07-14T16:49:02+00:00\",\"mainEntityOfPage\":{\"@id\":\"https:\\\/\\\/proxipel.ch\\\/pt-pt\\\/como-escolher-os-pellets-de-madeira-para-aquecimento-proxipel\\\/\"},\"wordCount\":910,\"commentCount\":0,\"publisher\":{\"@id\":\"https:\\\/\\\/proxipel.ch\\\/pt-pt\\\/#organization\"},\"image\":{\"@id\":\"https:\\\/\\\/proxipel.ch\\\/pt-pt\\\/como-escolher-os-pellets-de-madeira-para-aquecimento-proxipel\\\/#primaryimage\"},\"thumbnailUrl\":\"https:\\\/\\\/proxipel.ch\\\/wp-content\\\/uploads\\\/2025\\\/06\\\/pellets.jpeg\",\"articleSection\":[\"Blog\"],\"inLanguage\":\"pt-PT\",\"potentialAction\":[{\"@type\":\"CommentAction\",\"name\":\"Comment\",\"target\":[\"https:\\\/\\\/proxipel.ch\\\/pt-pt\\\/como-escolher-os-pellets-de-madeira-para-aquecimento-proxipel\\\/#respond\"]}]},{\"@type\":\"WebPage\",\"@id\":\"https:\\\/\\\/proxipel.ch\\\/pt-pt\\\/como-escolher-os-pellets-de-madeira-para-aquecimento-proxipel\\\/\",\"url\":\"https:\\\/\\\/proxipel.ch\\\/pt-pt\\\/como-escolher-os-pellets-de-madeira-para-aquecimento-proxipel\\\/\",\"name\":\"Como escolher os pellets de madeira para aquecimento? | Proxipel - Proxipel\",\"isPartOf\":{\"@id\":\"https:\\\/\\\/proxipel.ch\\\/pt-pt\\\/#website\"},\"primaryImageOfPage\":{\"@id\":\"https:\\\/\\\/proxipel.ch\\\/pt-pt\\\/como-escolher-os-pellets-de-madeira-para-aquecimento-proxipel\\\/#primaryimage\"},\"image\":{\"@id\":\"https:\\\/\\\/proxipel.ch\\\/pt-pt\\\/como-escolher-os-pellets-de-madeira-para-aquecimento-proxipel\\\/#primaryimage\"},\"thumbnailUrl\":\"https:\\\/\\\/proxipel.ch\\\/wp-content\\\/uploads\\\/2025\\\/06\\\/pellets.jpeg\",\"datePublished\":\"2025-06-13T08:27:35+00:00\",\"dateModified\":\"2026-07-14T16:49:02+00:00\",\"description\":\"Certifica\u00e7\u00e3o ENplus, granulometria, teor de humidade: tudo o que precisas de saber para escolheres bem os teus pellets de madeira. Guia completo da Proxipel.\",\"breadcrumb\":{\"@id\":\"https:\\\/\\\/proxipel.ch\\\/pt-pt\\\/como-escolher-os-pellets-de-madeira-para-aquecimento-proxipel\\\/#breadcrumb\"},\"inLanguage\":\"pt-PT\",\"potentialAction\":[{\"@type\":\"ReadAction\",\"target\":[\"https:\\\/\\\/proxipel.ch\\\/pt-pt\\\/como-escolher-os-pellets-de-madeira-para-aquecimento-proxipel\\\/\"]}]},{\"@type\":\"ImageObject\",\"inLanguage\":\"pt-PT\",\"@id\":\"https:\\\/\\\/proxipel.ch\\\/pt-pt\\\/como-escolher-os-pellets-de-madeira-para-aquecimento-proxipel\\\/#primaryimage\",\"url\":\"https:\\\/\\\/proxipel.ch\\\/wp-content\\\/uploads\\\/2025\\\/06\\\/pellets.jpeg\",\"contentUrl\":\"https:\\\/\\\/proxipel.ch\\\/wp-content\\\/uploads\\\/2025\\\/06\\\/pellets.jpeg\",\"width\":895,\"height\":457,\"caption\":\"pellets\"},{\"@type\":\"BreadcrumbList\",\"@id\":\"https:\\\/\\\/proxipel.ch\\\/pt-pt\\\/como-escolher-os-pellets-de-madeira-para-aquecimento-proxipel\\\/#breadcrumb\",\"itemListElement\":[{\"@type\":\"ListItem\",\"position\":1,\"name\":\"P\u00e1gina inicial\",\"item\":\"https:\\\/\\\/proxipel.ch\\\/pt-pt\\\/\"},{\"@type\":\"ListItem\",\"position\":2,\"name\":\"Como escolher os pellets de madeira para aquecimento? | Proxipel\"}]},{\"@type\":\"WebSite\",\"@id\":\"https:\\\/\\\/proxipel.ch\\\/pt-pt\\\/#website\",\"url\":\"https:\\\/\\\/proxipel.ch\\\/pt-pt\\\/\",\"name\":\"Proxipel\",\"description\":\"La premi\u00e8re unit\u00e9 mobile de pelletisation int\u00e9grale\",\"publisher\":{\"@id\":\"https:\\\/\\\/proxipel.ch\\\/pt-pt\\\/#organization\"},\"potentialAction\":[{\"@type\":\"SearchAction\",\"target\":{\"@type\":\"EntryPoint\",\"urlTemplate\":\"https:\\\/\\\/proxipel.ch\\\/pt-pt\\\/?s={search_term_string}\"},\"query-input\":{\"@type\":\"PropertyValueSpecification\",\"valueRequired\":true,\"valueName\":\"search_term_string\"}}],\"inLanguage\":\"pt-PT\"},{\"@type\":\"Organization\",\"@id\":\"https:\\\/\\\/proxipel.ch\\\/pt-pt\\\/#organization\",\"name\":\"Proxipel\",\"url\":\"https:\\\/\\\/proxipel.ch\\\/pt-pt\\\/\",\"logo\":{\"@type\":\"ImageObject\",\"inLanguage\":\"pt-PT\",\"@id\":\"https:\\\/\\\/proxipel.ch\\\/pt-pt\\\/#\\\/schema\\\/logo\\\/image\\\/\",\"url\":\"https:\\\/\\\/proxipel.ch\\\/wp-content\\\/uploads\\\/2024\\\/04\\\/proxipel.svg\",\"contentUrl\":\"https:\\\/\\\/proxipel.ch\\\/wp-content\\\/uploads\\\/2024\\\/04\\\/proxipel.svg\",\"width\":\"1024\",\"height\":\"1024\",\"caption\":\"Proxipel\"},\"image\":{\"@id\":\"https:\\\/\\\/proxipel.ch\\\/pt-pt\\\/#\\\/schema\\\/logo\\\/image\\\/\"}},{\"@type\":\"Person\",\"@id\":\"https:\\\/\\\/proxipel.ch\\\/pt-pt\\\/#\\\/schema\\\/person\\\/14b4c44ffd52db22ee770bc4b0ce909a\",\"name\":\"Bertrand Bordenave\",\"image\":{\"@type\":\"ImageObject\",\"inLanguage\":\"pt-PT\",\"@id\":\"https:\\\/\\\/secure.gravatar.com\\\/avatar\\\/e17b5e0af21b580beae0180a27aa4d7661a659aea637f7c5133d8954df6b313b?s=96&d=mm&r=g\",\"url\":\"https:\\\/\\\/secure.gravatar.com\\\/avatar\\\/e17b5e0af21b580beae0180a27aa4d7661a659aea637f7c5133d8954df6b313b?s=96&d=mm&r=g\",\"contentUrl\":\"https:\\\/\\\/secure.gravatar.com\\\/avatar\\\/e17b5e0af21b580beae0180a27aa4d7661a659aea637f7c5133d8954df6b313b?s=96&d=mm&r=g\",\"caption\":\"Bertrand Bordenave\"},\"url\":\"https:\\\/\\\/proxipel.ch\\\/pt-pt\\\/author\\\/b-bordenaveproxipel-com\\\/\"}]}<\/script>\n<!-- \/ Yoast SEO plugin. -->","yoast_head_json":{"title":"Como escolher os pellets de madeira para aquecimento? | Proxipel - Proxipel","description":"Certifica\u00e7\u00e3o ENplus, granulometria, teor de humidade: tudo o que precisas de saber para escolheres bem os teus pellets de madeira. Guia completo da Proxipel.","robots":{"index":"index","follow":"follow","max-snippet":"max-snippet:-1","max-image-preview":"max-image-preview:large","max-video-preview":"max-video-preview:-1"},"canonical":"https:\/\/proxipel.ch\/pt-pt\/como-escolher-os-pellets-de-madeira-para-aquecimento-proxipel\/","og_locale":"pt_PT","og_type":"article","og_title":"Como escolher os pellets de madeira para aquecimento? | Proxipel - Proxipel","og_description":"Certifica\u00e7\u00e3o ENplus, granulometria, teor de humidade: tudo o que precisas de saber para escolheres bem os teus pellets de madeira. Guia completo da Proxipel.","og_url":"https:\/\/proxipel.ch\/pt-pt\/como-escolher-os-pellets-de-madeira-para-aquecimento-proxipel\/","og_site_name":"Proxipel","article_published_time":"2025-06-13T08:27:35+00:00","article_modified_time":"2026-07-14T16:49:02+00:00","og_image":[{"width":895,"height":457,"url":"https:\/\/proxipel.ch\/wp-content\/uploads\/2025\/06\/pellets.jpeg","type":"image\/jpeg"}],"author":"Bertrand Bordenave","twitter_card":"summary_large_image","twitter_misc":{"Escrito por":"Bertrand Bordenave","Tempo estimado de leitura":"5 minutos"},"schema":{"@context":"https:\/\/schema.org","@graph":[{"@type":"Article","@id":"https:\/\/proxipel.ch\/pt-pt\/como-escolher-os-pellets-de-madeira-para-aquecimento-proxipel\/#article","isPartOf":{"@id":"https:\/\/proxipel.ch\/pt-pt\/como-escolher-os-pellets-de-madeira-para-aquecimento-proxipel\/"},"author":{"name":"Bertrand Bordenave","@id":"https:\/\/proxipel.ch\/pt-pt\/#\/schema\/person\/14b4c44ffd52db22ee770bc4b0ce909a"},"headline":"Como escolher os pellets de madeira para aquecimento? | Proxipel","datePublished":"2025-06-13T08:27:35+00:00","dateModified":"2026-07-14T16:49:02+00:00","mainEntityOfPage":{"@id":"https:\/\/proxipel.ch\/pt-pt\/como-escolher-os-pellets-de-madeira-para-aquecimento-proxipel\/"},"wordCount":910,"commentCount":0,"publisher":{"@id":"https:\/\/proxipel.ch\/pt-pt\/#organization"},"image":{"@id":"https:\/\/proxipel.ch\/pt-pt\/como-escolher-os-pellets-de-madeira-para-aquecimento-proxipel\/#primaryimage"},"thumbnailUrl":"https:\/\/proxipel.ch\/wp-content\/uploads\/2025\/06\/pellets.jpeg","articleSection":["Blog"],"inLanguage":"pt-PT","potentialAction":[{"@type":"CommentAction","name":"Comment","target":["https:\/\/proxipel.ch\/pt-pt\/como-escolher-os-pellets-de-madeira-para-aquecimento-proxipel\/#respond"]}]},{"@type":"WebPage","@id":"https:\/\/proxipel.ch\/pt-pt\/como-escolher-os-pellets-de-madeira-para-aquecimento-proxipel\/","url":"https:\/\/proxipel.ch\/pt-pt\/como-escolher-os-pellets-de-madeira-para-aquecimento-proxipel\/","name":"Como escolher os pellets de madeira para aquecimento? | Proxipel - Proxipel","isPartOf":{"@id":"https:\/\/proxipel.ch\/pt-pt\/#website"},"primaryImageOfPage":{"@id":"https:\/\/proxipel.ch\/pt-pt\/como-escolher-os-pellets-de-madeira-para-aquecimento-proxipel\/#primaryimage"},"image":{"@id":"https:\/\/proxipel.ch\/pt-pt\/como-escolher-os-pellets-de-madeira-para-aquecimento-proxipel\/#primaryimage"},"thumbnailUrl":"https:\/\/proxipel.ch\/wp-content\/uploads\/2025\/06\/pellets.jpeg","datePublished":"2025-06-13T08:27:35+00:00","dateModified":"2026-07-14T16:49:02+00:00","description":"Certifica\u00e7\u00e3o ENplus, granulometria, teor de humidade: tudo o que precisas de saber para escolheres bem os teus pellets de madeira. Guia completo da Proxipel.","breadcrumb":{"@id":"https:\/\/proxipel.ch\/pt-pt\/como-escolher-os-pellets-de-madeira-para-aquecimento-proxipel\/#breadcrumb"},"inLanguage":"pt-PT","potentialAction":[{"@type":"ReadAction","target":["https:\/\/proxipel.ch\/pt-pt\/como-escolher-os-pellets-de-madeira-para-aquecimento-proxipel\/"]}]},{"@type":"ImageObject","inLanguage":"pt-PT","@id":"https:\/\/proxipel.ch\/pt-pt\/como-escolher-os-pellets-de-madeira-para-aquecimento-proxipel\/#primaryimage","url":"https:\/\/proxipel.ch\/wp-content\/uploads\/2025\/06\/pellets.jpeg","contentUrl":"https:\/\/proxipel.ch\/wp-content\/uploads\/2025\/06\/pellets.jpeg","width":895,"height":457,"caption":"pellets"},{"@type":"BreadcrumbList","@id":"https:\/\/proxipel.ch\/pt-pt\/como-escolher-os-pellets-de-madeira-para-aquecimento-proxipel\/#breadcrumb","itemListElement":[{"@type":"ListItem","position":1,"name":"P\u00e1gina inicial","item":"https:\/\/proxipel.ch\/pt-pt\/"},{"@type":"ListItem","position":2,"name":"Como escolher os pellets de madeira para aquecimento? | Proxipel"}]},{"@type":"WebSite","@id":"https:\/\/proxipel.ch\/pt-pt\/#website","url":"https:\/\/proxipel.ch\/pt-pt\/","name":"Proxipel","description":"La premi\u00e8re unit\u00e9 mobile de pelletisation int\u00e9grale","publisher":{"@id":"https:\/\/proxipel.ch\/pt-pt\/#organization"},"potentialAction":[{"@type":"SearchAction","target":{"@type":"EntryPoint","urlTemplate":"https:\/\/proxipel.ch\/pt-pt\/?s={search_term_string}"},"query-input":{"@type":"PropertyValueSpecification","valueRequired":true,"valueName":"search_term_string"}}],"inLanguage":"pt-PT"},{"@type":"Organization","@id":"https:\/\/proxipel.ch\/pt-pt\/#organization","name":"Proxipel","url":"https:\/\/proxipel.ch\/pt-pt\/","logo":{"@type":"ImageObject","inLanguage":"pt-PT","@id":"https:\/\/proxipel.ch\/pt-pt\/#\/schema\/logo\/image\/","url":"https:\/\/proxipel.ch\/wp-content\/uploads\/2024\/04\/proxipel.svg","contentUrl":"https:\/\/proxipel.ch\/wp-content\/uploads\/2024\/04\/proxipel.svg","width":"1024","height":"1024","caption":"Proxipel"},"image":{"@id":"https:\/\/proxipel.ch\/pt-pt\/#\/schema\/logo\/image\/"}},{"@type":"Person","@id":"https:\/\/proxipel.ch\/pt-pt\/#\/schema\/person\/14b4c44ffd52db22ee770bc4b0ce909a","name":"Bertrand Bordenave","image":{"@type":"ImageObject","inLanguage":"pt-PT","@id":"https:\/\/secure.gravatar.com\/avatar\/e17b5e0af21b580beae0180a27aa4d7661a659aea637f7c5133d8954df6b313b?s=96&d=mm&r=g","url":"https:\/\/secure.gravatar.com\/avatar\/e17b5e0af21b580beae0180a27aa4d7661a659aea637f7c5133d8954df6b313b?s=96&d=mm&r=g","contentUrl":"https:\/\/secure.gravatar.com\/avatar\/e17b5e0af21b580beae0180a27aa4d7661a659aea637f7c5133d8954df6b313b?s=96&d=mm&r=g","caption":"Bertrand Bordenave"},"url":"https:\/\/proxipel.ch\/pt-pt\/author\/b-bordenaveproxipel-com\/"}]}},"_links":{"self":[{"href":"https:\/\/proxipel.ch\/pt-pt\/wp-json\/wp\/v2\/posts\/2962","targetHints":{"allow":["GET"]}}],"collection":[{"href":"https:\/\/proxipel.ch\/pt-pt\/wp-json\/wp\/v2\/posts"}],"about":[{"href":"https:\/\/proxipel.ch\/pt-pt\/wp-json\/wp\/v2\/types\/post"}],"author":[{"embeddable":true,"href":"https:\/\/proxipel.ch\/pt-pt\/wp-json\/wp\/v2\/users\/6"}],"replies":[{"embeddable":true,"href":"https:\/\/proxipel.ch\/pt-pt\/wp-json\/wp\/v2\/comments?post=2962"}],"version-history":[{"count":1,"href":"https:\/\/proxipel.ch\/pt-pt\/wp-json\/wp\/v2\/posts\/2962\/revisions"}],"predecessor-version":[{"id":2965,"href":"https:\/\/proxipel.ch\/pt-pt\/wp-json\/wp\/v2\/posts\/2962\/revisions\/2965"}],"wp:featuredmedia":[{"embeddable":true,"href":"https:\/\/proxipel.ch\/pt-pt\/wp-json\/wp\/v2\/media\/2963"}],"wp:attachment":[{"href":"https:\/\/proxipel.ch\/pt-pt\/wp-json\/wp\/v2\/media?parent=2962"}],"wp:term":[{"taxonomy":"category","embeddable":true,"href":"https:\/\/proxipel.ch\/pt-pt\/wp-json\/wp\/v2\/categories?post=2962"},{"taxonomy":"post_tag","embeddable":true,"href":"https:\/\/proxipel.ch\/pt-pt\/wp-json\/wp\/v2\/tags?post=2962"}],"curies":[{"name":"wp","href":"https:\/\/api.w.org\/{rel}","templated":true}]}}