{"id":2947,"date":"2026-06-24T11:06:08","date_gmt":"2026-06-24T09:06:08","guid":{"rendered":"https:\/\/proxipel.ch\/comunicado-de-imprensa\/"},"modified":"2026-07-16T12:04:30","modified_gmt":"2026-07-16T10:04:30","slug":"comunicado-de-imprensa","status":"publish","type":"post","link":"https:\/\/proxipel.ch\/pt-pt\/comunicado-de-imprensa\/","title":{"rendered":"Inaugura\u00e7\u00e3o da primeira unidade m\u00f3vel de produ\u00e7\u00e3o de pellets do mundo"},"content":{"rendered":"<h2 style=\"text-align: center;\"><strong>Estreia mundial!<\/strong><\/h2>\n<h2 style=\"text-align: center;\"><strong>A Proxipel inaugura em Gimel a primeira unidade m\u00f3vel integral de produ\u00e7\u00e3o de pellets e d\u00e1 in\u00edcio ao seu desenvolvimento industrial.<\/strong><\/h2>\n<p><img decoding=\"async\" class=\"aligncenter wp-image-2811\" src=\"https:\/\/proxipel.ch\/wp-content\/uploads\/2026\/06\/image-logo-Prox-Leman.png\" alt=\"\" width=\"2560\" height=\"1233\" srcset=\"https:\/\/proxipel.ch\/wp-content\/uploads\/2026\/06\/image-logo-Prox-Leman.png 438w, https:\/\/proxipel.ch\/wp-content\/uploads\/2026\/06\/image-logo-Prox-Leman-300x145.png 300w\" sizes=\"(max-width: 2560px) 100vw, 2560px\" \/><\/p>\n<p><strong>Pr\u00e9verenges, 18 de junho de 2026<\/strong><\/p>\n<p><strong>A Proxipel<\/strong> inaugurou hoje, em Gimel (VD), a primeira unidade Proxiflex colocada em funcionamento nas instala\u00e7\u00f5es do seu cliente, <strong>a L\u00e9manpellet<\/strong>. Desenvolvida na Su\u00ed\u00e7a, esta tecnologia inovadora permite<a href=\"https:\/\/proxipel.ch\/pt-pt\/tecnologia\/\"> produzir pellets<\/a> diretamente junto \u00e0 fonte florestal e aos locais de consumo, abrindo caminho para uma nova gera\u00e7\u00e3o de circuitos energ\u00e9ticos de curta dist\u00e2ncia. <\/p>\n<p>Organizado nas instala\u00e7\u00f5es de produ\u00e7\u00e3o da <strong>L\u00e9manpellet<\/strong>, o evento reuniu cerca de 100 participantes dos setores econ\u00f3mico, florestal, energ\u00e9tico, institucional e pol\u00edtico. Entre as personalidades presentes destacavam-se, nomeadamente, <strong>o Sr. Vassilis Venizelos<\/strong>, Conselheiro de Estado do Cant\u00e3o de Vaud, <strong>o Sr. Rapha\u00ebl Conz<\/strong>, Chefe do Servi\u00e7o de Promo\u00e7\u00e3o da Economia e da Inova\u00e7\u00e3o do Cant\u00e3o de Vaud, <strong>o Sr. Daniel Z\u00fcrcher<\/strong>, respons\u00e1vel pela sec\u00e7\u00e3o de Inova\u00e7\u00e3o do OFEV, bem <strong>como a Sra. Katrin Vetsch<\/strong>, presidente da Holzenergie Suisse. <\/p>\n<h2><strong>Uma inova\u00e7\u00e3o ao servi\u00e7o da transi\u00e7\u00e3o energ\u00e9tica<\/strong><\/h2>\n<p><strong>A Proxipel<\/strong> desenvolve <a href=\"https:\/\/proxipel.ch\/pt-pt\/unidade-movel-de-peletizacao-proxipel-proxiflex-em-video\/\">solu\u00e7\u00f5es que permitem transformar localmente subprodutos florestais<\/a>, res\u00edduos de madeira e res\u00edduos agr\u00edcolas em energia renov\u00e1vel. A sua tecnologia Proxiflex constitui uma inova\u00e7\u00e3o \u00fanica no dom\u00ednio da peletiza\u00e7\u00e3o m\u00f3vel. Instalada diretamente nos locais de produ\u00e7\u00e3o de biomassa, reduz os transportes, valoriza recursos at\u00e9 agora pouco explorados e refor\u00e7a a autonomia energ\u00e9tica das regi\u00f5es.  <\/p>\n<p>Integrada no projeto <strong>L\u00e9manpellet<\/strong>, esta primeira unidade demonstra a viabilidade industrial de um modelo baseado na economia circular, na valoriza\u00e7\u00e3o dos recursos locais e na redu\u00e7\u00e3o da pegada de carbono.<\/p>\n<div id=\"attachment_2798\" style=\"width: 2570px\" class=\"wp-caption alignnone\"><img decoding=\"async\" aria-describedby=\"caption-attachment-2798\" class=\"wp-image-2798 size-full\" src=\"https:\/\/proxipel.ch\/wp-content\/uploads\/2026\/06\/unite-proxiflex-cote-droit-scaled.webp\" alt=\"\" width=\"2560\" height=\"1440\" srcset=\"https:\/\/proxipel.ch\/wp-content\/uploads\/2026\/06\/unite-proxiflex-cote-droit-scaled.webp 2560w, https:\/\/proxipel.ch\/wp-content\/uploads\/2026\/06\/unite-proxiflex-cote-droit-1280x720.webp 1280w, https:\/\/proxipel.ch\/wp-content\/uploads\/2026\/06\/unite-proxiflex-cote-droit-980x551.webp 980w, https:\/\/proxipel.ch\/wp-content\/uploads\/2026\/06\/unite-proxiflex-cote-droit-480x270.webp 480w\" sizes=\"(min-width: 0px) and (max-width: 480px) 480px, (min-width: 481px) and (max-width: 980px) 980px, (min-width: 981px) and (max-width: 1280px) 1280px, (min-width: 1281px) 2560px, 100vw\" \/><p id=\"caption-attachment-2798\" class=\"wp-caption-text\"><em>Vista do lado direito da unidade m\u00f3vel Proxipel<\/em><\/p><\/div>\n<h2><strong>Uma resposta concreta aos desafios energ\u00e9ticos e ambientais<\/strong><\/h2>\n<p>Num contexto marcado pela necessidade de reduzir as emiss\u00f5es de<sub>CO\u2082<\/sub> e de refor\u00e7ar a soberania energ\u00e9tica, <strong>a Proxipel prop\u00f5e <\/strong>uma solu\u00e7\u00e3o concreta para as autarquias, <a href=\"https:\/\/proxipel.ch\/pt-pt\/tira-partido-da-tua-reserva-de-madeira-a-solucao-da-proxipel-para-produzir-pellets-locais\/\">os propriet\u00e1rios florestais<\/a> e os intervenientes do setor da madeira.<\/p>\n<p>A tecnologia permite, nomeadamente:<\/p>\n<ul>\n<li>reduzir as dist\u00e2ncias de transporte da biomassa<\/li>\n<li>reduzir as emiss\u00f5es relacionadas com a log\u00edstica<\/li>\n<li>valorizar subprodutos florestais e agr\u00edcolas pouco aproveitados<\/li>\n<li>contribuir para o desenvolvimento de uma energia renov\u00e1vel local<\/li>\n<li>refor\u00e7ar a autonomia dos territ\u00f3rios<\/li>\n<\/ul>\n<p>Esta abordagem enquadra-se perfeitamente nos objetivos de descarboniza\u00e7\u00e3o e de transi\u00e7\u00e3o energ\u00e9tica que as autarquias e os agentes econ\u00f3micos procuram alcan\u00e7ar.<\/p>\n<h2><strong>Um passo importante para o desenvolvimento da Proxipel<\/strong><\/h2>\n<p>A inaugura\u00e7\u00e3o desta primeira unidade marca um passo importante para <strong>a Proxipel<\/strong>. Com a entrada em funcionamento da Proxiflex na<strong> L\u00e9manpellet<\/strong>, a empresa confirma o seu modelo comercial e industrial e d\u00e1 agora in\u00edcio \u00e0 sua fase de industrializa\u00e7\u00e3o. <\/p>\n<p>J\u00e1 foram encomendadas duas novas unidades, que ser\u00e3o constru\u00eddas em 2026. A empresa prev\u00ea a venda de seis m\u00e1quinas em 2026 e, depois, de quinze unidades em 2027, com um foco priorit\u00e1rio nos mercados su\u00ed\u00e7o e franc\u00eas. A partir de 2028, <strong>a Proxipel<\/strong> prev\u00ea uma expans\u00e3o internacional gradual para a Europa, a Am\u00e9rica do Norte e a Am\u00e9rica do Sul.  <\/p>\n<h2><strong>Um ecossistema unido em torno de uma vis\u00e3o comum<\/strong><\/h2>\n<p>O evento permitiu aos participantes conhecer a unidade da Proxiflex em funcionamento e trocar ideias sobre os desafios relacionados com a valoriza\u00e7\u00e3o local da biomassa.<\/p>\n<p>Clientes, fornecedores, parceiros industriais, investidores, representantes das autarquias e intervenientes do setor da madeira marcaram presen\u00e7a para apoiar esta iniciativa. <strong>A Proxipel<\/strong> agradece a todos os participantes, bem como \u00e0s autoridades cantonais e municipais presentes, pelo seu interesse e apoio.<\/p>\n<div id=\"attachment_2802\" style=\"width: 2570px\" class=\"wp-caption alignnone\"><img decoding=\"async\" aria-describedby=\"caption-attachment-2802\" class=\"wp-image-2802 size-full\" src=\"https:\/\/proxipel.ch\/wp-content\/uploads\/2026\/06\/participants-inauguration-Proxiflex-scaled.webp\" alt=\"\" width=\"2560\" height=\"1440\" srcset=\"https:\/\/proxipel.ch\/wp-content\/uploads\/2026\/06\/participants-inauguration-Proxiflex-scaled.webp 2560w, https:\/\/proxipel.ch\/wp-content\/uploads\/2026\/06\/participants-inauguration-Proxiflex-1280x720.webp 1280w, https:\/\/proxipel.ch\/wp-content\/uploads\/2026\/06\/participants-inauguration-Proxiflex-980x551.webp 980w, https:\/\/proxipel.ch\/wp-content\/uploads\/2026\/06\/participants-inauguration-Proxiflex-480x270.webp 480w\" sizes=\"(min-width: 0px) and (max-width: 480px) 480px, (min-width: 481px) and (max-width: 980px) 980px, (min-width: 981px) and (max-width: 1280px) 1280px, (min-width: 1281px) 2560px, 100vw\" \/><p id=\"caption-attachment-2802\" class=\"wp-caption-text\"><em>Alguns dos participantes reunidos em torno da unidade m\u00f3vel Proxiflex da L\u00e9manpellet.<\/em><\/p><\/div>\n<blockquote><p><em>\u00abA Proxipel mostra que a transi\u00e7\u00e3o energ\u00e9tica j\u00e1 n\u00e3o \u00e9 s\u00f3 uma ambi\u00e7\u00e3o: est\u00e1 j\u00e1 em curso gra\u00e7as a inova\u00e7\u00f5es que refor\u00e7am a nossa autonomia energ\u00e9tica e valorizam os recursos dos nossos territ\u00f3rios.\u00bb<\/em> <strong>Vassilis Venizelos<\/strong>, Conselheiro de Estado do Cant\u00e3o de Vaud.<\/p>\n<p><em>\u00abA Proxipel personifica o potencial da inova\u00e7\u00e3o do cant\u00e3o de Vaud: transformar os recursos locais em valor econ\u00f3mico sustent\u00e1vel ao servi\u00e7o dos territ\u00f3rios.\u00bb<\/em><strong> Rapha\u00ebl Conz,<\/strong> Chefe do Servi\u00e7o de Promo\u00e7\u00e3o da Economia e da Inova\u00e7\u00e3o do Cant\u00e3o de Vaud.<\/p><\/blockquote>\n<div id=\"attachment_2806\" style=\"width: 2570px\" class=\"wp-caption alignnone\"><img decoding=\"async\" aria-describedby=\"caption-attachment-2806\" class=\"wp-image-2806 size-full\" src=\"https:\/\/proxipel.ch\/wp-content\/uploads\/2026\/06\/orateurs-inauguration-Proxiflex-scaled.webp\" alt=\"\" width=\"2560\" height=\"1440\" srcset=\"https:\/\/proxipel.ch\/wp-content\/uploads\/2026\/06\/orateurs-inauguration-Proxiflex-scaled.webp 2560w, https:\/\/proxipel.ch\/wp-content\/uploads\/2026\/06\/orateurs-inauguration-Proxiflex-1280x720.webp 1280w, https:\/\/proxipel.ch\/wp-content\/uploads\/2026\/06\/orateurs-inauguration-Proxiflex-980x551.webp 980w, https:\/\/proxipel.ch\/wp-content\/uploads\/2026\/06\/orateurs-inauguration-Proxiflex-480x270.webp 480w\" sizes=\"(min-width: 0px) and (max-width: 480px) 480px, (min-width: 481px) and (max-width: 980px) 980px, (min-width: 981px) and (max-width: 1280px) 1280px, (min-width: 1281px) 2560px, 100vw\" \/><p id=\"caption-attachment-2806\" class=\"wp-caption-text\">Os oradores deste dia: Rapha\u00ebl Conz, Diretor do SPEI; Daniel Z\u00fcrcher, da OFEV; Katrin Vetsch, presidente da Holzenergie Suisse; Richard Pfister, CEO da Proxipel; o Conselheiro de Estado Vassili Venizelos; Emmanuel Guex, presidente da Proxipel; e Laurent Balsiger, presidente da L\u00e9manpellet e diretor da SEFA.<\/p><\/div>\n<blockquote><p><em>\u00abEsta inova\u00e7\u00e3o ilustra na perfei\u00e7\u00e3o o potencial de uma valoriza\u00e7\u00e3o local, circular e eficiente do recurso madeira. Constitui um alavanca concreta para refor\u00e7ar a autonomia energ\u00e9tica dos territ\u00f3rios, contribuindo ao mesmo tempo para a luta contra as altera\u00e7\u00f5es clim\u00e1ticas.\u00bb<\/em> <strong>Katrin Vetsch<\/strong>, presidente da Holzenergie Suisse.<\/p><\/blockquote>\n<h2><strong>Sobre a Proxipel<\/strong><\/h2>\n<p>Com sede na Su\u00ed\u00e7a, <strong>a Proxipel<\/strong> desenvolve solu\u00e7\u00f5es inovadoras para a produ\u00e7\u00e3o local de pellets, com o objetivo de valorizar de forma sustent\u00e1vel os recursos florestais e os subprodutos da madeira. A sua miss\u00e3o \u00e9 aproximar a produ\u00e7\u00e3o de energia da fonte de mat\u00e9ria-prima, para reduzir os transportes, refor\u00e7ar as cadeias de abastecimento de curto raio e contribuir para uma transi\u00e7\u00e3o energ\u00e9tica mais resiliente. <\/p>\n<p>Para al\u00e9m da energia da madeira, a tecnologia Proxiflex tem um potencial de aplica\u00e7\u00e3o mais vasto. Gra\u00e7as \u00e0 sua flexibilidade, consegue transformar diferentes mat\u00e9rias-primas de origem agr\u00edcola, florestal ou org\u00e2nica em pellets destinados \u00e0 produ\u00e7\u00e3o de energia, mas tamb\u00e9m \u00e0 fabrica\u00e7\u00e3o de fertilizantes, ra\u00e7\u00f5es para animais, camas para animais e outros produtos de valor acrescentado. <\/p>\n<h2><strong>Sobre a Lemanpellet<\/strong><\/h2>\n<p>Fundada em 2023 pela SEFA, a AGFORS (Associa\u00e7\u00e3o do Agrupamento Florestal da Serine), o Agrupamento Florestal da Saubrette e a Proxipel, <strong>a L\u00e9manpellet<\/strong> tem como miss\u00e3o produzir e comercializar pellets a partir de biomassa local, seguindo um modelo baseado em circuitos curtos e na economia circular. A empresa contribui para o desenvolvimento de uma cadeia regional de energia da madeira que cria valor para as florestas, os munic\u00edpios e a economia local, ao mesmo tempo que refor\u00e7a a autonomia energ\u00e9tica. <\/p>\n<h2><strong>Contatos para a imprensa<\/strong><\/h2>\n<p><strong>Proxipel SA<\/strong><br \/>\nRichard Pfister<br \/>\nCEO<br \/>\nTel. +41(0)79 333 24 86<br \/>\nZI Le Tr\u00e9si 2, CH \u2013 1028 Pr\u00e9verenges<br \/>\n<a href=\"mailto:r.pfister@proxipel.com\">r.pfister@proxipel.com<\/a><\/p>\n<p><strong>L\u00e9manpellet SA<\/strong><br \/>\nLaurent Balsiger<br \/>\nPresidente<br \/>\nTel. +41(0)21 821 5202<br \/>\n<a href=\"mailto:contact@lemanpellet.ch\">contact@lemanpellet.ch<\/a><br \/>\nChemin Lucien Chevallaz 5, CH \u2013 1170 Aubonne<\/p>\n<h2><strong>N\u00fameros-chave da Proxipel<\/strong><\/h2>\n<ul>\n<li>1.\u00aa unidade da Proxiflex inaugurada em 2026<\/li>\n<li>Quase 100 participantes no evento<\/li>\n<li>J\u00e1 encomend\u00e1mos mais 2 unidades<\/li>\n<li>Meta para 2026: 6 unidades vendidas<\/li>\n<li>Meta para 2027: 15 unidades vendidas<\/li>\n<li>Implanta\u00e7\u00e3o internacional prevista a partir de 2028<\/li>\n<\/ul>\n","protected":false},"excerpt":{"rendered":"<p>Estreia mundial! A Proxipel inaugura em Gimel a primeira unidade m\u00f3vel integral de produ\u00e7\u00e3o de pellets e d\u00e1 in\u00edcio ao seu desenvolvimento industrial. Pr\u00e9verenges, 18 de junho de 2026 A Proxipel inaugurou hoje, em Gimel (VD), a primeira unidade Proxiflex colocada em funcionamento nas instala\u00e7\u00f5es do seu cliente, a L\u00e9manpellet. Desenvolvida na Su\u00ed\u00e7a, esta tecnologia [&hellip;]<\/p>\n","protected":false},"author":6,"featured_media":2951,"comment_status":"open","ping_status":"open","sticky":false,"template":"","format":"standard","meta":{"_et_pb_use_builder":"","_et_pb_old_content":"","_et_gb_content_width":"","inline_featured_image":false,"footnotes":""},"categories":[50],"tags":[],"class_list":["post-2947","post","type-post","status-publish","format-standard","has-post-thumbnail","hentry","category-imprensa"],"yoast_head":"<!-- This site is optimized with the Yoast SEO plugin v28.3 - https:\/\/yoast.com\/product\/yoast-seo-wordpress\/ -->\n<title>Inaugura\u00e7\u00e3o da primeira unidade m\u00f3vel de produ\u00e7\u00e3o de pellets do mundo - Proxipel<\/title>\n<meta name=\"description\" content=\"A Proxipel desenvolve solu\u00e7\u00f5es que permitem transformar localmente os subprodutos florestais em pellets\" \/>\n<meta name=\"robots\" content=\"index, follow, max-snippet:-1, max-image-preview:large, max-video-preview:-1\" \/>\n<link rel=\"canonical\" href=\"https:\/\/proxipel.ch\/pt-pt\/comunicado-de-imprensa\/\" \/>\n<meta property=\"og:locale\" content=\"pt_PT\" \/>\n<meta property=\"og:type\" content=\"article\" \/>\n<meta property=\"og:title\" content=\"Inaugura\u00e7\u00e3o da primeira unidade m\u00f3vel de produ\u00e7\u00e3o de pellets do mundo - Proxipel\" \/>\n<meta property=\"og:description\" content=\"A Proxipel desenvolve solu\u00e7\u00f5es que permitem transformar localmente os subprodutos florestais em pellets\" \/>\n<meta property=\"og:url\" content=\"https:\/\/proxipel.ch\/pt-pt\/comunicado-de-imprensa\/\" \/>\n<meta property=\"og:site_name\" content=\"Proxipel\" \/>\n<meta property=\"article:published_time\" content=\"2026-06-24T09:06:08+00:00\" \/>\n<meta property=\"article:modified_time\" content=\"2026-07-16T10:04:30+00:00\" \/>\n<meta property=\"og:image\" content=\"https:\/\/proxipel.ch\/wp-content\/uploads\/2026\/06\/image-logo-Prox-Leman.png\" \/>\n\t<meta property=\"og:image:width\" content=\"438\" \/>\n\t<meta property=\"og:image:height\" content=\"211\" \/>\n\t<meta property=\"og:image:type\" content=\"image\/png\" \/>\n<meta name=\"author\" content=\"Bertrand Bordenave\" \/>\n<meta name=\"twitter:card\" content=\"summary_large_image\" \/>\n<meta name=\"twitter:label1\" content=\"Escrito por\" \/>\n\t<meta name=\"twitter:data1\" content=\"Bertrand Bordenave\" \/>\n\t<meta name=\"twitter:label2\" content=\"Tempo estimado de leitura\" \/>\n\t<meta name=\"twitter:data2\" content=\"6 minutos\" \/>\n<script type=\"application\/ld+json\" class=\"yoast-schema-graph\">{\"@context\":\"https:\\\/\\\/schema.org\",\"@graph\":[{\"@type\":\"Article\",\"@id\":\"https:\\\/\\\/proxipel.ch\\\/pt-pt\\\/comunicado-de-imprensa\\\/#article\",\"isPartOf\":{\"@id\":\"https:\\\/\\\/proxipel.ch\\\/pt-pt\\\/comunicado-de-imprensa\\\/\"},\"author\":{\"name\":\"Bertrand Bordenave\",\"@id\":\"https:\\\/\\\/proxipel.ch\\\/pt-pt\\\/#\\\/schema\\\/person\\\/14b4c44ffd52db22ee770bc4b0ce909a\"},\"headline\":\"Inaugura\u00e7\u00e3o da primeira unidade m\u00f3vel de produ\u00e7\u00e3o de pellets do mundo\",\"datePublished\":\"2026-06-24T09:06:08+00:00\",\"dateModified\":\"2026-07-16T10:04:30+00:00\",\"mainEntityOfPage\":{\"@id\":\"https:\\\/\\\/proxipel.ch\\\/pt-pt\\\/comunicado-de-imprensa\\\/\"},\"wordCount\":1165,\"commentCount\":0,\"publisher\":{\"@id\":\"https:\\\/\\\/proxipel.ch\\\/pt-pt\\\/#organization\"},\"image\":{\"@id\":\"https:\\\/\\\/proxipel.ch\\\/pt-pt\\\/comunicado-de-imprensa\\\/#primaryimage\"},\"thumbnailUrl\":\"https:\\\/\\\/proxipel.ch\\\/wp-content\\\/uploads\\\/2026\\\/06\\\/image-logo-Prox-Leman.png\",\"articleSection\":[\"Imprensa\"],\"inLanguage\":\"pt-PT\",\"potentialAction\":[{\"@type\":\"CommentAction\",\"name\":\"Comment\",\"target\":[\"https:\\\/\\\/proxipel.ch\\\/pt-pt\\\/comunicado-de-imprensa\\\/#respond\"]}]},{\"@type\":\"WebPage\",\"@id\":\"https:\\\/\\\/proxipel.ch\\\/pt-pt\\\/comunicado-de-imprensa\\\/\",\"url\":\"https:\\\/\\\/proxipel.ch\\\/pt-pt\\\/comunicado-de-imprensa\\\/\",\"name\":\"Inaugura\u00e7\u00e3o da primeira unidade m\u00f3vel de produ\u00e7\u00e3o de pellets do mundo - Proxipel\",\"isPartOf\":{\"@id\":\"https:\\\/\\\/proxipel.ch\\\/pt-pt\\\/#website\"},\"primaryImageOfPage\":{\"@id\":\"https:\\\/\\\/proxipel.ch\\\/pt-pt\\\/comunicado-de-imprensa\\\/#primaryimage\"},\"image\":{\"@id\":\"https:\\\/\\\/proxipel.ch\\\/pt-pt\\\/comunicado-de-imprensa\\\/#primaryimage\"},\"thumbnailUrl\":\"https:\\\/\\\/proxipel.ch\\\/wp-content\\\/uploads\\\/2026\\\/06\\\/image-logo-Prox-Leman.png\",\"datePublished\":\"2026-06-24T09:06:08+00:00\",\"dateModified\":\"2026-07-16T10:04:30+00:00\",\"description\":\"A Proxipel desenvolve solu\u00e7\u00f5es que permitem transformar localmente os subprodutos florestais em pellets\",\"breadcrumb\":{\"@id\":\"https:\\\/\\\/proxipel.ch\\\/pt-pt\\\/comunicado-de-imprensa\\\/#breadcrumb\"},\"inLanguage\":\"pt-PT\",\"potentialAction\":[{\"@type\":\"ReadAction\",\"target\":[\"https:\\\/\\\/proxipel.ch\\\/pt-pt\\\/comunicado-de-imprensa\\\/\"]}]},{\"@type\":\"ImageObject\",\"inLanguage\":\"pt-PT\",\"@id\":\"https:\\\/\\\/proxipel.ch\\\/pt-pt\\\/comunicado-de-imprensa\\\/#primaryimage\",\"url\":\"https:\\\/\\\/proxipel.ch\\\/wp-content\\\/uploads\\\/2026\\\/06\\\/image-logo-Prox-Leman.png\",\"contentUrl\":\"https:\\\/\\\/proxipel.ch\\\/wp-content\\\/uploads\\\/2026\\\/06\\\/image-logo-Prox-Leman.png\",\"width\":438,\"height\":211},{\"@type\":\"BreadcrumbList\",\"@id\":\"https:\\\/\\\/proxipel.ch\\\/pt-pt\\\/comunicado-de-imprensa\\\/#breadcrumb\",\"itemListElement\":[{\"@type\":\"ListItem\",\"position\":1,\"name\":\"P\u00e1gina inicial\",\"item\":\"https:\\\/\\\/proxipel.ch\\\/pt-pt\\\/\"},{\"@type\":\"ListItem\",\"position\":2,\"name\":\"Inaugura\u00e7\u00e3o da primeira unidade m\u00f3vel de produ\u00e7\u00e3o de pellets do mundo\"}]},{\"@type\":\"WebSite\",\"@id\":\"https:\\\/\\\/proxipel.ch\\\/pt-pt\\\/#website\",\"url\":\"https:\\\/\\\/proxipel.ch\\\/pt-pt\\\/\",\"name\":\"Proxipel\",\"description\":\"La premi\u00e8re unit\u00e9 mobile de pelletisation int\u00e9grale\",\"publisher\":{\"@id\":\"https:\\\/\\\/proxipel.ch\\\/pt-pt\\\/#organization\"},\"potentialAction\":[{\"@type\":\"SearchAction\",\"target\":{\"@type\":\"EntryPoint\",\"urlTemplate\":\"https:\\\/\\\/proxipel.ch\\\/pt-pt\\\/?s={search_term_string}\"},\"query-input\":{\"@type\":\"PropertyValueSpecification\",\"valueRequired\":true,\"valueName\":\"search_term_string\"}}],\"inLanguage\":\"pt-PT\"},{\"@type\":\"Organization\",\"@id\":\"https:\\\/\\\/proxipel.ch\\\/pt-pt\\\/#organization\",\"name\":\"Proxipel\",\"url\":\"https:\\\/\\\/proxipel.ch\\\/pt-pt\\\/\",\"logo\":{\"@type\":\"ImageObject\",\"inLanguage\":\"pt-PT\",\"@id\":\"https:\\\/\\\/proxipel.ch\\\/pt-pt\\\/#\\\/schema\\\/logo\\\/image\\\/\",\"url\":\"https:\\\/\\\/proxipel.ch\\\/wp-content\\\/uploads\\\/2024\\\/04\\\/proxipel.svg\",\"contentUrl\":\"https:\\\/\\\/proxipel.ch\\\/wp-content\\\/uploads\\\/2024\\\/04\\\/proxipel.svg\",\"width\":\"1024\",\"height\":\"1024\",\"caption\":\"Proxipel\"},\"image\":{\"@id\":\"https:\\\/\\\/proxipel.ch\\\/pt-pt\\\/#\\\/schema\\\/logo\\\/image\\\/\"}},{\"@type\":\"Person\",\"@id\":\"https:\\\/\\\/proxipel.ch\\\/pt-pt\\\/#\\\/schema\\\/person\\\/14b4c44ffd52db22ee770bc4b0ce909a\",\"name\":\"Bertrand Bordenave\",\"image\":{\"@type\":\"ImageObject\",\"inLanguage\":\"pt-PT\",\"@id\":\"https:\\\/\\\/secure.gravatar.com\\\/avatar\\\/e17b5e0af21b580beae0180a27aa4d7661a659aea637f7c5133d8954df6b313b?s=96&d=mm&r=g\",\"url\":\"https:\\\/\\\/secure.gravatar.com\\\/avatar\\\/e17b5e0af21b580beae0180a27aa4d7661a659aea637f7c5133d8954df6b313b?s=96&d=mm&r=g\",\"contentUrl\":\"https:\\\/\\\/secure.gravatar.com\\\/avatar\\\/e17b5e0af21b580beae0180a27aa4d7661a659aea637f7c5133d8954df6b313b?s=96&d=mm&r=g\",\"caption\":\"Bertrand Bordenave\"},\"url\":\"https:\\\/\\\/proxipel.ch\\\/pt-pt\\\/author\\\/b-bordenaveproxipel-com\\\/\"}]}<\/script>\n<!-- \/ Yoast SEO plugin. -->","yoast_head_json":{"title":"Inaugura\u00e7\u00e3o da primeira unidade m\u00f3vel de produ\u00e7\u00e3o de pellets do mundo - Proxipel","description":"A Proxipel desenvolve solu\u00e7\u00f5es que permitem transformar localmente os subprodutos florestais em pellets","robots":{"index":"index","follow":"follow","max-snippet":"max-snippet:-1","max-image-preview":"max-image-preview:large","max-video-preview":"max-video-preview:-1"},"canonical":"https:\/\/proxipel.ch\/pt-pt\/comunicado-de-imprensa\/","og_locale":"pt_PT","og_type":"article","og_title":"Inaugura\u00e7\u00e3o da primeira unidade m\u00f3vel de produ\u00e7\u00e3o de pellets do mundo - Proxipel","og_description":"A Proxipel desenvolve solu\u00e7\u00f5es que permitem transformar localmente os subprodutos florestais em pellets","og_url":"https:\/\/proxipel.ch\/pt-pt\/comunicado-de-imprensa\/","og_site_name":"Proxipel","article_published_time":"2026-06-24T09:06:08+00:00","article_modified_time":"2026-07-16T10:04:30+00:00","og_image":[{"width":438,"height":211,"url":"https:\/\/proxipel.ch\/wp-content\/uploads\/2026\/06\/image-logo-Prox-Leman.png","type":"image\/png"}],"author":"Bertrand Bordenave","twitter_card":"summary_large_image","twitter_misc":{"Escrito por":"Bertrand Bordenave","Tempo estimado de leitura":"6 minutos"},"schema":{"@context":"https:\/\/schema.org","@graph":[{"@type":"Article","@id":"https:\/\/proxipel.ch\/pt-pt\/comunicado-de-imprensa\/#article","isPartOf":{"@id":"https:\/\/proxipel.ch\/pt-pt\/comunicado-de-imprensa\/"},"author":{"name":"Bertrand Bordenave","@id":"https:\/\/proxipel.ch\/pt-pt\/#\/schema\/person\/14b4c44ffd52db22ee770bc4b0ce909a"},"headline":"Inaugura\u00e7\u00e3o da primeira unidade m\u00f3vel de produ\u00e7\u00e3o de pellets do mundo","datePublished":"2026-06-24T09:06:08+00:00","dateModified":"2026-07-16T10:04:30+00:00","mainEntityOfPage":{"@id":"https:\/\/proxipel.ch\/pt-pt\/comunicado-de-imprensa\/"},"wordCount":1165,"commentCount":0,"publisher":{"@id":"https:\/\/proxipel.ch\/pt-pt\/#organization"},"image":{"@id":"https:\/\/proxipel.ch\/pt-pt\/comunicado-de-imprensa\/#primaryimage"},"thumbnailUrl":"https:\/\/proxipel.ch\/wp-content\/uploads\/2026\/06\/image-logo-Prox-Leman.png","articleSection":["Imprensa"],"inLanguage":"pt-PT","potentialAction":[{"@type":"CommentAction","name":"Comment","target":["https:\/\/proxipel.ch\/pt-pt\/comunicado-de-imprensa\/#respond"]}]},{"@type":"WebPage","@id":"https:\/\/proxipel.ch\/pt-pt\/comunicado-de-imprensa\/","url":"https:\/\/proxipel.ch\/pt-pt\/comunicado-de-imprensa\/","name":"Inaugura\u00e7\u00e3o da primeira unidade m\u00f3vel de produ\u00e7\u00e3o de pellets do mundo - Proxipel","isPartOf":{"@id":"https:\/\/proxipel.ch\/pt-pt\/#website"},"primaryImageOfPage":{"@id":"https:\/\/proxipel.ch\/pt-pt\/comunicado-de-imprensa\/#primaryimage"},"image":{"@id":"https:\/\/proxipel.ch\/pt-pt\/comunicado-de-imprensa\/#primaryimage"},"thumbnailUrl":"https:\/\/proxipel.ch\/wp-content\/uploads\/2026\/06\/image-logo-Prox-Leman.png","datePublished":"2026-06-24T09:06:08+00:00","dateModified":"2026-07-16T10:04:30+00:00","description":"A Proxipel desenvolve solu\u00e7\u00f5es que permitem transformar localmente os subprodutos florestais em pellets","breadcrumb":{"@id":"https:\/\/proxipel.ch\/pt-pt\/comunicado-de-imprensa\/#breadcrumb"},"inLanguage":"pt-PT","potentialAction":[{"@type":"ReadAction","target":["https:\/\/proxipel.ch\/pt-pt\/comunicado-de-imprensa\/"]}]},{"@type":"ImageObject","inLanguage":"pt-PT","@id":"https:\/\/proxipel.ch\/pt-pt\/comunicado-de-imprensa\/#primaryimage","url":"https:\/\/proxipel.ch\/wp-content\/uploads\/2026\/06\/image-logo-Prox-Leman.png","contentUrl":"https:\/\/proxipel.ch\/wp-content\/uploads\/2026\/06\/image-logo-Prox-Leman.png","width":438,"height":211},{"@type":"BreadcrumbList","@id":"https:\/\/proxipel.ch\/pt-pt\/comunicado-de-imprensa\/#breadcrumb","itemListElement":[{"@type":"ListItem","position":1,"name":"P\u00e1gina inicial","item":"https:\/\/proxipel.ch\/pt-pt\/"},{"@type":"ListItem","position":2,"name":"Inaugura\u00e7\u00e3o da primeira unidade m\u00f3vel de produ\u00e7\u00e3o de pellets do mundo"}]},{"@type":"WebSite","@id":"https:\/\/proxipel.ch\/pt-pt\/#website","url":"https:\/\/proxipel.ch\/pt-pt\/","name":"Proxipel","description":"La premi\u00e8re unit\u00e9 mobile de pelletisation int\u00e9grale","publisher":{"@id":"https:\/\/proxipel.ch\/pt-pt\/#organization"},"potentialAction":[{"@type":"SearchAction","target":{"@type":"EntryPoint","urlTemplate":"https:\/\/proxipel.ch\/pt-pt\/?s={search_term_string}"},"query-input":{"@type":"PropertyValueSpecification","valueRequired":true,"valueName":"search_term_string"}}],"inLanguage":"pt-PT"},{"@type":"Organization","@id":"https:\/\/proxipel.ch\/pt-pt\/#organization","name":"Proxipel","url":"https:\/\/proxipel.ch\/pt-pt\/","logo":{"@type":"ImageObject","inLanguage":"pt-PT","@id":"https:\/\/proxipel.ch\/pt-pt\/#\/schema\/logo\/image\/","url":"https:\/\/proxipel.ch\/wp-content\/uploads\/2024\/04\/proxipel.svg","contentUrl":"https:\/\/proxipel.ch\/wp-content\/uploads\/2024\/04\/proxipel.svg","width":"1024","height":"1024","caption":"Proxipel"},"image":{"@id":"https:\/\/proxipel.ch\/pt-pt\/#\/schema\/logo\/image\/"}},{"@type":"Person","@id":"https:\/\/proxipel.ch\/pt-pt\/#\/schema\/person\/14b4c44ffd52db22ee770bc4b0ce909a","name":"Bertrand Bordenave","image":{"@type":"ImageObject","inLanguage":"pt-PT","@id":"https:\/\/secure.gravatar.com\/avatar\/e17b5e0af21b580beae0180a27aa4d7661a659aea637f7c5133d8954df6b313b?s=96&d=mm&r=g","url":"https:\/\/secure.gravatar.com\/avatar\/e17b5e0af21b580beae0180a27aa4d7661a659aea637f7c5133d8954df6b313b?s=96&d=mm&r=g","contentUrl":"https:\/\/secure.gravatar.com\/avatar\/e17b5e0af21b580beae0180a27aa4d7661a659aea637f7c5133d8954df6b313b?s=96&d=mm&r=g","caption":"Bertrand Bordenave"},"url":"https:\/\/proxipel.ch\/pt-pt\/author\/b-bordenaveproxipel-com\/"}]}},"_links":{"self":[{"href":"https:\/\/proxipel.ch\/pt-pt\/wp-json\/wp\/v2\/posts\/2947","targetHints":{"allow":["GET"]}}],"collection":[{"href":"https:\/\/proxipel.ch\/pt-pt\/wp-json\/wp\/v2\/posts"}],"about":[{"href":"https:\/\/proxipel.ch\/pt-pt\/wp-json\/wp\/v2\/types\/post"}],"author":[{"embeddable":true,"href":"https:\/\/proxipel.ch\/pt-pt\/wp-json\/wp\/v2\/users\/6"}],"replies":[{"embeddable":true,"href":"https:\/\/proxipel.ch\/pt-pt\/wp-json\/wp\/v2\/comments?post=2947"}],"version-history":[{"count":2,"href":"https:\/\/proxipel.ch\/pt-pt\/wp-json\/wp\/v2\/posts\/2947\/revisions"}],"predecessor-version":[{"id":4175,"href":"https:\/\/proxipel.ch\/pt-pt\/wp-json\/wp\/v2\/posts\/2947\/revisions\/4175"}],"wp:featuredmedia":[{"embeddable":true,"href":"https:\/\/proxipel.ch\/pt-pt\/wp-json\/wp\/v2\/media\/2951"}],"wp:attachment":[{"href":"https:\/\/proxipel.ch\/pt-pt\/wp-json\/wp\/v2\/media?parent=2947"}],"wp:term":[{"taxonomy":"category","embeddable":true,"href":"https:\/\/proxipel.ch\/pt-pt\/wp-json\/wp\/v2\/categories?post=2947"},{"taxonomy":"post_tag","embeddable":true,"href":"https:\/\/proxipel.ch\/pt-pt\/wp-json\/wp\/v2\/tags?post=2947"}],"curies":[{"name":"wp","href":"https:\/\/api.w.org\/{rel}","templated":true}]}}