{"id":4111,"date":"2026-07-17T16:17:55","date_gmt":"2026-07-17T14:17:55","guid":{"rendered":"https:\/\/proxipel.ch\/?p=4111"},"modified":"2026-07-17T16:17:56","modified_gmt":"2026-07-17T14:17:56","slug":"inauguracion-de-la-primera-unidad-movil-e-integral-de-peletizacion","status":"publish","type":"post","link":"https:\/\/proxipel.ch\/es\/inauguracion-de-la-primera-unidad-movil-e-integral-de-peletizacion\/","title":{"rendered":"Inauguraci\u00f3n de la primera unidad m\u00f3vil e integral de peletizaci\u00f3n"},"content":{"rendered":"<h2>ART\u00cdCULOS DE PRENSA<\/h2>\n<p>Para leer los art\u00edculos, haz clic en el t\u00edtulo<\/p>\n<ul>\n<li><a href=\"https:\/\/www.lacote.ch\/vaud\/la-cote\/morges-district\/gimel\/gimel-proxipel-a-devoile-son-usine-mobile-de-production-de-pellets-une-premiere-mondiale-1503563\">La C\u00f4te, 22\/06\/2026, Gimel: Proxipel ha presentado su planta m\u00f3vil de producci\u00f3n de pellets, \u00abuna primicia mundial\u00bb<\/a><\/li>\n<li><a href=\"https:\/\/www.lacote.ch\/newsletter\/la_cote\/des-pellets-locaux-a-gimel-des-millesimes-a-rolle-et-une-bonne-cuvee-de-caribana-la-matinale-du-lundi-22juin-1503687\">La costa, El programa matinal del 22 de junio de 2026, Mi preciosa furgoneta, el rey de los bosques\u2026 nacida en los vi\u00f1edos.<\/a><\/li>\n<li><a href=\"https:\/\/www.pme.ch\/actualites\/pellets-cette-innovation-vaudoise-pourrait-changer-la-filiere\/tbl1xq5\">PME, 18\/06\/2026, Estreno mundial: se inaugura una planta m\u00f3vil de pellets en Gimel (VD)<\/a><\/li>\n<li style=\"text-align: left;\"><a href=\"https:\/\/www.letemps.ch\/economie\/apres-seize-ans-de-labeur-proxipel-est-pare-pour-doper-le-marche-des-pellets\">Le Temps, 18\/06\/2026. Tras diecis\u00e9is a\u00f1os de trabajo, Proxipel est\u00e1 lista para impulsar el mercado de los pellets<\/a><\/li>\n<li>24 Heures, 13\/07\/2026, Con sus camiones de pellets, Proxipel ve la luz al final del t\u00fanel<\/li>\n<\/ul>\n<p><img decoding=\"async\" class=\"wp-image-4127 aligncenter\" src=\"https:\/\/proxipel.ch\/wp-content\/uploads\/2026\/07\/Capture-decran-2026-07-15-160616.webp\" alt=\"granulaci\u00f3n\" width=\"395\" height=\"260\"><\/p>\n","protected":false},"excerpt":{"rendered":"<p>ART\u00cdCULOS DE PRENSA Para leer los art\u00edculos, haz clic en el t\u00edtulo La C\u00f4te, 22\/06\/2026, Gimel: Proxipel ha presentado su planta m\u00f3vil de producci\u00f3n de pellets, \u00abuna primicia mundial\u00bb La costa, El programa matinal del 22 de junio de 2026, Mi preciosa furgoneta, el rey de los bosques\u2026 nacida en los vi\u00f1edos. PME, 18\/06\/2026, Estreno [&hellip;]<\/p>\n","protected":false},"author":6,"featured_media":0,"comment_status":"open","ping_status":"open","sticky":false,"template":"","format":"standard","meta":{"_et_pb_use_builder":"","_et_pb_old_content":"","_et_gb_content_width":"","inline_featured_image":false,"footnotes":""},"categories":[49],"tags":[],"class_list":["post-4111","post","type-post","status-publish","format-standard","hentry","category-prensa"],"yoast_head":"<!-- This site is optimized with the Yoast SEO plugin v28.3 - https:\/\/yoast.com\/product\/yoast-seo-wordpress\/ -->\n<title>Inauguraci\u00f3n de la primera unidad m\u00f3vil e integral de peletizaci\u00f3n - Proxipel<\/title>\n<meta name=\"robots\" content=\"index, follow, max-snippet:-1, max-image-preview:large, max-video-preview:-1\" \/>\n<link rel=\"canonical\" href=\"https:\/\/proxipel.ch\/es\/inauguracion-de-la-primera-unidad-movil-e-integral-de-peletizacion\/\" \/>\n<meta property=\"og:locale\" content=\"es_ES\" \/>\n<meta property=\"og:type\" content=\"article\" \/>\n<meta property=\"og:title\" content=\"Inauguraci\u00f3n de la primera unidad m\u00f3vil e integral de peletizaci\u00f3n - Proxipel\" \/>\n<meta property=\"og:description\" content=\"ART\u00cdCULOS DE PRENSA Para leer los art\u00edculos, haz clic en el t\u00edtulo La C\u00f4te, 22\/06\/2026, Gimel: Proxipel ha presentado su planta m\u00f3vil de producci\u00f3n de pellets, \u00abuna primicia mundial\u00bb La costa, El programa matinal del 22 de junio de 2026, Mi preciosa furgoneta, el rey de los bosques\u2026 nacida en los vi\u00f1edos. PME, 18\/06\/2026, Estreno [&hellip;]\" \/>\n<meta property=\"og:url\" content=\"https:\/\/proxipel.ch\/es\/inauguracion-de-la-primera-unidad-movil-e-integral-de-peletizacion\/\" \/>\n<meta property=\"og:site_name\" content=\"Proxipel\" \/>\n<meta property=\"article:published_time\" content=\"2026-07-17T14:17:55+00:00\" \/>\n<meta property=\"article:modified_time\" content=\"2026-07-17T14:17:56+00:00\" \/>\n<meta property=\"og:image\" content=\"https:\/\/proxipel.ch\/wp-content\/uploads\/2026\/07\/Capture-decran-2026-07-15-160616.webp\" \/>\n\t<meta property=\"og:image:width\" content=\"1546\" \/>\n\t<meta property=\"og:image:height\" content=\"1017\" \/>\n\t<meta property=\"og:image:type\" content=\"image\/webp\" \/>\n<meta name=\"author\" content=\"Bertrand Bordenave\" \/>\n<meta name=\"twitter:card\" content=\"summary_large_image\" \/>\n<meta name=\"twitter:label1\" content=\"Escrito por\" \/>\n\t<meta name=\"twitter:data1\" content=\"Bertrand Bordenave\" \/>\n\t<meta name=\"twitter:label2\" content=\"Tiempo de lectura\" \/>\n\t<meta name=\"twitter:data2\" content=\"1 minuto\" \/>\n<script type=\"application\/ld+json\" class=\"yoast-schema-graph\">{\"@context\":\"https:\\\/\\\/schema.org\",\"@graph\":[{\"@type\":\"Article\",\"@id\":\"https:\\\/\\\/proxipel.ch\\\/es\\\/inauguracion-de-la-primera-unidad-movil-e-integral-de-peletizacion\\\/#article\",\"isPartOf\":{\"@id\":\"https:\\\/\\\/proxipel.ch\\\/es\\\/inauguracion-de-la-primera-unidad-movil-e-integral-de-peletizacion\\\/\"},\"author\":{\"name\":\"Bertrand Bordenave\",\"@id\":\"https:\\\/\\\/proxipel.ch\\\/es\\\/#\\\/schema\\\/person\\\/14b4c44ffd52db22ee770bc4b0ce909a\"},\"headline\":\"Inauguraci\u00f3n de la primera unidad m\u00f3vil e integral de peletizaci\u00f3n\",\"datePublished\":\"2026-07-17T14:17:55+00:00\",\"dateModified\":\"2026-07-17T14:17:56+00:00\",\"mainEntityOfPage\":{\"@id\":\"https:\\\/\\\/proxipel.ch\\\/es\\\/inauguracion-de-la-primera-unidad-movil-e-integral-de-peletizacion\\\/\"},\"wordCount\":117,\"commentCount\":0,\"publisher\":{\"@id\":\"https:\\\/\\\/proxipel.ch\\\/es\\\/#organization\"},\"image\":{\"@id\":\"https:\\\/\\\/proxipel.ch\\\/es\\\/inauguracion-de-la-primera-unidad-movil-e-integral-de-peletizacion\\\/#primaryimage\"},\"thumbnailUrl\":\"https:\\\/\\\/proxipel.ch\\\/wp-content\\\/uploads\\\/2026\\\/07\\\/Capture-decran-2026-07-15-160616.webp\",\"articleSection\":[\"Prensa\"],\"inLanguage\":\"es\",\"potentialAction\":[{\"@type\":\"CommentAction\",\"name\":\"Comment\",\"target\":[\"https:\\\/\\\/proxipel.ch\\\/es\\\/inauguracion-de-la-primera-unidad-movil-e-integral-de-peletizacion\\\/#respond\"]}]},{\"@type\":\"WebPage\",\"@id\":\"https:\\\/\\\/proxipel.ch\\\/es\\\/inauguracion-de-la-primera-unidad-movil-e-integral-de-peletizacion\\\/\",\"url\":\"https:\\\/\\\/proxipel.ch\\\/es\\\/inauguracion-de-la-primera-unidad-movil-e-integral-de-peletizacion\\\/\",\"name\":\"Inauguraci\u00f3n de la primera unidad m\u00f3vil e integral de peletizaci\u00f3n - Proxipel\",\"isPartOf\":{\"@id\":\"https:\\\/\\\/proxipel.ch\\\/es\\\/#website\"},\"primaryImageOfPage\":{\"@id\":\"https:\\\/\\\/proxipel.ch\\\/es\\\/inauguracion-de-la-primera-unidad-movil-e-integral-de-peletizacion\\\/#primaryimage\"},\"image\":{\"@id\":\"https:\\\/\\\/proxipel.ch\\\/es\\\/inauguracion-de-la-primera-unidad-movil-e-integral-de-peletizacion\\\/#primaryimage\"},\"thumbnailUrl\":\"https:\\\/\\\/proxipel.ch\\\/wp-content\\\/uploads\\\/2026\\\/07\\\/Capture-decran-2026-07-15-160616.webp\",\"datePublished\":\"2026-07-17T14:17:55+00:00\",\"dateModified\":\"2026-07-17T14:17:56+00:00\",\"breadcrumb\":{\"@id\":\"https:\\\/\\\/proxipel.ch\\\/es\\\/inauguracion-de-la-primera-unidad-movil-e-integral-de-peletizacion\\\/#breadcrumb\"},\"inLanguage\":\"es\",\"potentialAction\":[{\"@type\":\"ReadAction\",\"target\":[\"https:\\\/\\\/proxipel.ch\\\/es\\\/inauguracion-de-la-primera-unidad-movil-e-integral-de-peletizacion\\\/\"]}]},{\"@type\":\"ImageObject\",\"inLanguage\":\"es\",\"@id\":\"https:\\\/\\\/proxipel.ch\\\/es\\\/inauguracion-de-la-primera-unidad-movil-e-integral-de-peletizacion\\\/#primaryimage\",\"url\":\"https:\\\/\\\/proxipel.ch\\\/wp-content\\\/uploads\\\/2026\\\/07\\\/Capture-decran-2026-07-15-160616.webp\",\"contentUrl\":\"https:\\\/\\\/proxipel.ch\\\/wp-content\\\/uploads\\\/2026\\\/07\\\/Capture-decran-2026-07-15-160616.webp\"},{\"@type\":\"BreadcrumbList\",\"@id\":\"https:\\\/\\\/proxipel.ch\\\/es\\\/inauguracion-de-la-primera-unidad-movil-e-integral-de-peletizacion\\\/#breadcrumb\",\"itemListElement\":[{\"@type\":\"ListItem\",\"position\":1,\"name\":\"Inicio\",\"item\":\"https:\\\/\\\/proxipel.ch\\\/es\\\/\"},{\"@type\":\"ListItem\",\"position\":2,\"name\":\"Inauguraci\u00f3n de la primera unidad m\u00f3vil e integral de peletizaci\u00f3n\"}]},{\"@type\":\"WebSite\",\"@id\":\"https:\\\/\\\/proxipel.ch\\\/es\\\/#website\",\"url\":\"https:\\\/\\\/proxipel.ch\\\/es\\\/\",\"name\":\"Proxipel\",\"description\":\"La premi\u00e8re unit\u00e9 mobile de pelletisation int\u00e9grale\",\"publisher\":{\"@id\":\"https:\\\/\\\/proxipel.ch\\\/es\\\/#organization\"},\"potentialAction\":[{\"@type\":\"SearchAction\",\"target\":{\"@type\":\"EntryPoint\",\"urlTemplate\":\"https:\\\/\\\/proxipel.ch\\\/es\\\/?s={search_term_string}\"},\"query-input\":{\"@type\":\"PropertyValueSpecification\",\"valueRequired\":true,\"valueName\":\"search_term_string\"}}],\"inLanguage\":\"es\"},{\"@type\":\"Organization\",\"@id\":\"https:\\\/\\\/proxipel.ch\\\/es\\\/#organization\",\"name\":\"Proxipel\",\"url\":\"https:\\\/\\\/proxipel.ch\\\/es\\\/\",\"logo\":{\"@type\":\"ImageObject\",\"inLanguage\":\"es\",\"@id\":\"https:\\\/\\\/proxipel.ch\\\/es\\\/#\\\/schema\\\/logo\\\/image\\\/\",\"url\":\"https:\\\/\\\/proxipel.ch\\\/wp-content\\\/uploads\\\/2024\\\/04\\\/proxipel.svg\",\"contentUrl\":\"https:\\\/\\\/proxipel.ch\\\/wp-content\\\/uploads\\\/2024\\\/04\\\/proxipel.svg\",\"width\":\"1024\",\"height\":\"1024\",\"caption\":\"Proxipel\"},\"image\":{\"@id\":\"https:\\\/\\\/proxipel.ch\\\/es\\\/#\\\/schema\\\/logo\\\/image\\\/\"}},{\"@type\":\"Person\",\"@id\":\"https:\\\/\\\/proxipel.ch\\\/es\\\/#\\\/schema\\\/person\\\/14b4c44ffd52db22ee770bc4b0ce909a\",\"name\":\"Bertrand Bordenave\",\"image\":{\"@type\":\"ImageObject\",\"inLanguage\":\"es\",\"@id\":\"https:\\\/\\\/secure.gravatar.com\\\/avatar\\\/e17b5e0af21b580beae0180a27aa4d7661a659aea637f7c5133d8954df6b313b?s=96&d=mm&r=g\",\"url\":\"https:\\\/\\\/secure.gravatar.com\\\/avatar\\\/e17b5e0af21b580beae0180a27aa4d7661a659aea637f7c5133d8954df6b313b?s=96&d=mm&r=g\",\"contentUrl\":\"https:\\\/\\\/secure.gravatar.com\\\/avatar\\\/e17b5e0af21b580beae0180a27aa4d7661a659aea637f7c5133d8954df6b313b?s=96&d=mm&r=g\",\"caption\":\"Bertrand Bordenave\"},\"url\":\"https:\\\/\\\/proxipel.ch\\\/es\\\/author\\\/b-bordenaveproxipel-com\\\/\"}]}<\/script>\n<!-- \/ Yoast SEO plugin. -->","yoast_head_json":{"title":"Inauguraci\u00f3n de la primera unidad m\u00f3vil e integral de peletizaci\u00f3n - Proxipel","robots":{"index":"index","follow":"follow","max-snippet":"max-snippet:-1","max-image-preview":"max-image-preview:large","max-video-preview":"max-video-preview:-1"},"canonical":"https:\/\/proxipel.ch\/es\/inauguracion-de-la-primera-unidad-movil-e-integral-de-peletizacion\/","og_locale":"es_ES","og_type":"article","og_title":"Inauguraci\u00f3n de la primera unidad m\u00f3vil e integral de peletizaci\u00f3n - Proxipel","og_description":"ART\u00cdCULOS DE PRENSA Para leer los art\u00edculos, haz clic en el t\u00edtulo La C\u00f4te, 22\/06\/2026, Gimel: Proxipel ha presentado su planta m\u00f3vil de producci\u00f3n de pellets, \u00abuna primicia mundial\u00bb La costa, El programa matinal del 22 de junio de 2026, Mi preciosa furgoneta, el rey de los bosques\u2026 nacida en los vi\u00f1edos. PME, 18\/06\/2026, Estreno [&hellip;]","og_url":"https:\/\/proxipel.ch\/es\/inauguracion-de-la-primera-unidad-movil-e-integral-de-peletizacion\/","og_site_name":"Proxipel","article_published_time":"2026-07-17T14:17:55+00:00","article_modified_time":"2026-07-17T14:17:56+00:00","og_image":[{"width":1546,"height":1017,"url":"https:\/\/proxipel.ch\/wp-content\/uploads\/2026\/07\/Capture-decran-2026-07-15-160616.webp","type":"image\/webp"}],"author":"Bertrand Bordenave","twitter_card":"summary_large_image","twitter_misc":{"Escrito por":"Bertrand Bordenave","Tiempo de lectura":"1 minuto"},"schema":{"@context":"https:\/\/schema.org","@graph":[{"@type":"Article","@id":"https:\/\/proxipel.ch\/es\/inauguracion-de-la-primera-unidad-movil-e-integral-de-peletizacion\/#article","isPartOf":{"@id":"https:\/\/proxipel.ch\/es\/inauguracion-de-la-primera-unidad-movil-e-integral-de-peletizacion\/"},"author":{"name":"Bertrand Bordenave","@id":"https:\/\/proxipel.ch\/es\/#\/schema\/person\/14b4c44ffd52db22ee770bc4b0ce909a"},"headline":"Inauguraci\u00f3n de la primera unidad m\u00f3vil e integral de peletizaci\u00f3n","datePublished":"2026-07-17T14:17:55+00:00","dateModified":"2026-07-17T14:17:56+00:00","mainEntityOfPage":{"@id":"https:\/\/proxipel.ch\/es\/inauguracion-de-la-primera-unidad-movil-e-integral-de-peletizacion\/"},"wordCount":117,"commentCount":0,"publisher":{"@id":"https:\/\/proxipel.ch\/es\/#organization"},"image":{"@id":"https:\/\/proxipel.ch\/es\/inauguracion-de-la-primera-unidad-movil-e-integral-de-peletizacion\/#primaryimage"},"thumbnailUrl":"https:\/\/proxipel.ch\/wp-content\/uploads\/2026\/07\/Capture-decran-2026-07-15-160616.webp","articleSection":["Prensa"],"inLanguage":"es","potentialAction":[{"@type":"CommentAction","name":"Comment","target":["https:\/\/proxipel.ch\/es\/inauguracion-de-la-primera-unidad-movil-e-integral-de-peletizacion\/#respond"]}]},{"@type":"WebPage","@id":"https:\/\/proxipel.ch\/es\/inauguracion-de-la-primera-unidad-movil-e-integral-de-peletizacion\/","url":"https:\/\/proxipel.ch\/es\/inauguracion-de-la-primera-unidad-movil-e-integral-de-peletizacion\/","name":"Inauguraci\u00f3n de la primera unidad m\u00f3vil e integral de peletizaci\u00f3n - Proxipel","isPartOf":{"@id":"https:\/\/proxipel.ch\/es\/#website"},"primaryImageOfPage":{"@id":"https:\/\/proxipel.ch\/es\/inauguracion-de-la-primera-unidad-movil-e-integral-de-peletizacion\/#primaryimage"},"image":{"@id":"https:\/\/proxipel.ch\/es\/inauguracion-de-la-primera-unidad-movil-e-integral-de-peletizacion\/#primaryimage"},"thumbnailUrl":"https:\/\/proxipel.ch\/wp-content\/uploads\/2026\/07\/Capture-decran-2026-07-15-160616.webp","datePublished":"2026-07-17T14:17:55+00:00","dateModified":"2026-07-17T14:17:56+00:00","breadcrumb":{"@id":"https:\/\/proxipel.ch\/es\/inauguracion-de-la-primera-unidad-movil-e-integral-de-peletizacion\/#breadcrumb"},"inLanguage":"es","potentialAction":[{"@type":"ReadAction","target":["https:\/\/proxipel.ch\/es\/inauguracion-de-la-primera-unidad-movil-e-integral-de-peletizacion\/"]}]},{"@type":"ImageObject","inLanguage":"es","@id":"https:\/\/proxipel.ch\/es\/inauguracion-de-la-primera-unidad-movil-e-integral-de-peletizacion\/#primaryimage","url":"https:\/\/proxipel.ch\/wp-content\/uploads\/2026\/07\/Capture-decran-2026-07-15-160616.webp","contentUrl":"https:\/\/proxipel.ch\/wp-content\/uploads\/2026\/07\/Capture-decran-2026-07-15-160616.webp"},{"@type":"BreadcrumbList","@id":"https:\/\/proxipel.ch\/es\/inauguracion-de-la-primera-unidad-movil-e-integral-de-peletizacion\/#breadcrumb","itemListElement":[{"@type":"ListItem","position":1,"name":"Inicio","item":"https:\/\/proxipel.ch\/es\/"},{"@type":"ListItem","position":2,"name":"Inauguraci\u00f3n de la primera unidad m\u00f3vil e integral de peletizaci\u00f3n"}]},{"@type":"WebSite","@id":"https:\/\/proxipel.ch\/es\/#website","url":"https:\/\/proxipel.ch\/es\/","name":"Proxipel","description":"La premi\u00e8re unit\u00e9 mobile de pelletisation int\u00e9grale","publisher":{"@id":"https:\/\/proxipel.ch\/es\/#organization"},"potentialAction":[{"@type":"SearchAction","target":{"@type":"EntryPoint","urlTemplate":"https:\/\/proxipel.ch\/es\/?s={search_term_string}"},"query-input":{"@type":"PropertyValueSpecification","valueRequired":true,"valueName":"search_term_string"}}],"inLanguage":"es"},{"@type":"Organization","@id":"https:\/\/proxipel.ch\/es\/#organization","name":"Proxipel","url":"https:\/\/proxipel.ch\/es\/","logo":{"@type":"ImageObject","inLanguage":"es","@id":"https:\/\/proxipel.ch\/es\/#\/schema\/logo\/image\/","url":"https:\/\/proxipel.ch\/wp-content\/uploads\/2024\/04\/proxipel.svg","contentUrl":"https:\/\/proxipel.ch\/wp-content\/uploads\/2024\/04\/proxipel.svg","width":"1024","height":"1024","caption":"Proxipel"},"image":{"@id":"https:\/\/proxipel.ch\/es\/#\/schema\/logo\/image\/"}},{"@type":"Person","@id":"https:\/\/proxipel.ch\/es\/#\/schema\/person\/14b4c44ffd52db22ee770bc4b0ce909a","name":"Bertrand Bordenave","image":{"@type":"ImageObject","inLanguage":"es","@id":"https:\/\/secure.gravatar.com\/avatar\/e17b5e0af21b580beae0180a27aa4d7661a659aea637f7c5133d8954df6b313b?s=96&d=mm&r=g","url":"https:\/\/secure.gravatar.com\/avatar\/e17b5e0af21b580beae0180a27aa4d7661a659aea637f7c5133d8954df6b313b?s=96&d=mm&r=g","contentUrl":"https:\/\/secure.gravatar.com\/avatar\/e17b5e0af21b580beae0180a27aa4d7661a659aea637f7c5133d8954df6b313b?s=96&d=mm&r=g","caption":"Bertrand Bordenave"},"url":"https:\/\/proxipel.ch\/es\/author\/b-bordenaveproxipel-com\/"}]}},"_links":{"self":[{"href":"https:\/\/proxipel.ch\/es\/wp-json\/wp\/v2\/posts\/4111","targetHints":{"allow":["GET"]}}],"collection":[{"href":"https:\/\/proxipel.ch\/es\/wp-json\/wp\/v2\/posts"}],"about":[{"href":"https:\/\/proxipel.ch\/es\/wp-json\/wp\/v2\/types\/post"}],"author":[{"embeddable":true,"href":"https:\/\/proxipel.ch\/es\/wp-json\/wp\/v2\/users\/6"}],"replies":[{"embeddable":true,"href":"https:\/\/proxipel.ch\/es\/wp-json\/wp\/v2\/comments?post=4111"}],"version-history":[{"count":1,"href":"https:\/\/proxipel.ch\/es\/wp-json\/wp\/v2\/posts\/4111\/revisions"}],"predecessor-version":[{"id":4172,"href":"https:\/\/proxipel.ch\/es\/wp-json\/wp\/v2\/posts\/4111\/revisions\/4172"}],"wp:attachment":[{"href":"https:\/\/proxipel.ch\/es\/wp-json\/wp\/v2\/media?parent=4111"}],"wp:term":[{"taxonomy":"category","embeddable":true,"href":"https:\/\/proxipel.ch\/es\/wp-json\/wp\/v2\/categories?post=4111"},{"taxonomy":"post_tag","embeddable":true,"href":"https:\/\/proxipel.ch\/es\/wp-json\/wp\/v2\/tags?post=4111"}],"curies":[{"name":"wp","href":"https:\/\/api.w.org\/{rel}","templated":true}]}}