{"id":2901,"date":"2025-06-13T10:40:59","date_gmt":"2025-06-13T08:40:59","guid":{"rendered":"https:\/\/proxipel.ch\/fabricacion-de-pellets-de-madera-como-funciona\/"},"modified":"2026-07-14T18:46:31","modified_gmt":"2026-07-14T16:46:31","slug":"fabricacion-de-pellets-de-madera-como-funciona","status":"publish","type":"post","link":"https:\/\/proxipel.ch\/es\/fabricacion-de-pellets-de-madera-como-funciona\/","title":{"rendered":"Fabricaci\u00f3n de pellets de madera: \u00bfc\u00f3mo funciona?"},"content":{"rendered":"<p>[et_pb_section fb_built=\u00bb1&#8243; admin_label=\u00bbsection\u00bb _builder_version=\u00bb4.16&#8243; global_colors_info=\u00bb{}\u00bb][et_pb_row admin_label=\u00bbfila\u00bb _builder_version=\u00bb4.16&#8243; background_size=\u00bbinitial\u00bb background_position=\u00bbtop_left\u00bb background_repeat=\u00bbrepeat\u00bb global_colors_info=\u00bb{}\u00bb][et_pb_column type=\u00bb4_4&#8243; _builder_version=\u00bb4.16&#8243; custom_padding=\u00bb|||\u00bb global_colors_info=\u00bb{}\u00bb custom_padding__hover=\u00bb|||\u00bb][et_pb_text admin_label=\u00bbText\u00bb _builder_version=\u00bb4.16&#8243; background_size=\u00bbinitial\u00bb background_position=\u00bbtop_left\u00bb background_repeat=\u00bbrepeat\u00bb global_colors_info=\u00bb{}\u00bb]<\/p>\n<p>Los gr\u00e1nulos de madera, o pellets, cada vez tienen m\u00e1s \u00e9xito por su rendimiento energ\u00e9tico y su bajo impacto medioambiental. Pero, \u00bfc\u00f3mo se fabrican estos peque\u00f1os cilindros de serr\u00edn comprimido? \u00bfQu\u00e9 criterios de calidad hay que cumplir? \u00bfQu\u00e9 retos afronta el sector? En este art\u00edculo te ofrezco una gu\u00eda completa sobre la fabricaci\u00f3n de pellets de madera, para que entiendas mejor este producto clave de la transici\u00f3n energ\u00e9tica.      <img decoding=\"async\" class=\"aligncenter wp-image-1386 size-large\" src=\"https:\/\/proxipel.ch\/wp-content\/uploads\/2025\/05\/unite-mobile-Proxipel-1024x637.webp\" alt=\"Unidad m\u00f3vil de granulaci\u00f3n Proxipel\" width=\"1024\" height=\"637\" srcset=\"https:\/\/proxipel.ch\/wp-content\/uploads\/2025\/05\/unite-mobile-Proxipel-980x610.webp 980w, https:\/\/proxipel.ch\/wp-content\/uploads\/2025\/05\/unite-mobile-Proxipel-480x299.webp 480w\" sizes=\"(min-width: 0px) and (max-width: 480px) 480px, (min-width: 481px) and (max-width: 980px) 980px, (min-width: 981px) 1024px, 100vw\" \/><\/p>\n<h2><strong>Entender qu\u00e9 es un pellet de madera<\/strong><\/h2>\n<p>Un pellet de madera es un <strong>cilindro compactado de serr\u00edn o virutas de madera<\/strong>, que suele medir entre 6 y 8 mm de di\u00e1metro y unos 10 a 25 mm de longitud. Es un combustible 100 % natural. Su fabricaci\u00f3n se basa en un principio sencillo: <strong>concentrar la energ\u00eda de la madera en un formato denso, homog\u00e9neo y f\u00e1cil de transportar,<\/strong> sin a\u00f1adir aglutinantes qu\u00edmicos. Hoy en d\u00eda, el pellet se utiliza para:   <\/p>\n<ul>\n<li>la calefacci\u00f3n dom\u00e9stica (estufas, calderas),<\/li>\n<li>la generaci\u00f3n de calor en el sector industrial o terciario (calderas de biomasa y multicombustibles),<\/li>\n<li>y, en menor medida, para usos espec\u00edficos (lecho para animales, abono, barbacoa\u2026).<\/li>\n<\/ul>\n<h2><strong>Una materia prima clave: el serr\u00edn seco<\/strong><\/h2>\n<h3>Todo empieza por la elecci\u00f3n de la materia prima.<\/h3>\n<p>Los pellets de madera suelen fabricarse a partir de subproductos de la primera transformaci\u00f3n de la madera:  <img decoding=\"async\" class=\"size-medium wp-image-1508 alignright\" src=\"https:\/\/proxipel.ch\/wp-content\/uploads\/2025\/06\/Etapes-de-Broyage-du-Bois-300x200.webp\" alt=\"Pasos-para-triturar-la-madera\" width=\"300\" height=\"200\"><\/p>\n<ul>\n<li>serr\u00edn (aserraderos, cepilladeros),<\/li>\n<li>virutas o plaquitas limpias,<\/li>\n<li>Tambi\u00e9n se utilizan, aunque en menor medida, troncos procedentes de las talas de aclareo necesarias para el mantenimiento de los bosques y de las talas sanitarias que permiten eliminar los \u00e1rboles enfermos o muertos.<\/li>\n<li>o, en su caso, restos de madera sin tratar.<\/li>\n<li>Seg\u00fan el tipo de materia prima, se producen diferentes clases de pellets: A1, A2 y B. Echa un vistazo al art\u00edculo <a href=\"https:\/\/proxipel.ch\/es\/como-elegir-los-pellets-de-madera-para-la-calefaccion-proxipel\/\"><span style=\"color: #99cc00;\">\u00abC\u00f3mo elegir tus pellets\u00bb<\/span><\/a> para m\u00e1s detalles.<\/li>\n<\/ul>\n<p>Esto es fundamental: para garantizar un granulado de calidad, es imprescindible usar madera virgen, sin tratamientos qu\u00edmicos, ni pegamento, ni pintura. Adem\u00e1s, la materia prima debe ser homog\u00e9nea: <\/p>\n<ul>\n<li>componente principal: madera de con\u00edferas (pino, abeto, p\u00edcea) \u2192 excelente capacidad aglutinante natural (la lignina).<\/li>\n<li>Tambi\u00e9n se pueden usar \u00e1rboles de hoja ancha, y eso no afecta en absoluto a la calidad de los pellets.<\/li>\n<li>A veces es necesario a\u00f1adir un aditivo natural, el almid\u00f3n de ma\u00edz, para garantizar que los gr\u00e1nulos se mantengan bien unidos.<\/li>\n<li>Por \u00faltimo, la materia prima debe secarse previamente. El nivel \u00f3ptimo de humedad oscila entre el 8 % y el 12 % antes de la granulaci\u00f3n. <\/li>\n<\/ul>\n<h3>\u00bfQu\u00e9 tipo de material se puede convertir en gr\u00e1nulos?<\/h3>\n<p>El proceso de granulaci\u00f3n siempre se basa en las mismas etapas principales, que veremos en detalle m\u00e1s adelante. Sin embargo, las limitaciones var\u00edan mucho seg\u00fan el tipo de materia prima que se quiera aprovechar: residuos de aserradero, miscanthus, excrementos de aves de corral u otros residuos org\u00e1nicos. Echa un vistazo a nuestros art\u00edculos especializados para conocer mejor cada tipo de biomasa.  <\/p>\n<div style=\"display: flex; gap: 10px; align-items: stretch; width: 100%; flex-wrap: nowrap;\">\n<p>&nbsp;<\/p>\n<div style=\"border: 1px solid #d9d9d9; border-radius: 10px; padding: 14px; background: #f8f8f8; min-height: 190px; box-sizing: border-box; height: 100%;\">\n<h3 style=\"margin: 0 0 8px 0; font-size: 16px; line-height: 1.25;\">Triturar miscanthus<\/h3>\n<p style=\"margin: 0 0 12px 0; font-size: 13px; line-height: 1.45; color: #4a4a4a;\">Una biomasa alternativa a la le\u00f1a para producir energ\u00eda, que se puede aprovechar en forma de pellets.<\/p>\n<p><a href=\"https:\/\/proxipel.ch\/es\/pellets-de-miscanthus-una-alternativa-sostenible-a-la-lena-como-fuente-de-energia\/\"><span style=\"display: inline-block; background: #A3c85f; color: #fff; padding: 7px 10px; border-radius: 7px; font-size: 12px; font-weight: 600;\">Leer el art\u00edculo<\/span><\/a><\/p>\n<\/div>\n<p>&nbsp;<\/p>\n<p>&nbsp;<\/p>\n<div style=\"border: 1px solid #d9d9d9; border-radius: 10px; padding: 14px; background: #f8f8f8; min-height: 190px; box-sizing: border-box; height: 100%;\">\n<h3 style=\"margin: 0 0 8px 0; font-size: 16px; line-height: 1.25;\">Excrementos de aves de corral<\/h3>\n<p style=\"margin: 0 0 12px 0; font-size: 13px; line-height: 1.45; color: #4a4a4a;\">Una iniciativa local para convertir los residuos org\u00e1nicos en gr\u00e1nulos.<\/p>\n<p><a href=\"https:\/\/proxipel.ch\/es\/pellets-de-excrementos-de-gallina-aprovechamiento-agricola-local\/\"><span style=\"display: inline-block; background: #A3c85f; color: #fff; padding: 7px 10px; border-radius: 7px; font-size: 12px; font-weight: 600;\">Descubre el tema<\/span><\/a><\/p>\n<\/div>\n<p>&nbsp;<\/p>\n<p>&nbsp;<\/p>\n<div style=\"border: 1px solid #d9d9d9; border-radius: 10px; padding: 14px; background: #f8f8f8; min-height: 190px; box-sizing: border-box; height: 100%;\">\n<h3 style=\"margin: 0 0 8px 0; font-size: 16px; line-height: 1.25;\">Residuos org\u00e1nicos<\/h3>\n<p style=\"margin: 0 0 12px 0; font-size: 13px; line-height: 1.45; color: #4a4a4a;\">Entender c\u00f3mo se pueden reciclar ciertos residuos para convertirlos en gr\u00e1nulos.<\/p>\n<p><a href=\"https:\/\/proxipel.ch\/es\/convertir-los-residuos-organicos-en-abono-granulado\/\"><span style=\"display: inline-block; background: #A3c85f; color: #fff; padding: 7px 10px; border-radius: 7px; font-size: 12px; font-weight: 600;\">Aprovechamiento de los residuos org\u00e1nicos<\/span><\/a><\/p>\n<\/div>\n<p>&nbsp;<\/p>\n<p>&nbsp;<\/p>\n<div style=\"border: 1px solid #d9d9d9; border-radius: 10px; padding: 14px; background: #f8f8f8; min-height: 190px; box-sizing: border-box; height: 100%;\">\n<h3 style=\"margin: 0 0 8px 0; font-size: 16px; line-height: 1.25;\">Productos relacionados con el aserrado<\/h3>\n<p style=\"margin: 0 0 12px 0; font-size: 13px; line-height: 1.45; color: #4a4a4a;\">Serr\u00edn y virutas: una fuente natural para fabricar pellets.<\/p>\n<p><a href=\"https:\/\/proxipel.ch\/es\/aserradero-transforma-tus-residuos-de-madera-en-pellets-alli-mismo\/\"><span style=\"display: inline-block; background: #A3c85f; color: #fff; padding: 7px 10px; border-radius: 7px; font-size: 12px; font-weight: 600;\">Ver el caso de uso<\/span><\/a><\/p>\n<\/div>\n<p>&nbsp;<\/p>\n<\/div>\n<h2><strong>Las principales etapas de fabricaci\u00f3n<\/strong><\/h2>\n<p>Veamos ahora las diferentes etapas del proceso industrial:<\/p>\n<h3><strong>  La recolecci\u00f3n de la materia prima<\/strong><\/h3>\n<p>La materia prima se recoge, como ya hemos visto, en aserraderos, cepilladeros, talleres de carpinter\u00eda o empresas forestales. Cabe destacar que <a href=\"https:\/\/proxipel.ch\/es\/\"><span style=\"text-decoration: underline;\"><strong>Proxipel, con su soluci\u00f3n m\u00f3vil,<\/strong> <\/span><\/a>permite acercarse al lugar de producci\u00f3n de la materia prima para transformarla in situ y reducir as\u00ed significativamente los desplazamientos<em>.<\/em> <\/p>\n<h3><strong>La trituraci\u00f3n<\/strong><\/h3>\n<p><img decoding=\"async\" class=\"size-medium wp-image-548 alignleft\" src=\"https:\/\/proxipel.ch\/wp-content\/uploads\/2024\/05\/IMG_3757-225x300.jpg\" alt=\"Molinos refinadores\" width=\"225\" height=\"300\">  Los materiales se trituran previamente en una o dos etapas. Los subproductos de la explotaci\u00f3n forestal se someten a una primera trituraci\u00f3n gruesa que permite obtener astillas con un tama\u00f1o de grano de entre 30 y 60 mm. A continuaci\u00f3n, las astillas y otros residuos m\u00e1s peque\u00f1os (serr\u00edn, virutas) se introducen en un<a href=\"https:\/\/proxipel.ch\/es\/proxiflex\/\"><span style=\"text-decoration: underline;\"> trituradora de refinado<\/span><\/a> de martillos que produce fibras de tama\u00f1o uniforme. Proxipel, con su modelo Proxiflex, admite residuos de madera de hasta 50 mm en una tolva situada en la parte trasera del remolque y, a continuaci\u00f3n, los dos trituradores refinadores montados en serie e integrados en la m\u00e1quina permiten obtener la granulometr\u00eda necesaria para fabricar el pellet.   <\/p>\n<h3><\/h3>\n<h3><\/h3>\n<h3><\/h3>\n<h3><\/h3>\n<h3><strong><\/strong><\/h3>\n<p><strong><\/strong><\/p>\n<h3><strong><\/strong><\/h3>\n<h3><strong><\/strong><\/h3>\n<h3><strong>El secado<\/strong><\/h3>\n<p><img decoding=\"async\" class=\"size-medium wp-image-678 alignleft\" src=\"https:\/\/proxipel.ch\/wp-content\/uploads\/2024\/09\/sechoir-300x200.jpg\" alt=\"Secador patentado Proxipel\" width=\"300\" height=\"200\">  El material triturado finamente se seca en un <span style=\"text-decoration: underline;\"><a href=\"https:\/\/proxipel.ch\/es\/proxiflex\/\">secador de tambor.<\/a><\/span> Esta etapa, que consume mucha energ\u00eda, suele ser neutra en CO\u2082 porque se alimenta con otros residuos del aserradero. En Proxipel, por ejemplo, el secador patentado integrado en el proceso permite procesar materiales con hasta un 50 % de humedad, y el quemador se alimenta con una parte de los pellets producidos (alrededor del 10 %). <\/p>\n<h3><\/h3>\n<h3><\/h3>\n<p>&nbsp;<\/p>\n<h3><strong><\/strong><\/h3>\n<h3><strong><\/strong><\/h3>\n<h3><strong>Granulaci\u00f3n<\/strong><\/h3>\n<p>Lo m\u00e1s importante del proceso: la materia seca y calibrada se introduce en una <a href=\"https:\/\/proxipel.ch\/es\/proxiflex\/\"><span style=\"text-decoration: underline;\"><strong>prensa de pellets<\/strong>.<\/span><\/a> <img decoding=\"async\" class=\"size-medium wp-image-628 alignleft\" src=\"https:\/\/proxipel.ch\/wp-content\/uploads\/2024\/09\/ZellwegerMPE-20240827-L1040542-300x200.jpg\" alt=\"\" width=\"300\" height=\"200\"><\/p>\n<ul>\n<li>Se comprime en una matriz cil\u00edndrica con orificios de entre 6 y 12 mm, seg\u00fan el di\u00e1metro de gr\u00e1nulo que se quiera obtener. Una cuchilla corta los gr\u00e1nulos a una longitud m\u00e1xima de 4 cm al salir de la matriz. <\/li>\n<li>Bajo el efecto de la presi\u00f3n y el calor (generado por la fricci\u00f3n), la lignina natural de la madera se derrite ligeramente, actuando como pegamento.<\/li>\n<li>As\u00ed, el serr\u00edn se compacta y se extruye en forma de peque\u00f1os cilindros de madera.<\/li>\n<\/ul>\n<div class=\"mceTemp\"><\/div>\n<p><strong>Aspectos clave<\/strong> que debes tener en cuenta:<\/p>\n<ul>\n<li>temperatura de prensado (entre unos 80 y 120 \u00b0C),<\/li>\n<li>velocidad de rotaci\u00f3n,<\/li>\n<li>calidad de las carreras,<\/li>\n<li>homogeneidad de la alimentaci\u00f3n.<\/li>\n<\/ul>\n<h3><strong>  Enfriamiento y cribado<\/strong><\/h3>\n<p>Los gr\u00e1nulos salen de la prensa a\u00fan calientes (70\u00b0) y ligeramente deformables.<\/p>\n<ul>\n<li>Pasan por un <strong>enfriador<\/strong>de aire que los estabiliza mec\u00e1nicamente. El enfriamiento permite conseguir una buena dureza del granulado y completa el secado, con lo que la humedad queda entre el 5 y el 10 %. <\/li>\n<li>A continuaci\u00f3n, el granulado se transporta a una criba que lo separa de las part\u00edculas finas (polvo) para quedarnos solo con el producto que cumple con los requisitos.<strong style=\"color: #333333; font-size: 22px;\"> <\/strong><\/li>\n<\/ul>\n<h3><strong>Envasado<\/strong><\/h3>\n<p>A continuaci\u00f3n, los gr\u00e1nulos:<\/p>\n<ul>\n<li>almacenados a granel (en silos), para su entrega en camiones sopladores<\/li>\n<li>o envasados en sacos (normalmente de 15 kg) para el mercado general, sobre todo.<\/li>\n<\/ul>\n<p>El <strong>transporte<\/strong> debe realizarse con cuidado para limitar la generaci\u00f3n de part\u00edculas finas (&lt;, idealmente un 1 %).<\/p>\n<h2><strong>Los criterios de calidad de los pellets de madera<\/strong><\/h2>\n<p>Para garantizar una combusti\u00f3n \u00f3ptima y proteger los equipos de los usuarios, existen varias <strong>normas<\/strong> que regulan la calidad de los pellets. La mayor\u00eda de los pellets del mercado franc\u00e9s (97 %) cuentan con las tres certificaciones existentes: Dinplus, Enplus y NF Biocombustibles s\u00f3lidos. En Europa, la norma de referencia es la ENplus A1. Los criterios principales son:   <\/p>\n<table style=\"width: 100%; border-collapse: collapse; border: 1px solid #e0e0e0; font-family: Arial, sans-serif; font-size: 16px;\">\n<thead>\n<tr style=\"background-color: #f9f9f9;\">\n<th style=\"border: 1px solid #e0e0e0; padding: 10px; text-align: left;\">Criterio<\/th>\n<th style=\"border: 1px solid #e0e0e0; padding: 10px; text-align: left;\">Valor objetivo<\/th>\n<\/tr>\n<\/thead>\n<tbody>\n<tr>\n<td style=\"border: 1px solid #e0e0e0; padding: 10px;\">Humedad<\/td>\n<td style=\"border: 1px solid #e0e0e0; padding: 10px;\">\u2264 10 %<\/td>\n<\/tr>\n<tr>\n<td style=\"border: 1px solid #e0e0e0; padding: 10px;\">Contenido en cenizas<\/td>\n<td style=\"border: 1px solid #e0e0e0; padding: 10px;\">\u2264 0,7 %<\/td>\n<\/tr>\n<tr>\n<td style=\"border: 1px solid #e0e0e0; padding: 10px;\">Poder calor\u00edfico (PCI)<\/td>\n<td style=\"border: 1px solid #e0e0e0; padding: 10px;\">\u2265 4,6 kWh\/kg<\/td>\n<\/tr>\n<tr>\n<td style=\"border: 1px solid #e0e0e0; padding: 10px;\">Porcentaje de finos<\/td>\n<td style=\"border: 1px solid #e0e0e0; padding: 10px;\">\u2264 1 %<\/td>\n<\/tr>\n<tr>\n<td style=\"border: 1px solid #e0e0e0; padding: 10px;\">Resistencia mec\u00e1nica<\/td>\n<td style=\"border: 1px solid #e0e0e0; padding: 10px;\">\u2265 97,5 %<\/td>\n<\/tr>\n<\/tbody>\n<\/table>\n<p>El cumplimiento de estos criterios garantiza:<\/p>\n<ul>\n<li>una combusti\u00f3n limpia (menos holl\u00edn),<\/li>\n<li>un rendimiento \u00f3ptimo,<\/li>\n<li>una mayor vida \u00fatil de las estufas y calderas.<\/li>\n<\/ul>\n<p>Hay otros criterios que pueden influir a la hora de elegir los pellets. Echa un vistazo a nuestro art\u00edculo<a href=\"https:\/\/proxipel.ch\/es\/como-elegir-los-pellets-de-madera-para-la-calefaccion-proxipel\/\"><span style=\"color: #99cc00;\"> \u00abC\u00f3mo elegir bien tus pellets\u00bb<\/span><\/a> <\/p>\n<h2><strong>Retos medioambientales y perspectivas<\/strong><\/h2>\n<p>Los pellets de madera forman parte de una<a href=\"https:\/\/proxipel.ch\/es\/\"><span style=\"text-decoration: underline;\"><strong>econom\u00eda circular<\/strong>:<\/span><\/a><\/p>\n<ul>\n<li>aprovechamiento de los subproductos de los aserraderos,<\/li>\n<li>producci\u00f3n local, cadenas cortas,<\/li>\n<li>sustituci\u00f3n de las energ\u00edas f\u00f3siles.<\/li>\n<\/ul>\n<p>Sin embargo, el sector debe asegurarse de:<\/p>\n<ul>\n<li>mantener un equilibrio entre los recursos y la demanda,<\/li>\n<li>garantizar una trazabilidad ejemplar,<\/li>\n<li>optimizar el rendimiento medioambiental de las unidades de producci\u00f3n (sobre todo la energ\u00eda que se usa para el secado).<\/li>\n<\/ul>\n<p>Hoy en d\u00eda, la innovaci\u00f3n se centra en:<\/p>\n<ul>\n<li>el desarrollo de pellets a partir de recursos alternativos (madera de setos, c\u00e1\u00f1amo, bamb\u00fa, posos de caf\u00e9),<\/li>\n<li>la integraci\u00f3n en sistemas energ\u00e9ticos m\u00e1s completos (redes de calefacci\u00f3n),<\/li>\n<li>la mejora del rendimiento de los equipos (calderas de \u00faltima generaci\u00f3n).<\/li>\n<\/ul>\n<h2><strong>Conclusi\u00f3n<\/strong><\/h2>\n<p>Fabricar pellets de madera de calidad es un trabajo exigente, que se basa en una selecci\u00f3n rigurosa de las materias primas, un control minucioso del proceso industrial y el cumplimiento de las normas m\u00e1s estrictas.<\/p>\n<p data-start=\"460\" data-end=\"775\">En <strong data-start=\"465\" data-end=\"477\">Proxipel<\/strong>, aprovechamos nuestra experiencia para ayudar a nuestros clientes a encontrar soluciones de valorizaci\u00f3n locales, sostenibles y eficaces. Gracias a nuestra tecnolog\u00eda m\u00f3vil \u00fanica, transformamos los residuos de madera directamente in situ, reduciendo as\u00ed los costes log\u00edsticos y la huella de carbono. <\/p>\n<p data-start=\"777\" data-end=\"1059\">\u00bfQuieres saber m\u00e1s sobre nuestro enfoque? \u00bfDescubrir c\u00f3mo sacar el m\u00e1ximo partido a tus subproductos forestales, residuos agr\u00edcolas o residuos de aserradero? <br data-start=\"924\" data-end=\"927\"><a href=\"https:\/\/proxipel.ch\/es\/ponte-en-contacto-con\/\"><span style=\"text-decoration: underline;\">Ponte en contacto hoy mismo<\/span><\/a> con nuestros equipos: estaremos encantados de asesorarte y de dise\u00f1ar contigo soluciones a medida.<\/p>\n<p>[\/et_pb_text][\/et_pb_column][\/et_pb_row][\/et_pb_section]<\/p>\n","protected":false},"excerpt":{"rendered":"<p>Los gr\u00e1nulos de madera, o pellets, cada vez tienen m\u00e1s \u00e9xito por su rendimiento energ\u00e9tico y su bajo impacto medioambiental. Pero, \u00bfc\u00f3mo se fabrican estos peque\u00f1os cilindros de serr\u00edn comprimido? \u00bfQu\u00e9 criterios de calidad hay que cumplir? \u00bfQu\u00e9 retos afronta el sector? En este art\u00edculo te ofrezco una gu\u00eda completa sobre la fabricaci\u00f3n de pellets [&hellip;]<\/p>\n","protected":false},"author":6,"featured_media":1389,"comment_status":"open","ping_status":"open","sticky":false,"template":"","format":"standard","meta":{"_et_pb_use_builder":"on","_et_pb_old_content":"","_et_gb_content_width":"","inline_featured_image":false,"footnotes":""},"categories":[42],"tags":[],"class_list":["post-2901","post","type-post","status-publish","format-standard","has-post-thumbnail","hentry","category-blog"],"yoast_head":"<!-- This site is optimized with the Yoast SEO plugin v28.3 - https:\/\/yoast.com\/product\/yoast-seo-wordpress\/ -->\n<title>Fabricaci\u00f3n de pellets de madera: \u00bfc\u00f3mo funciona? - Proxipel<\/title>\n<meta name=\"description\" content=\"Desde la materia prima hasta el pellet acabado: descubre el proceso de fabricaci\u00f3n de los pellets de madera, paso a paso. Te explicamos el secado, la trituraci\u00f3n y la granulaci\u00f3n.\" \/>\n<meta name=\"robots\" content=\"index, follow, max-snippet:-1, max-image-preview:large, max-video-preview:-1\" \/>\n<link rel=\"canonical\" href=\"https:\/\/proxipel.ch\/es\/fabricacion-de-pellets-de-madera-como-funciona\/\" \/>\n<meta property=\"og:locale\" content=\"es_ES\" \/>\n<meta property=\"og:type\" content=\"article\" \/>\n<meta property=\"og:title\" content=\"Fabricaci\u00f3n de pellets de madera: \u00bfc\u00f3mo funciona? - Proxipel\" \/>\n<meta property=\"og:description\" content=\"Desde la materia prima hasta el pellet acabado: descubre el proceso de fabricaci\u00f3n de los pellets de madera, paso a paso. Te explicamos el secado, la trituraci\u00f3n y la granulaci\u00f3n.\" \/>\n<meta property=\"og:url\" content=\"https:\/\/proxipel.ch\/es\/fabricacion-de-pellets-de-madera-como-funciona\/\" \/>\n<meta property=\"og:site_name\" content=\"Proxipel\" \/>\n<meta property=\"article:published_time\" content=\"2025-06-13T08:40:59+00:00\" \/>\n<meta property=\"article:modified_time\" content=\"2026-07-14T16:46:31+00:00\" \/>\n<meta property=\"og:image\" content=\"https:\/\/proxipel.ch\/wp-content\/uploads\/2025\/05\/unite-mobile-Proxipel-scaled.webp\" \/>\n\t<meta property=\"og:image:width\" content=\"2560\" \/>\n\t<meta property=\"og:image:height\" content=\"1594\" \/>\n\t<meta property=\"og:image:type\" content=\"image\/webp\" \/>\n<meta name=\"author\" content=\"Bertrand Bordenave\" \/>\n<meta name=\"twitter:card\" content=\"summary_large_image\" \/>\n<meta name=\"twitter:label1\" content=\"Escrito por\" \/>\n\t<meta name=\"twitter:data1\" content=\"Bertrand Bordenave\" \/>\n\t<meta name=\"twitter:label2\" content=\"Tiempo de lectura\" \/>\n\t<meta name=\"twitter:data2\" content=\"8 minutos\" \/>\n<script type=\"application\/ld+json\" class=\"yoast-schema-graph\">{\"@context\":\"https:\\\/\\\/schema.org\",\"@graph\":[{\"@type\":\"Article\",\"@id\":\"https:\\\/\\\/proxipel.ch\\\/es\\\/fabricacion-de-pellets-de-madera-como-funciona\\\/#article\",\"isPartOf\":{\"@id\":\"https:\\\/\\\/proxipel.ch\\\/es\\\/fabricacion-de-pellets-de-madera-como-funciona\\\/\"},\"author\":{\"name\":\"Bertrand Bordenave\",\"@id\":\"https:\\\/\\\/proxipel.ch\\\/es\\\/#\\\/schema\\\/person\\\/14b4c44ffd52db22ee770bc4b0ce909a\"},\"headline\":\"Fabricaci\u00f3n de pellets de madera: \u00bfc\u00f3mo funciona?\",\"datePublished\":\"2025-06-13T08:40:59+00:00\",\"dateModified\":\"2026-07-14T16:46:31+00:00\",\"mainEntityOfPage\":{\"@id\":\"https:\\\/\\\/proxipel.ch\\\/es\\\/fabricacion-de-pellets-de-madera-como-funciona\\\/\"},\"wordCount\":1619,\"commentCount\":0,\"publisher\":{\"@id\":\"https:\\\/\\\/proxipel.ch\\\/es\\\/#organization\"},\"image\":{\"@id\":\"https:\\\/\\\/proxipel.ch\\\/es\\\/fabricacion-de-pellets-de-madera-como-funciona\\\/#primaryimage\"},\"thumbnailUrl\":\"https:\\\/\\\/proxipel.ch\\\/wp-content\\\/uploads\\\/2025\\\/05\\\/unite-mobile-Proxipel-scaled.webp\",\"articleSection\":[\"Blog\"],\"inLanguage\":\"es\",\"potentialAction\":[{\"@type\":\"CommentAction\",\"name\":\"Comment\",\"target\":[\"https:\\\/\\\/proxipel.ch\\\/es\\\/fabricacion-de-pellets-de-madera-como-funciona\\\/#respond\"]}]},{\"@type\":\"WebPage\",\"@id\":\"https:\\\/\\\/proxipel.ch\\\/es\\\/fabricacion-de-pellets-de-madera-como-funciona\\\/\",\"url\":\"https:\\\/\\\/proxipel.ch\\\/es\\\/fabricacion-de-pellets-de-madera-como-funciona\\\/\",\"name\":\"Fabricaci\u00f3n de pellets de madera: \u00bfc\u00f3mo funciona? - Proxipel\",\"isPartOf\":{\"@id\":\"https:\\\/\\\/proxipel.ch\\\/es\\\/#website\"},\"primaryImageOfPage\":{\"@id\":\"https:\\\/\\\/proxipel.ch\\\/es\\\/fabricacion-de-pellets-de-madera-como-funciona\\\/#primaryimage\"},\"image\":{\"@id\":\"https:\\\/\\\/proxipel.ch\\\/es\\\/fabricacion-de-pellets-de-madera-como-funciona\\\/#primaryimage\"},\"thumbnailUrl\":\"https:\\\/\\\/proxipel.ch\\\/wp-content\\\/uploads\\\/2025\\\/05\\\/unite-mobile-Proxipel-scaled.webp\",\"datePublished\":\"2025-06-13T08:40:59+00:00\",\"dateModified\":\"2026-07-14T16:46:31+00:00\",\"description\":\"Desde la materia prima hasta el pellet acabado: descubre el proceso de fabricaci\u00f3n de los pellets de madera, paso a paso. Te explicamos el secado, la trituraci\u00f3n y la granulaci\u00f3n.\",\"breadcrumb\":{\"@id\":\"https:\\\/\\\/proxipel.ch\\\/es\\\/fabricacion-de-pellets-de-madera-como-funciona\\\/#breadcrumb\"},\"inLanguage\":\"es\",\"potentialAction\":[{\"@type\":\"ReadAction\",\"target\":[\"https:\\\/\\\/proxipel.ch\\\/es\\\/fabricacion-de-pellets-de-madera-como-funciona\\\/\"]}]},{\"@type\":\"ImageObject\",\"inLanguage\":\"es\",\"@id\":\"https:\\\/\\\/proxipel.ch\\\/es\\\/fabricacion-de-pellets-de-madera-como-funciona\\\/#primaryimage\",\"url\":\"https:\\\/\\\/proxipel.ch\\\/wp-content\\\/uploads\\\/2025\\\/05\\\/unite-mobile-Proxipel-scaled.webp\",\"contentUrl\":\"https:\\\/\\\/proxipel.ch\\\/wp-content\\\/uploads\\\/2025\\\/05\\\/unite-mobile-Proxipel-scaled.webp\",\"width\":2560,\"height\":1594,\"caption\":\"Unit\u00e9 mobile de granulation Proxipel\"},{\"@type\":\"BreadcrumbList\",\"@id\":\"https:\\\/\\\/proxipel.ch\\\/es\\\/fabricacion-de-pellets-de-madera-como-funciona\\\/#breadcrumb\",\"itemListElement\":[{\"@type\":\"ListItem\",\"position\":1,\"name\":\"Inicio\",\"item\":\"https:\\\/\\\/proxipel.ch\\\/es\\\/\"},{\"@type\":\"ListItem\",\"position\":2,\"name\":\"Fabricaci\u00f3n de pellets de madera: \u00bfc\u00f3mo funciona?\"}]},{\"@type\":\"WebSite\",\"@id\":\"https:\\\/\\\/proxipel.ch\\\/es\\\/#website\",\"url\":\"https:\\\/\\\/proxipel.ch\\\/es\\\/\",\"name\":\"Proxipel\",\"description\":\"La premi\u00e8re unit\u00e9 mobile de pelletisation int\u00e9grale\",\"publisher\":{\"@id\":\"https:\\\/\\\/proxipel.ch\\\/es\\\/#organization\"},\"potentialAction\":[{\"@type\":\"SearchAction\",\"target\":{\"@type\":\"EntryPoint\",\"urlTemplate\":\"https:\\\/\\\/proxipel.ch\\\/es\\\/?s={search_term_string}\"},\"query-input\":{\"@type\":\"PropertyValueSpecification\",\"valueRequired\":true,\"valueName\":\"search_term_string\"}}],\"inLanguage\":\"es\"},{\"@type\":\"Organization\",\"@id\":\"https:\\\/\\\/proxipel.ch\\\/es\\\/#organization\",\"name\":\"Proxipel\",\"url\":\"https:\\\/\\\/proxipel.ch\\\/es\\\/\",\"logo\":{\"@type\":\"ImageObject\",\"inLanguage\":\"es\",\"@id\":\"https:\\\/\\\/proxipel.ch\\\/es\\\/#\\\/schema\\\/logo\\\/image\\\/\",\"url\":\"https:\\\/\\\/proxipel.ch\\\/wp-content\\\/uploads\\\/2024\\\/04\\\/proxipel.svg\",\"contentUrl\":\"https:\\\/\\\/proxipel.ch\\\/wp-content\\\/uploads\\\/2024\\\/04\\\/proxipel.svg\",\"width\":\"1024\",\"height\":\"1024\",\"caption\":\"Proxipel\"},\"image\":{\"@id\":\"https:\\\/\\\/proxipel.ch\\\/es\\\/#\\\/schema\\\/logo\\\/image\\\/\"}},{\"@type\":\"Person\",\"@id\":\"https:\\\/\\\/proxipel.ch\\\/es\\\/#\\\/schema\\\/person\\\/14b4c44ffd52db22ee770bc4b0ce909a\",\"name\":\"Bertrand Bordenave\",\"image\":{\"@type\":\"ImageObject\",\"inLanguage\":\"es\",\"@id\":\"https:\\\/\\\/secure.gravatar.com\\\/avatar\\\/e17b5e0af21b580beae0180a27aa4d7661a659aea637f7c5133d8954df6b313b?s=96&d=mm&r=g\",\"url\":\"https:\\\/\\\/secure.gravatar.com\\\/avatar\\\/e17b5e0af21b580beae0180a27aa4d7661a659aea637f7c5133d8954df6b313b?s=96&d=mm&r=g\",\"contentUrl\":\"https:\\\/\\\/secure.gravatar.com\\\/avatar\\\/e17b5e0af21b580beae0180a27aa4d7661a659aea637f7c5133d8954df6b313b?s=96&d=mm&r=g\",\"caption\":\"Bertrand Bordenave\"},\"url\":\"https:\\\/\\\/proxipel.ch\\\/es\\\/author\\\/b-bordenaveproxipel-com\\\/\"}]}<\/script>\n<!-- \/ Yoast SEO plugin. -->","yoast_head_json":{"title":"Fabricaci\u00f3n de pellets de madera: \u00bfc\u00f3mo funciona? - Proxipel","description":"Desde la materia prima hasta el pellet acabado: descubre el proceso de fabricaci\u00f3n de los pellets de madera, paso a paso. Te explicamos el secado, la trituraci\u00f3n y la granulaci\u00f3n.","robots":{"index":"index","follow":"follow","max-snippet":"max-snippet:-1","max-image-preview":"max-image-preview:large","max-video-preview":"max-video-preview:-1"},"canonical":"https:\/\/proxipel.ch\/es\/fabricacion-de-pellets-de-madera-como-funciona\/","og_locale":"es_ES","og_type":"article","og_title":"Fabricaci\u00f3n de pellets de madera: \u00bfc\u00f3mo funciona? - Proxipel","og_description":"Desde la materia prima hasta el pellet acabado: descubre el proceso de fabricaci\u00f3n de los pellets de madera, paso a paso. Te explicamos el secado, la trituraci\u00f3n y la granulaci\u00f3n.","og_url":"https:\/\/proxipel.ch\/es\/fabricacion-de-pellets-de-madera-como-funciona\/","og_site_name":"Proxipel","article_published_time":"2025-06-13T08:40:59+00:00","article_modified_time":"2026-07-14T16:46:31+00:00","og_image":[{"width":2560,"height":1594,"url":"https:\/\/proxipel.ch\/wp-content\/uploads\/2025\/05\/unite-mobile-Proxipel-scaled.webp","type":"image\/webp"}],"author":"Bertrand Bordenave","twitter_card":"summary_large_image","twitter_misc":{"Escrito por":"Bertrand Bordenave","Tiempo de lectura":"8 minutos"},"schema":{"@context":"https:\/\/schema.org","@graph":[{"@type":"Article","@id":"https:\/\/proxipel.ch\/es\/fabricacion-de-pellets-de-madera-como-funciona\/#article","isPartOf":{"@id":"https:\/\/proxipel.ch\/es\/fabricacion-de-pellets-de-madera-como-funciona\/"},"author":{"name":"Bertrand Bordenave","@id":"https:\/\/proxipel.ch\/es\/#\/schema\/person\/14b4c44ffd52db22ee770bc4b0ce909a"},"headline":"Fabricaci\u00f3n de pellets de madera: \u00bfc\u00f3mo funciona?","datePublished":"2025-06-13T08:40:59+00:00","dateModified":"2026-07-14T16:46:31+00:00","mainEntityOfPage":{"@id":"https:\/\/proxipel.ch\/es\/fabricacion-de-pellets-de-madera-como-funciona\/"},"wordCount":1619,"commentCount":0,"publisher":{"@id":"https:\/\/proxipel.ch\/es\/#organization"},"image":{"@id":"https:\/\/proxipel.ch\/es\/fabricacion-de-pellets-de-madera-como-funciona\/#primaryimage"},"thumbnailUrl":"https:\/\/proxipel.ch\/wp-content\/uploads\/2025\/05\/unite-mobile-Proxipel-scaled.webp","articleSection":["Blog"],"inLanguage":"es","potentialAction":[{"@type":"CommentAction","name":"Comment","target":["https:\/\/proxipel.ch\/es\/fabricacion-de-pellets-de-madera-como-funciona\/#respond"]}]},{"@type":"WebPage","@id":"https:\/\/proxipel.ch\/es\/fabricacion-de-pellets-de-madera-como-funciona\/","url":"https:\/\/proxipel.ch\/es\/fabricacion-de-pellets-de-madera-como-funciona\/","name":"Fabricaci\u00f3n de pellets de madera: \u00bfc\u00f3mo funciona? - Proxipel","isPartOf":{"@id":"https:\/\/proxipel.ch\/es\/#website"},"primaryImageOfPage":{"@id":"https:\/\/proxipel.ch\/es\/fabricacion-de-pellets-de-madera-como-funciona\/#primaryimage"},"image":{"@id":"https:\/\/proxipel.ch\/es\/fabricacion-de-pellets-de-madera-como-funciona\/#primaryimage"},"thumbnailUrl":"https:\/\/proxipel.ch\/wp-content\/uploads\/2025\/05\/unite-mobile-Proxipel-scaled.webp","datePublished":"2025-06-13T08:40:59+00:00","dateModified":"2026-07-14T16:46:31+00:00","description":"Desde la materia prima hasta el pellet acabado: descubre el proceso de fabricaci\u00f3n de los pellets de madera, paso a paso. Te explicamos el secado, la trituraci\u00f3n y la granulaci\u00f3n.","breadcrumb":{"@id":"https:\/\/proxipel.ch\/es\/fabricacion-de-pellets-de-madera-como-funciona\/#breadcrumb"},"inLanguage":"es","potentialAction":[{"@type":"ReadAction","target":["https:\/\/proxipel.ch\/es\/fabricacion-de-pellets-de-madera-como-funciona\/"]}]},{"@type":"ImageObject","inLanguage":"es","@id":"https:\/\/proxipel.ch\/es\/fabricacion-de-pellets-de-madera-como-funciona\/#primaryimage","url":"https:\/\/proxipel.ch\/wp-content\/uploads\/2025\/05\/unite-mobile-Proxipel-scaled.webp","contentUrl":"https:\/\/proxipel.ch\/wp-content\/uploads\/2025\/05\/unite-mobile-Proxipel-scaled.webp","width":2560,"height":1594,"caption":"Unit\u00e9 mobile de granulation Proxipel"},{"@type":"BreadcrumbList","@id":"https:\/\/proxipel.ch\/es\/fabricacion-de-pellets-de-madera-como-funciona\/#breadcrumb","itemListElement":[{"@type":"ListItem","position":1,"name":"Inicio","item":"https:\/\/proxipel.ch\/es\/"},{"@type":"ListItem","position":2,"name":"Fabricaci\u00f3n de pellets de madera: \u00bfc\u00f3mo funciona?"}]},{"@type":"WebSite","@id":"https:\/\/proxipel.ch\/es\/#website","url":"https:\/\/proxipel.ch\/es\/","name":"Proxipel","description":"La premi\u00e8re unit\u00e9 mobile de pelletisation int\u00e9grale","publisher":{"@id":"https:\/\/proxipel.ch\/es\/#organization"},"potentialAction":[{"@type":"SearchAction","target":{"@type":"EntryPoint","urlTemplate":"https:\/\/proxipel.ch\/es\/?s={search_term_string}"},"query-input":{"@type":"PropertyValueSpecification","valueRequired":true,"valueName":"search_term_string"}}],"inLanguage":"es"},{"@type":"Organization","@id":"https:\/\/proxipel.ch\/es\/#organization","name":"Proxipel","url":"https:\/\/proxipel.ch\/es\/","logo":{"@type":"ImageObject","inLanguage":"es","@id":"https:\/\/proxipel.ch\/es\/#\/schema\/logo\/image\/","url":"https:\/\/proxipel.ch\/wp-content\/uploads\/2024\/04\/proxipel.svg","contentUrl":"https:\/\/proxipel.ch\/wp-content\/uploads\/2024\/04\/proxipel.svg","width":"1024","height":"1024","caption":"Proxipel"},"image":{"@id":"https:\/\/proxipel.ch\/es\/#\/schema\/logo\/image\/"}},{"@type":"Person","@id":"https:\/\/proxipel.ch\/es\/#\/schema\/person\/14b4c44ffd52db22ee770bc4b0ce909a","name":"Bertrand Bordenave","image":{"@type":"ImageObject","inLanguage":"es","@id":"https:\/\/secure.gravatar.com\/avatar\/e17b5e0af21b580beae0180a27aa4d7661a659aea637f7c5133d8954df6b313b?s=96&d=mm&r=g","url":"https:\/\/secure.gravatar.com\/avatar\/e17b5e0af21b580beae0180a27aa4d7661a659aea637f7c5133d8954df6b313b?s=96&d=mm&r=g","contentUrl":"https:\/\/secure.gravatar.com\/avatar\/e17b5e0af21b580beae0180a27aa4d7661a659aea637f7c5133d8954df6b313b?s=96&d=mm&r=g","caption":"Bertrand Bordenave"},"url":"https:\/\/proxipel.ch\/es\/author\/b-bordenaveproxipel-com\/"}]}},"_links":{"self":[{"href":"https:\/\/proxipel.ch\/es\/wp-json\/wp\/v2\/posts\/2901","targetHints":{"allow":["GET"]}}],"collection":[{"href":"https:\/\/proxipel.ch\/es\/wp-json\/wp\/v2\/posts"}],"about":[{"href":"https:\/\/proxipel.ch\/es\/wp-json\/wp\/v2\/types\/post"}],"author":[{"embeddable":true,"href":"https:\/\/proxipel.ch\/es\/wp-json\/wp\/v2\/users\/6"}],"replies":[{"embeddable":true,"href":"https:\/\/proxipel.ch\/es\/wp-json\/wp\/v2\/comments?post=2901"}],"version-history":[{"count":5,"href":"https:\/\/proxipel.ch\/es\/wp-json\/wp\/v2\/posts\/2901\/revisions"}],"predecessor-version":[{"id":4017,"href":"https:\/\/proxipel.ch\/es\/wp-json\/wp\/v2\/posts\/2901\/revisions\/4017"}],"wp:featuredmedia":[{"embeddable":true,"href":"https:\/\/proxipel.ch\/es\/wp-json\/wp\/v2\/media\/1389"}],"wp:attachment":[{"href":"https:\/\/proxipel.ch\/es\/wp-json\/wp\/v2\/media?parent=2901"}],"wp:term":[{"taxonomy":"category","embeddable":true,"href":"https:\/\/proxipel.ch\/es\/wp-json\/wp\/v2\/categories?post=2901"},{"taxonomy":"post_tag","embeddable":true,"href":"https:\/\/proxipel.ch\/es\/wp-json\/wp\/v2\/tags?post=2901"}],"curies":[{"name":"wp","href":"https:\/\/api.w.org\/{rel}","templated":true}]}}