{"id":2888,"date":"2025-06-13T10:27:35","date_gmt":"2025-06-13T08:27:35","guid":{"rendered":"https:\/\/proxipel.ch\/como-elegir-los-pellets-de-madera-para-la-calefaccion-proxipel\/"},"modified":"2026-07-14T18:46:09","modified_gmt":"2026-07-14T16:46:09","slug":"como-elegir-los-pellets-de-madera-para-la-calefaccion-proxipel","status":"publish","type":"post","link":"https:\/\/proxipel.ch\/es\/como-elegir-los-pellets-de-madera-para-la-calefaccion-proxipel\/","title":{"rendered":"\u00bfC\u00f3mo elegir los pellets de madera para la calefacci\u00f3n? | Proxipel"},"content":{"rendered":"<p>La calefacci\u00f3n con <a href=\"https:\/\/proxipel.ch\/es\/pellets\/\"><span style=\"text-decoration: underline;\">pellets de madera<\/span><\/a>, tambi\u00e9n conocidos como pellets, goza de un \u00e9xito cada vez mayor por sus ventajas ecol\u00f3gicas y econ\u00f3micas. Sin embargo, para conseguir un rendimiento \u00f3ptimo y cuidar tu instalaci\u00f3n, es fundamental elegir bien los pellets. Estos son los criterios que debes tener en cuenta para acertar con tu elecci\u00f3n.  <\/p>\n<p><img decoding=\"async\" class=\"aligncenter wp-image-1695 size-full\" src=\"https:\/\/proxipel.ch\/wp-content\/uploads\/2025\/06\/pellets.jpeg\" alt=\"pellets\" width=\"895\" height=\"457\" srcset=\"https:\/\/proxipel.ch\/wp-content\/uploads\/2025\/06\/pellets.jpeg 895w, https:\/\/proxipel.ch\/wp-content\/uploads\/2025\/06\/pellets-480x245.jpeg 480w\" sizes=\"(min-width: 0px) and (max-width: 480px) 480px, (min-width: 481px) 895px, 100vw\" \/><\/p>\n<h2><strong>Entender qu\u00e9 es un pellet de madera<\/strong><\/h2>\n<p>Los pellets son peque\u00f1os cilindros hechos con serr\u00edn comprimido, sin pegamento ni aditivos qu\u00edmicos. Se usan como combustible en estufas, calderas o insertos de pellets. Su calidad influye directamente en el rendimiento del aparato, la limpieza de la combusti\u00f3n y la durabilidad del sistema.  <\/p>\n<h2><strong>Elegir una certificaci\u00f3n reconocida<\/strong><\/h2>\n<p>El primer criterio de selecci\u00f3n es la certificaci\u00f3n, que garantiza la calidad y que los pellets cumplen con<a href=\"https:\/\/proxipel.ch\/es\/pellets\/\" target=\"_blank\" rel=\"noopener\"> <span style=\"text-decoration: underline;\">normas concretas<\/span><\/a>. Hay tres sellos principales: <\/p>\n<p><strong><strong><img decoding=\"async\" class=\"alignnone wp-image-1862\" style=\"font-weight: 500;\" src=\"https:\/\/proxipel.ch\/wp-content\/uploads\/2025\/06\/Image-Labels-certification-300x85.png\" alt=\"Sellos de certificaci\u00f3n\" width=\"498\" height=\"141\" srcset=\"https:\/\/proxipel.ch\/wp-content\/uploads\/2025\/06\/Image-Labels-certification-300x85.png 498w, https:\/\/proxipel.ch\/wp-content\/uploads\/2025\/06\/Image-Labels-certification-480x136.png 480w\" sizes=\"(min-width: 0px) and (max-width: 480px) 480px, (min-width: 481px) 498px, 100vw\" \/><\/strong><\/strong><\/p>\n<ul>\n<li>DINplus (Alemania): garantiza una calidad constante, un bajo contenido en polvo, una buena densidad y un alto poder calor\u00edfico.<\/li>\n<li>ENplus (norma europea): clasifica los pellets en diferentes categor\u00edas (A1, A2, B), siendo la A1 la mejor para uso dom\u00e9stico.<\/li>\n<li>NF Biocombustibles s\u00f3lidos (Francia): sello franc\u00e9s que garantiza un producto de calidad superior.<\/li>\n<\/ul>\n<p>Elige pellets con certificaci\u00f3n ENplus A1 o DINplus, garant\u00eda de rendimiento y seguridad.<\/p>\n<h2><strong>Echar un vistazo a las caracter\u00edsticas t\u00e9cnicas<\/strong><\/h2>\n<p>Adem\u00e1s de la certificaci\u00f3n, hay que tener en cuenta varias caracter\u00edsticas t\u00e9cnicas:<\/p>\n<ul>\n<li>Poder calor\u00edfico superior (PCS): Debe ser de al menos 4,6 kWh\/kg. Cuanto m\u00e1s alto sea, m\u00e1s calor producen los pellets. <\/li>\n<li>Nivel de humedad: lo ideal es que sea inferior al 10 <strong>%.<\/strong> Un pellet demasiado h\u00famedo no arde bien y ensucia tu aparato. <\/li>\n<li>Contenido en cenizas: un buen pellet produce pocas cenizas (menos del 0,7 %), lo que reduce la frecuencia de limpieza.<\/li>\n<li>Porcentaje de part\u00edculas finas (polvo): cuanto menos haya, mejor. Se recomienda un porcentaje inferior al 1<strong> %<\/strong> para evitar atascos. <\/li>\n<\/ul>\n<h2><a href=\"https:\/\/proxipel.ch\/es\/eleccion-y-caracteristicas-de-los-granulos\/\"><strong>Comprobar la materia prima<\/strong><\/a><\/h2>\n<p>Los mejores pellets se fabrican a partir de madera virgen sin tratar, normalmente de con\u00edferas (abeto, p\u00edcea, pino). Tambi\u00e9n se puede usar madera dura (de frondosas), pero a veces produce m\u00e1s cenizas. Ten cuidado con los pellets hechos de madera reciclada o de pal\u00e9s triturados: pueden contener colas o barnices que son perjudiciales para tu aparato y para tu salud.  <\/p>\n<h2><strong>Dar prioridad a una producci\u00f3n local y responsable<\/strong><\/h2>\n<p>Para reducir la huella de carbono y apoyar la econom\u00eda local, opta por los pellets producidos en<a href=\"https:\/\/proxipel.ch\/es\/\" target=\"_blank\" rel=\"noopener\"><span style=\"text-decoration: underline;\"> <strong>circuito corto<\/strong><\/span><\/a>. Inf\u00f3rmate sobre el origen de la madera y las pr\u00e1cticas de gesti\u00f3n forestal. Algunos productores cuentan con certificaciones de sostenibilidad, como PEFC o FSC, que garantizan una gesti\u00f3n forestal responsable.  <\/p>\n<h2><strong>Elegir un envase adecuado<\/strong><\/h2>\n<p>Los pellets se venden en sacos de 15 kg, en pal\u00e9s (1 tonelada de media) o a granel para instalaciones grandes. Para uso dom\u00e9stico, los sacos son pr\u00e1cticos de almacenar y manejar. Comprueba que los sacos sean resistentes a la humedad y est\u00e9n bien sellados. Gu\u00e1rdalos protegidos del agua para evitar que se hinchen o se estropeen. Los pellets a granel suelen entregarse en camiones con soplador.    <\/p>\n<h2><strong>Comparar precios, pero no solo eso<\/strong><\/h2>\n<p>El precio de un pellet var\u00eda seg\u00fan la temporada, la demanda y el envase. No te dejes llevar solo por lo m\u00e1s barato. Un pellet de mala calidad te saldr\u00e1 m\u00e1s caro a largo plazo (mantenimiento, aver\u00edas, consumo excesivo). Una buena relaci\u00f3n calidad-precio, basada en criterios t\u00e9cnicos y certificaciones, es la mejor estrategia.   <\/p>\n<h2><strong>Tabla comparativa y criterios para elegir las pellets<\/strong><\/h2>\n<p><img decoding=\"async\" class=\"alignnone size-full wp-image-2499\" src=\"https:\/\/proxipel.ch\/wp-content\/uploads\/2025\/06\/tableau-compratif-pellet.jpg\" alt=\"criterios para elegir las pellets\" width=\"1273\" height=\"597\" srcset=\"https:\/\/proxipel.ch\/wp-content\/uploads\/2025\/06\/tableau-compratif-pellet.jpg 1273w, https:\/\/proxipel.ch\/wp-content\/uploads\/2025\/06\/tableau-compratif-pellet-980x460.jpg 980w, https:\/\/proxipel.ch\/wp-content\/uploads\/2025\/06\/tableau-compratif-pellet-480x225.jpg 480w\" sizes=\"(min-width: 0px) and (max-width: 480px) 480px, (min-width: 481px) and (max-width: 980px) 980px, (min-width: 981px) 1273px, 100vw\" \/><\/p>\n<h3 data-section-id=\"1qdmir\" data-start=\"4156\" data-end=\"4200\">\u00bfC\u00f3mo se lee esta comparativa de pellets?<\/h3>\n<ul data-start=\"4202\" data-end=\"4833\">\n<li data-section-id=\"51wg5f\" data-start=\"4202\" data-end=\"4306\">\n<p data-start=\"4204\" data-end=\"4306\">Para una estufa o una caldera dom\u00e9stica, los pellets de madera de primera calidad suelen ser la mejor opci\u00f3n.<\/p>\n<\/li>\n<li data-section-id=\"1icd5s8\" data-start=\"4307\" data-end=\"4458\">\n<p data-start=\"4309\" data-end=\"4458\">En el caso de una sala de calderas multicombustible, se pueden considerar otros tipos de pellets, sobre todo los procedentes de residuos forestales o de biomasa agr\u00edcola.<\/p>\n<\/li>\n<li data-section-id=\"1wg9z2a\" data-start=\"4459\" data-end=\"4691\">\n<p data-start=\"4461\" data-end=\"4691\">En un proyecto de aprovechamiento de subproductos, el mejor pellet no siempre es el m\u00e1s \u00abpremium\u00bb, sino el que ofrece el mejor equilibrio entre las reservas disponibles, los costes log\u00edsticos, los mercados de salida y la compatibilidad t\u00e9cnica.<\/p>\n<\/li>\n<\/ul>\n<h2><strong>En resumen<\/strong><\/h2>\n<p>Elegir bien los pellets de madera es fundamental para conseguir una calefacci\u00f3n eficiente, econ\u00f3mica y ecol\u00f3gica. Si te f\u00edas de las certificaciones reconocidas, de las caracter\u00edsticas t\u00e9cnicas precisas y das prioridad a la madera de calidad procedente de fuentes responsables, te asegurar\u00e1s un rendimiento \u00f3ptimo de tu aparato y un confort t\u00e9rmico duradero. <\/p>\n<p>En Proxipel, creemos que no hay un solo tipo de pellet, sino pellets adaptados a diferentes recursos y usos. El serr\u00edn limpio destinado a la calefacci\u00f3n dom\u00e9stica no cumple los mismos requisitos que un pellet elaborado a partir de miscanthus o paja. As\u00ed que no se trata solo de fabricar pellets, sino de dise\u00f1ar la cadena de valorizaci\u00f3n adecuada, partiendo de las caracter\u00edsticas reales de la biomasa disponible sobre el terreno.  <\/p>\n<p>La soluci\u00f3n m\u00f3vil e integral de peletizaci\u00f3n PROXIPEL permite transformar residuos forestales, sarmientos de vid, residuos agr\u00edcolas le\u00f1osos o incluso las ramas de los compostadores. Los pellets de madera que produce PROXIPEL cumplen con la norma internacional ISO 17225 <\/p>\n<p>&nbsp;<\/p>\n","protected":false},"excerpt":{"rendered":"<p>La calefacci\u00f3n con pellets de madera, tambi\u00e9n conocidos como pellets, goza de un \u00e9xito cada vez mayor por sus ventajas ecol\u00f3gicas y econ\u00f3micas. Sin embargo, para conseguir un rendimiento \u00f3ptimo y cuidar tu instalaci\u00f3n, es fundamental elegir bien los pellets. Estos son los criterios que debes tener en cuenta para acertar con tu elecci\u00f3n. Entender [&hellip;]<\/p>\n","protected":false},"author":6,"featured_media":1698,"comment_status":"open","ping_status":"open","sticky":false,"template":"","format":"standard","meta":{"_et_pb_use_builder":"","_et_pb_old_content":"","_et_gb_content_width":"","inline_featured_image":false,"footnotes":""},"categories":[42],"tags":[],"class_list":["post-2888","post","type-post","status-publish","format-standard","has-post-thumbnail","hentry","category-blog"],"yoast_head":"<!-- This site is optimized with the Yoast SEO plugin v28.4 - https:\/\/yoast.com\/product\/yoast-seo-wordpress\/ -->\n<title>\u00bfC\u00f3mo elegir los pellets de madera para la calefacci\u00f3n? | Proxipel - Proxipel<\/title>\n<meta name=\"description\" content=\"Certificaci\u00f3n ENplus, granulometr\u00eda, porcentaje de humedad: todo lo que necesitas saber para elegir bien tus pellets de madera. Gu\u00eda completa de Proxipel.\" \/>\n<meta name=\"robots\" content=\"index, follow, max-snippet:-1, max-image-preview:large, max-video-preview:-1\" \/>\n<link rel=\"canonical\" href=\"https:\/\/proxipel.ch\/es\/como-elegir-los-pellets-de-madera-para-la-calefaccion-proxipel\/\" \/>\n<meta property=\"og:locale\" content=\"es_ES\" \/>\n<meta property=\"og:type\" content=\"article\" \/>\n<meta property=\"og:title\" content=\"\u00bfC\u00f3mo elegir los pellets de madera para la calefacci\u00f3n? | Proxipel - Proxipel\" \/>\n<meta property=\"og:description\" content=\"Certificaci\u00f3n ENplus, granulometr\u00eda, porcentaje de humedad: todo lo que necesitas saber para elegir bien tus pellets de madera. Gu\u00eda completa de Proxipel.\" \/>\n<meta property=\"og:url\" content=\"https:\/\/proxipel.ch\/es\/como-elegir-los-pellets-de-madera-para-la-calefaccion-proxipel\/\" \/>\n<meta property=\"og:site_name\" content=\"Proxipel\" \/>\n<meta property=\"article:published_time\" content=\"2025-06-13T08:27:35+00:00\" \/>\n<meta property=\"article:modified_time\" content=\"2026-07-14T16:46:09+00:00\" \/>\n<meta property=\"og:image\" content=\"https:\/\/proxipel.ch\/wp-content\/uploads\/2025\/06\/pellets.jpeg\" \/>\n\t<meta property=\"og:image:width\" content=\"895\" \/>\n\t<meta property=\"og:image:height\" content=\"457\" \/>\n\t<meta property=\"og:image:type\" content=\"image\/jpeg\" \/>\n<meta name=\"author\" content=\"Bertrand Bordenave\" \/>\n<meta name=\"twitter:card\" content=\"summary_large_image\" \/>\n<meta name=\"twitter:label1\" content=\"Escrito por\" \/>\n\t<meta name=\"twitter:data1\" content=\"Bertrand Bordenave\" \/>\n\t<meta name=\"twitter:label2\" content=\"Tiempo de lectura\" \/>\n\t<meta name=\"twitter:data2\" content=\"4 minutos\" \/>\n<script type=\"application\/ld+json\" class=\"yoast-schema-graph\">{\"@context\":\"https:\\\/\\\/schema.org\",\"@graph\":[{\"@type\":\"Article\",\"@id\":\"https:\\\/\\\/proxipel.ch\\\/es\\\/como-elegir-los-pellets-de-madera-para-la-calefaccion-proxipel\\\/#article\",\"isPartOf\":{\"@id\":\"https:\\\/\\\/proxipel.ch\\\/es\\\/como-elegir-los-pellets-de-madera-para-la-calefaccion-proxipel\\\/\"},\"author\":{\"name\":\"Bertrand Bordenave\",\"@id\":\"https:\\\/\\\/proxipel.ch\\\/es\\\/#\\\/schema\\\/person\\\/14b4c44ffd52db22ee770bc4b0ce909a\"},\"headline\":\"\u00bfC\u00f3mo elegir los pellets de madera para la calefacci\u00f3n? | Proxipel\",\"datePublished\":\"2025-06-13T08:27:35+00:00\",\"dateModified\":\"2026-07-14T16:46:09+00:00\",\"mainEntityOfPage\":{\"@id\":\"https:\\\/\\\/proxipel.ch\\\/es\\\/como-elegir-los-pellets-de-madera-para-la-calefaccion-proxipel\\\/\"},\"wordCount\":899,\"commentCount\":0,\"publisher\":{\"@id\":\"https:\\\/\\\/proxipel.ch\\\/es\\\/#organization\"},\"image\":{\"@id\":\"https:\\\/\\\/proxipel.ch\\\/es\\\/como-elegir-los-pellets-de-madera-para-la-calefaccion-proxipel\\\/#primaryimage\"},\"thumbnailUrl\":\"https:\\\/\\\/proxipel.ch\\\/wp-content\\\/uploads\\\/2025\\\/06\\\/pellets.jpeg\",\"articleSection\":[\"Blog\"],\"inLanguage\":\"es\",\"potentialAction\":[{\"@type\":\"CommentAction\",\"name\":\"Comment\",\"target\":[\"https:\\\/\\\/proxipel.ch\\\/es\\\/como-elegir-los-pellets-de-madera-para-la-calefaccion-proxipel\\\/#respond\"]}]},{\"@type\":\"WebPage\",\"@id\":\"https:\\\/\\\/proxipel.ch\\\/es\\\/como-elegir-los-pellets-de-madera-para-la-calefaccion-proxipel\\\/\",\"url\":\"https:\\\/\\\/proxipel.ch\\\/es\\\/como-elegir-los-pellets-de-madera-para-la-calefaccion-proxipel\\\/\",\"name\":\"\u00bfC\u00f3mo elegir los pellets de madera para la calefacci\u00f3n? | Proxipel - Proxipel\",\"isPartOf\":{\"@id\":\"https:\\\/\\\/proxipel.ch\\\/es\\\/#website\"},\"primaryImageOfPage\":{\"@id\":\"https:\\\/\\\/proxipel.ch\\\/es\\\/como-elegir-los-pellets-de-madera-para-la-calefaccion-proxipel\\\/#primaryimage\"},\"image\":{\"@id\":\"https:\\\/\\\/proxipel.ch\\\/es\\\/como-elegir-los-pellets-de-madera-para-la-calefaccion-proxipel\\\/#primaryimage\"},\"thumbnailUrl\":\"https:\\\/\\\/proxipel.ch\\\/wp-content\\\/uploads\\\/2025\\\/06\\\/pellets.jpeg\",\"datePublished\":\"2025-06-13T08:27:35+00:00\",\"dateModified\":\"2026-07-14T16:46:09+00:00\",\"description\":\"Certificaci\u00f3n ENplus, granulometr\u00eda, porcentaje de humedad: todo lo que necesitas saber para elegir bien tus pellets de madera. Gu\u00eda completa de Proxipel.\",\"breadcrumb\":{\"@id\":\"https:\\\/\\\/proxipel.ch\\\/es\\\/como-elegir-los-pellets-de-madera-para-la-calefaccion-proxipel\\\/#breadcrumb\"},\"inLanguage\":\"es\",\"potentialAction\":[{\"@type\":\"ReadAction\",\"target\":[\"https:\\\/\\\/proxipel.ch\\\/es\\\/como-elegir-los-pellets-de-madera-para-la-calefaccion-proxipel\\\/\"]}]},{\"@type\":\"ImageObject\",\"inLanguage\":\"es\",\"@id\":\"https:\\\/\\\/proxipel.ch\\\/es\\\/como-elegir-los-pellets-de-madera-para-la-calefaccion-proxipel\\\/#primaryimage\",\"url\":\"https:\\\/\\\/proxipel.ch\\\/wp-content\\\/uploads\\\/2025\\\/06\\\/pellets.jpeg\",\"contentUrl\":\"https:\\\/\\\/proxipel.ch\\\/wp-content\\\/uploads\\\/2025\\\/06\\\/pellets.jpeg\",\"width\":895,\"height\":457,\"caption\":\"pellets\"},{\"@type\":\"BreadcrumbList\",\"@id\":\"https:\\\/\\\/proxipel.ch\\\/es\\\/como-elegir-los-pellets-de-madera-para-la-calefaccion-proxipel\\\/#breadcrumb\",\"itemListElement\":[{\"@type\":\"ListItem\",\"position\":1,\"name\":\"Inicio\",\"item\":\"https:\\\/\\\/proxipel.ch\\\/es\\\/\"},{\"@type\":\"ListItem\",\"position\":2,\"name\":\"\u00bfC\u00f3mo elegir los pellets de madera para la calefacci\u00f3n? | Proxipel\"}]},{\"@type\":\"WebSite\",\"@id\":\"https:\\\/\\\/proxipel.ch\\\/es\\\/#website\",\"url\":\"https:\\\/\\\/proxipel.ch\\\/es\\\/\",\"name\":\"Proxipel\",\"description\":\"La premi\u00e8re unit\u00e9 mobile de pelletisation int\u00e9grale\",\"publisher\":{\"@id\":\"https:\\\/\\\/proxipel.ch\\\/es\\\/#organization\"},\"potentialAction\":[{\"@type\":\"SearchAction\",\"target\":{\"@type\":\"EntryPoint\",\"urlTemplate\":\"https:\\\/\\\/proxipel.ch\\\/es\\\/?s={search_term_string}\"},\"query-input\":{\"@type\":\"PropertyValueSpecification\",\"valueRequired\":true,\"valueName\":\"search_term_string\"}}],\"inLanguage\":\"es\"},{\"@type\":\"Organization\",\"@id\":\"https:\\\/\\\/proxipel.ch\\\/es\\\/#organization\",\"name\":\"Proxipel\",\"url\":\"https:\\\/\\\/proxipel.ch\\\/es\\\/\",\"logo\":{\"@type\":\"ImageObject\",\"inLanguage\":\"es\",\"@id\":\"https:\\\/\\\/proxipel.ch\\\/es\\\/#\\\/schema\\\/logo\\\/image\\\/\",\"url\":\"https:\\\/\\\/proxipel.ch\\\/wp-content\\\/uploads\\\/2024\\\/04\\\/proxipel.svg\",\"contentUrl\":\"https:\\\/\\\/proxipel.ch\\\/wp-content\\\/uploads\\\/2024\\\/04\\\/proxipel.svg\",\"width\":\"1024\",\"height\":\"1024\",\"caption\":\"Proxipel\"},\"image\":{\"@id\":\"https:\\\/\\\/proxipel.ch\\\/es\\\/#\\\/schema\\\/logo\\\/image\\\/\"}},{\"@type\":\"Person\",\"@id\":\"https:\\\/\\\/proxipel.ch\\\/es\\\/#\\\/schema\\\/person\\\/14b4c44ffd52db22ee770bc4b0ce909a\",\"name\":\"Bertrand Bordenave\",\"image\":{\"@type\":\"ImageObject\",\"inLanguage\":\"es\",\"@id\":\"https:\\\/\\\/secure.gravatar.com\\\/avatar\\\/e17b5e0af21b580beae0180a27aa4d7661a659aea637f7c5133d8954df6b313b?s=96&d=mm&r=g\",\"url\":\"https:\\\/\\\/secure.gravatar.com\\\/avatar\\\/e17b5e0af21b580beae0180a27aa4d7661a659aea637f7c5133d8954df6b313b?s=96&d=mm&r=g\",\"contentUrl\":\"https:\\\/\\\/secure.gravatar.com\\\/avatar\\\/e17b5e0af21b580beae0180a27aa4d7661a659aea637f7c5133d8954df6b313b?s=96&d=mm&r=g\",\"caption\":\"Bertrand Bordenave\"},\"url\":\"https:\\\/\\\/proxipel.ch\\\/es\\\/author\\\/b-bordenaveproxipel-com\\\/\"}]}<\/script>\n<!-- \/ Yoast SEO plugin. -->","yoast_head_json":{"title":"\u00bfC\u00f3mo elegir los pellets de madera para la calefacci\u00f3n? | Proxipel - Proxipel","description":"Certificaci\u00f3n ENplus, granulometr\u00eda, porcentaje de humedad: todo lo que necesitas saber para elegir bien tus pellets de madera. Gu\u00eda completa de Proxipel.","robots":{"index":"index","follow":"follow","max-snippet":"max-snippet:-1","max-image-preview":"max-image-preview:large","max-video-preview":"max-video-preview:-1"},"canonical":"https:\/\/proxipel.ch\/es\/como-elegir-los-pellets-de-madera-para-la-calefaccion-proxipel\/","og_locale":"es_ES","og_type":"article","og_title":"\u00bfC\u00f3mo elegir los pellets de madera para la calefacci\u00f3n? | Proxipel - Proxipel","og_description":"Certificaci\u00f3n ENplus, granulometr\u00eda, porcentaje de humedad: todo lo que necesitas saber para elegir bien tus pellets de madera. Gu\u00eda completa de Proxipel.","og_url":"https:\/\/proxipel.ch\/es\/como-elegir-los-pellets-de-madera-para-la-calefaccion-proxipel\/","og_site_name":"Proxipel","article_published_time":"2025-06-13T08:27:35+00:00","article_modified_time":"2026-07-14T16:46:09+00:00","og_image":[{"width":895,"height":457,"url":"https:\/\/proxipel.ch\/wp-content\/uploads\/2025\/06\/pellets.jpeg","type":"image\/jpeg"}],"author":"Bertrand Bordenave","twitter_card":"summary_large_image","twitter_misc":{"Escrito por":"Bertrand Bordenave","Tiempo de lectura":"4 minutos"},"schema":{"@context":"https:\/\/schema.org","@graph":[{"@type":"Article","@id":"https:\/\/proxipel.ch\/es\/como-elegir-los-pellets-de-madera-para-la-calefaccion-proxipel\/#article","isPartOf":{"@id":"https:\/\/proxipel.ch\/es\/como-elegir-los-pellets-de-madera-para-la-calefaccion-proxipel\/"},"author":{"name":"Bertrand Bordenave","@id":"https:\/\/proxipel.ch\/es\/#\/schema\/person\/14b4c44ffd52db22ee770bc4b0ce909a"},"headline":"\u00bfC\u00f3mo elegir los pellets de madera para la calefacci\u00f3n? | Proxipel","datePublished":"2025-06-13T08:27:35+00:00","dateModified":"2026-07-14T16:46:09+00:00","mainEntityOfPage":{"@id":"https:\/\/proxipel.ch\/es\/como-elegir-los-pellets-de-madera-para-la-calefaccion-proxipel\/"},"wordCount":899,"commentCount":0,"publisher":{"@id":"https:\/\/proxipel.ch\/es\/#organization"},"image":{"@id":"https:\/\/proxipel.ch\/es\/como-elegir-los-pellets-de-madera-para-la-calefaccion-proxipel\/#primaryimage"},"thumbnailUrl":"https:\/\/proxipel.ch\/wp-content\/uploads\/2025\/06\/pellets.jpeg","articleSection":["Blog"],"inLanguage":"es","potentialAction":[{"@type":"CommentAction","name":"Comment","target":["https:\/\/proxipel.ch\/es\/como-elegir-los-pellets-de-madera-para-la-calefaccion-proxipel\/#respond"]}]},{"@type":"WebPage","@id":"https:\/\/proxipel.ch\/es\/como-elegir-los-pellets-de-madera-para-la-calefaccion-proxipel\/","url":"https:\/\/proxipel.ch\/es\/como-elegir-los-pellets-de-madera-para-la-calefaccion-proxipel\/","name":"\u00bfC\u00f3mo elegir los pellets de madera para la calefacci\u00f3n? | Proxipel - Proxipel","isPartOf":{"@id":"https:\/\/proxipel.ch\/es\/#website"},"primaryImageOfPage":{"@id":"https:\/\/proxipel.ch\/es\/como-elegir-los-pellets-de-madera-para-la-calefaccion-proxipel\/#primaryimage"},"image":{"@id":"https:\/\/proxipel.ch\/es\/como-elegir-los-pellets-de-madera-para-la-calefaccion-proxipel\/#primaryimage"},"thumbnailUrl":"https:\/\/proxipel.ch\/wp-content\/uploads\/2025\/06\/pellets.jpeg","datePublished":"2025-06-13T08:27:35+00:00","dateModified":"2026-07-14T16:46:09+00:00","description":"Certificaci\u00f3n ENplus, granulometr\u00eda, porcentaje de humedad: todo lo que necesitas saber para elegir bien tus pellets de madera. Gu\u00eda completa de Proxipel.","breadcrumb":{"@id":"https:\/\/proxipel.ch\/es\/como-elegir-los-pellets-de-madera-para-la-calefaccion-proxipel\/#breadcrumb"},"inLanguage":"es","potentialAction":[{"@type":"ReadAction","target":["https:\/\/proxipel.ch\/es\/como-elegir-los-pellets-de-madera-para-la-calefaccion-proxipel\/"]}]},{"@type":"ImageObject","inLanguage":"es","@id":"https:\/\/proxipel.ch\/es\/como-elegir-los-pellets-de-madera-para-la-calefaccion-proxipel\/#primaryimage","url":"https:\/\/proxipel.ch\/wp-content\/uploads\/2025\/06\/pellets.jpeg","contentUrl":"https:\/\/proxipel.ch\/wp-content\/uploads\/2025\/06\/pellets.jpeg","width":895,"height":457,"caption":"pellets"},{"@type":"BreadcrumbList","@id":"https:\/\/proxipel.ch\/es\/como-elegir-los-pellets-de-madera-para-la-calefaccion-proxipel\/#breadcrumb","itemListElement":[{"@type":"ListItem","position":1,"name":"Inicio","item":"https:\/\/proxipel.ch\/es\/"},{"@type":"ListItem","position":2,"name":"\u00bfC\u00f3mo elegir los pellets de madera para la calefacci\u00f3n? | Proxipel"}]},{"@type":"WebSite","@id":"https:\/\/proxipel.ch\/es\/#website","url":"https:\/\/proxipel.ch\/es\/","name":"Proxipel","description":"La premi\u00e8re unit\u00e9 mobile de pelletisation int\u00e9grale","publisher":{"@id":"https:\/\/proxipel.ch\/es\/#organization"},"potentialAction":[{"@type":"SearchAction","target":{"@type":"EntryPoint","urlTemplate":"https:\/\/proxipel.ch\/es\/?s={search_term_string}"},"query-input":{"@type":"PropertyValueSpecification","valueRequired":true,"valueName":"search_term_string"}}],"inLanguage":"es"},{"@type":"Organization","@id":"https:\/\/proxipel.ch\/es\/#organization","name":"Proxipel","url":"https:\/\/proxipel.ch\/es\/","logo":{"@type":"ImageObject","inLanguage":"es","@id":"https:\/\/proxipel.ch\/es\/#\/schema\/logo\/image\/","url":"https:\/\/proxipel.ch\/wp-content\/uploads\/2024\/04\/proxipel.svg","contentUrl":"https:\/\/proxipel.ch\/wp-content\/uploads\/2024\/04\/proxipel.svg","width":"1024","height":"1024","caption":"Proxipel"},"image":{"@id":"https:\/\/proxipel.ch\/es\/#\/schema\/logo\/image\/"}},{"@type":"Person","@id":"https:\/\/proxipel.ch\/es\/#\/schema\/person\/14b4c44ffd52db22ee770bc4b0ce909a","name":"Bertrand Bordenave","image":{"@type":"ImageObject","inLanguage":"es","@id":"https:\/\/secure.gravatar.com\/avatar\/e17b5e0af21b580beae0180a27aa4d7661a659aea637f7c5133d8954df6b313b?s=96&d=mm&r=g","url":"https:\/\/secure.gravatar.com\/avatar\/e17b5e0af21b580beae0180a27aa4d7661a659aea637f7c5133d8954df6b313b?s=96&d=mm&r=g","contentUrl":"https:\/\/secure.gravatar.com\/avatar\/e17b5e0af21b580beae0180a27aa4d7661a659aea637f7c5133d8954df6b313b?s=96&d=mm&r=g","caption":"Bertrand Bordenave"},"url":"https:\/\/proxipel.ch\/es\/author\/b-bordenaveproxipel-com\/"}]}},"_links":{"self":[{"href":"https:\/\/proxipel.ch\/es\/wp-json\/wp\/v2\/posts\/2888","targetHints":{"allow":["GET"]}}],"collection":[{"href":"https:\/\/proxipel.ch\/es\/wp-json\/wp\/v2\/posts"}],"about":[{"href":"https:\/\/proxipel.ch\/es\/wp-json\/wp\/v2\/types\/post"}],"author":[{"embeddable":true,"href":"https:\/\/proxipel.ch\/es\/wp-json\/wp\/v2\/users\/6"}],"replies":[{"embeddable":true,"href":"https:\/\/proxipel.ch\/es\/wp-json\/wp\/v2\/comments?post=2888"}],"version-history":[{"count":1,"href":"https:\/\/proxipel.ch\/es\/wp-json\/wp\/v2\/posts\/2888\/revisions"}],"predecessor-version":[{"id":2889,"href":"https:\/\/proxipel.ch\/es\/wp-json\/wp\/v2\/posts\/2888\/revisions\/2889"}],"wp:featuredmedia":[{"embeddable":true,"href":"https:\/\/proxipel.ch\/es\/wp-json\/wp\/v2\/media\/1698"}],"wp:attachment":[{"href":"https:\/\/proxipel.ch\/es\/wp-json\/wp\/v2\/media?parent=2888"}],"wp:term":[{"taxonomy":"category","embeddable":true,"href":"https:\/\/proxipel.ch\/es\/wp-json\/wp\/v2\/categories?post=2888"},{"taxonomy":"post_tag","embeddable":true,"href":"https:\/\/proxipel.ch\/es\/wp-json\/wp\/v2\/tags?post=2888"}],"curies":[{"name":"wp","href":"https:\/\/api.w.org\/{rel}","templated":true}]}}