{"id":2880,"date":"2025-06-13T10:50:30","date_gmt":"2025-06-13T08:50:30","guid":{"rendered":"https:\/\/proxipel.ch\/suministro-de-pellets-en-suiza-cadena-de-suministro-corta\/"},"modified":"2026-07-14T18:49:51","modified_gmt":"2026-07-14T16:49:51","slug":"suministro-de-pellets-en-suiza-cadena-de-suministro-corta","status":"publish","type":"post","link":"https:\/\/proxipel.ch\/es\/suministro-de-pellets-en-suiza-cadena-de-suministro-corta\/","title":{"rendered":"Suministro de pellets en Suiza - Cadena de suministro corta"},"content":{"rendered":"<h2><strong>Los pellets: un combustible sostenible para el<sup>tercer<\/sup> milenio<\/strong><\/h2>\n<p style=\"text-align: center;\"><img decoding=\"async\" class=\"aligncenter wp-image-715 size-full\" src=\"https:\/\/proxipel.ch\/wp-content\/uploads\/2024\/10\/camion.png\" alt=\"Proxipel, la primera unidad m\u00f3vil e integral de peletizaci\u00f3n\" width=\"895\" height=\"457\" srcset=\"https:\/\/proxipel.ch\/wp-content\/uploads\/2024\/10\/camion.png 895w, https:\/\/proxipel.ch\/wp-content\/uploads\/2024\/10\/camion-480x245.png 480w\" sizes=\"(min-width: 0px) and (max-width: 480px) 480px, (min-width: 481px) 895px, 100vw\" \/><\/p>\n<p>Los primeros pellets de madera aparecieron en Suiza a finales de los a\u00f1os 90. Enseguida despertaron inter\u00e9s como complemento de los troncos y las astillas. <\/p>\n<p><strong>Dos ventajas importantes respecto a los surtidos \u00abcl\u00e1sicos\u00bb:<\/strong><\/p>\n<ul>\n<li><strong>Una alta densidad energ\u00e9tica<\/strong>: aproximadamente el doble que la de los troncos y cuatro veces mayor que la de las virutas. Una caldera que consum\u00eda 2\u2019000 l de gas\u00f3leo al a\u00f1o solo necesita, con <a href=\"https:\/\/proxipel.ch\/es\/pellets\/\"><span style=\"text-decoration: underline;\">una calefacci\u00f3n de pellets<\/span><\/a>, solo necesita m\u00e1s o menos el doble de espacio de almacenamiento que antes, lo cual suele ser factible. <\/li>\n<li><strong>Una materia prima \u00abque ya est\u00e1 ah\u00ed\u00bb:<\/strong> al principio, los pellets proced\u00edan exclusivamente de los residuos de los aserraderos y las cepilladoras (serr\u00edn, virutas, astillas). Unos \u00abresiduos\u00bb que se han convertido en una energ\u00eda de calidad. <\/li>\n<\/ul>\n<p>Como era de esperar, las primeras calefacciones se instalaron sobre todo en viviendas unifamiliares. As\u00ed, los pellets han acercado la energ\u00eda de la madera a un p\u00fablico m\u00e1s joven y urbano, menos vinculado al bosque. <\/p>\n<p><em>A tener en cuenta<\/em>: en Suiza, los pellets procedentes de madera forestal y biomasa agr\u00edcola siguen siendo poco comunes. Los residuos de la segunda transformaci\u00f3n (carpinter\u00eda, muebles) no est\u00e1n permitidos, ya que ya no se encuentran en su estado natural. <\/p>\n<h2><strong>Dos mercados que no se comunican entre s\u00ed<\/strong><\/h2>\n<p><strong>1998\u20132023<\/strong>:<\/p>\n<ul>\n<li>El n\u00famero de sistemas de calefacci\u00f3n de pellets (incluidas las estufas) ha pasado de <strong>172<\/strong> a <strong>32 367<\/strong>.<\/li>\n<li>El consumo anual ha subido de <strong>850 t<\/strong> a casi <strong>430 000 t<\/strong>, y se estima que alcanzar\u00e1 las <strong>550 000 t para 2027<\/strong>.<\/li>\n<\/ul>\n<p>Su uso va mucho m\u00e1s all\u00e1 de las viviendas unifamiliares: edificios, urbanizaciones, hoteles, complejos tur\u00edsticos. La raz\u00f3n: ocupan poco espacio y el sistema de alimentaci\u00f3n por insuflaci\u00f3n es m\u00e1s sencillo que con las astillas. Esta fuerte demanda plantea la cuesti\u00f3n de la seguridad del suministro de pellets y materias primas.  <\/p>\n<p><strong>Orden de magnitud de la materia prima<\/strong>:<\/p>\n<ul>\n<li>Al aserrar <strong>1\u2019000<sup>m\u00b3<\/sup><\/strong> de madera en rollo se generan unas <strong>90 t<\/strong> de serr\u00edn y virutas + <strong>110 t<\/strong> de astillas \u2192 potencial te\u00f3rico de <strong>200 t<\/strong> de pellets.<\/li>\n<li><strong>2007<\/strong>: <strong>2,4 M<sup>m\u00b3<\/sup><\/strong> de madera aserrada \u2192 aprox. <strong>480 000 t<\/strong> de potencial.<\/li>\n<li><strong>2023<\/strong>: <strong>2,0 M<sup>m3<\/sup><\/strong> de madera aserrada \u2192 aprox. <strong>400\u2019000 t<\/strong> de potencial, es decir, menos que el consumo real.<\/li>\n<\/ul>\n<p>Estos vol\u00famenes son solo te\u00f3ricos: muchos aserraderos utilizan sus propios residuos (secado, redes de calefacci\u00f3n) o los destinan a sus f\u00e1bricas de pellets. La industria de los tableros aglomerados tambi\u00e9n tiene una gran demanda. Resultado: las importaciones anuales de pellets rondan desde hace a\u00f1os las <strong>100 000 t<\/strong>. En cuanto a las importaciones de serr\u00edn y virutas para la fabricaci\u00f3n de pellets, son dif\u00edciles de cuantificar.   <\/p>\n<p><strong>Punto clave<\/strong>: los aserraderos no aumentan su producci\u00f3n porque la demanda de pellets est\u00e1 subiendo. La producci\u00f3n de madera aserrada depende sobre todo de la situaci\u00f3n del sector de la construcci\u00f3n, tanto en Suiza como a nivel internacional. Ambos mercados est\u00e1n <em>desvinculados<\/em>. Lo que durante mucho tiempo fue una ventaja (\u00abla materia prima est\u00e1 disponible de todas formas\u00bb) se ha convertido hoy en una limitaci\u00f3n.   <\/p>\n<h3><strong>Nuevas materias primas, nuevos conceptos<\/strong><\/h3>\n<p>En <strong>2022<\/strong>, Suiza y gran parte de Europa tem\u00edan que hubiera problemas de suministro de le\u00f1a para calefacci\u00f3n, sobre todo de pellets. Algunos pa\u00edses llegaron a plantear la suspensi\u00f3n de las exportaciones en caso de crisis. La crisis se evit\u00f3, sobre todo gracias a que el invierno fue suave.  <\/p>\n<p>Sin embargo, todo apunta a que la demanda seguir\u00e1 subiendo. Por razones medioambientales y de pol\u00edtica energ\u00e9tica, el objetivo no es limitarse a responder con m\u00e1s importaciones (pellets o materias primas). La regionalidad y la econom\u00eda circular siguen siendo argumentos decisivos; si no, m\u00e1s vale importar petr\u00f3leo o gas.  <\/p>\n<p><strong>Conclusi\u00f3n<\/strong>: los yacimientos centralizados de materias primas para pellets ya se explotan en gran medida. Lo l\u00f3gico es ahora analizar los <strong>recursos descentralizados<\/strong> de la silvicultura y la agricultura. <\/p>\n<p>Con la<a href=\"https:\/\/proxipel.ch\/es\/proxiflex\/\"><span style=\"text-decoration: underline;\">planta de peletizaci\u00f3n m\u00f3vil PROXIFLEX<\/span><\/a>, una soluci\u00f3n t\u00e9cnica de probada eficacia permite que la producci\u00f3n se <strong>adapte a<\/strong> estos recursos descentralizados. El resultado: <strong>distancias de transporte cortas<\/strong> y <strong>un excelente balance ecol\u00f3gico<\/strong>. <\/p>\n<p><em>por Andreas Keel, 16\/03\/2025<\/em><\/p>\n","protected":false},"excerpt":{"rendered":"<p>Los pellets: un combustible sostenible para eltercer milenio Los primeros pellets de madera aparecieron en Suiza a finales de los a\u00f1os 90. Enseguida despertaron inter\u00e9s como complemento de los troncos y las astillas. Dos ventajas importantes respecto a los surtidos \u00abcl\u00e1sicos\u00bb: Una alta densidad energ\u00e9tica: aproximadamente el doble que la de los troncos y cuatro [&hellip;]<\/p>\n","protected":false},"author":6,"featured_media":1271,"comment_status":"open","ping_status":"open","sticky":false,"template":"","format":"standard","meta":{"_et_pb_use_builder":"","_et_pb_old_content":"","_et_gb_content_width":"","inline_featured_image":false,"footnotes":""},"categories":[42],"tags":[],"class_list":["post-2880","post","type-post","status-publish","format-standard","has-post-thumbnail","hentry","category-blog"],"yoast_head":"<!-- This site is optimized with the Yoast SEO plugin v28.3 - https:\/\/yoast.com\/product\/yoast-seo-wordpress\/ -->\n<title>Suministro de pellets en Suiza - Cadena de suministro corta - Proxipel<\/title>\n<meta name=\"description\" content=\"Produce tus pellets a nivel local en Suiza con Proxipel: reduce tus costes de abastecimiento, aprovecha tu madera local y asegura tu suministro energ\u00e9tico.\" \/>\n<meta name=\"robots\" content=\"index, follow, max-snippet:-1, max-image-preview:large, max-video-preview:-1\" \/>\n<link rel=\"canonical\" href=\"https:\/\/proxipel.ch\/es\/suministro-de-pellets-en-suiza-cadena-de-suministro-corta\/\" \/>\n<meta property=\"og:locale\" content=\"es_ES\" \/>\n<meta property=\"og:type\" content=\"article\" \/>\n<meta property=\"og:title\" content=\"Suministro de pellets en Suiza - Cadena de suministro corta - Proxipel\" \/>\n<meta property=\"og:description\" content=\"Produce tus pellets a nivel local en Suiza con Proxipel: reduce tus costes de abastecimiento, aprovecha tu madera local y asegura tu suministro energ\u00e9tico.\" \/>\n<meta property=\"og:url\" content=\"https:\/\/proxipel.ch\/es\/suministro-de-pellets-en-suiza-cadena-de-suministro-corta\/\" \/>\n<meta property=\"og:site_name\" content=\"Proxipel\" \/>\n<meta property=\"article:published_time\" content=\"2025-06-13T08:50:30+00:00\" \/>\n<meta property=\"article:modified_time\" content=\"2026-07-14T16:49:51+00:00\" \/>\n<meta property=\"og:image\" content=\"https:\/\/proxipel.ch\/wp-content\/uploads\/2024\/09\/camion-proxipel.jpg\" \/>\n\t<meta property=\"og:image:width\" content=\"1204\" \/>\n\t<meta property=\"og:image:height\" content=\"554\" \/>\n\t<meta property=\"og:image:type\" content=\"image\/jpeg\" \/>\n<meta name=\"author\" content=\"Bertrand Bordenave\" \/>\n<meta name=\"twitter:card\" content=\"summary_large_image\" \/>\n<meta name=\"twitter:label1\" content=\"Escrito por\" \/>\n\t<meta name=\"twitter:data1\" content=\"Bertrand Bordenave\" \/>\n\t<meta name=\"twitter:label2\" content=\"Tiempo de lectura\" \/>\n\t<meta name=\"twitter:data2\" content=\"4 minutos\" \/>\n<script type=\"application\/ld+json\" class=\"yoast-schema-graph\">{\"@context\":\"https:\\\/\\\/schema.org\",\"@graph\":[{\"@type\":\"Article\",\"@id\":\"https:\\\/\\\/proxipel.ch\\\/es\\\/suministro-de-pellets-en-suiza-cadena-de-suministro-corta\\\/#article\",\"isPartOf\":{\"@id\":\"https:\\\/\\\/proxipel.ch\\\/es\\\/suministro-de-pellets-en-suiza-cadena-de-suministro-corta\\\/\"},\"author\":{\"name\":\"Bertrand Bordenave\",\"@id\":\"https:\\\/\\\/proxipel.ch\\\/es\\\/#\\\/schema\\\/person\\\/14b4c44ffd52db22ee770bc4b0ce909a\"},\"headline\":\"Suministro de pellets en Suiza - Cadena de suministro corta\",\"datePublished\":\"2025-06-13T08:50:30+00:00\",\"dateModified\":\"2026-07-14T16:49:51+00:00\",\"mainEntityOfPage\":{\"@id\":\"https:\\\/\\\/proxipel.ch\\\/es\\\/suministro-de-pellets-en-suiza-cadena-de-suministro-corta\\\/\"},\"wordCount\":722,\"commentCount\":0,\"publisher\":{\"@id\":\"https:\\\/\\\/proxipel.ch\\\/es\\\/#organization\"},\"image\":{\"@id\":\"https:\\\/\\\/proxipel.ch\\\/es\\\/suministro-de-pellets-en-suiza-cadena-de-suministro-corta\\\/#primaryimage\"},\"thumbnailUrl\":\"https:\\\/\\\/proxipel.ch\\\/wp-content\\\/uploads\\\/2024\\\/09\\\/camion-proxipel.jpg\",\"articleSection\":[\"Blog\"],\"inLanguage\":\"es\",\"potentialAction\":[{\"@type\":\"CommentAction\",\"name\":\"Comment\",\"target\":[\"https:\\\/\\\/proxipel.ch\\\/es\\\/suministro-de-pellets-en-suiza-cadena-de-suministro-corta\\\/#respond\"]}]},{\"@type\":\"WebPage\",\"@id\":\"https:\\\/\\\/proxipel.ch\\\/es\\\/suministro-de-pellets-en-suiza-cadena-de-suministro-corta\\\/\",\"url\":\"https:\\\/\\\/proxipel.ch\\\/es\\\/suministro-de-pellets-en-suiza-cadena-de-suministro-corta\\\/\",\"name\":\"Suministro de pellets en Suiza - Cadena de suministro corta - Proxipel\",\"isPartOf\":{\"@id\":\"https:\\\/\\\/proxipel.ch\\\/es\\\/#website\"},\"primaryImageOfPage\":{\"@id\":\"https:\\\/\\\/proxipel.ch\\\/es\\\/suministro-de-pellets-en-suiza-cadena-de-suministro-corta\\\/#primaryimage\"},\"image\":{\"@id\":\"https:\\\/\\\/proxipel.ch\\\/es\\\/suministro-de-pellets-en-suiza-cadena-de-suministro-corta\\\/#primaryimage\"},\"thumbnailUrl\":\"https:\\\/\\\/proxipel.ch\\\/wp-content\\\/uploads\\\/2024\\\/09\\\/camion-proxipel.jpg\",\"datePublished\":\"2025-06-13T08:50:30+00:00\",\"dateModified\":\"2026-07-14T16:49:51+00:00\",\"description\":\"Produce tus pellets a nivel local en Suiza con Proxipel: reduce tus costes de abastecimiento, aprovecha tu madera local y asegura tu suministro energ\u00e9tico.\",\"breadcrumb\":{\"@id\":\"https:\\\/\\\/proxipel.ch\\\/es\\\/suministro-de-pellets-en-suiza-cadena-de-suministro-corta\\\/#breadcrumb\"},\"inLanguage\":\"es\",\"potentialAction\":[{\"@type\":\"ReadAction\",\"target\":[\"https:\\\/\\\/proxipel.ch\\\/es\\\/suministro-de-pellets-en-suiza-cadena-de-suministro-corta\\\/\"]}]},{\"@type\":\"ImageObject\",\"inLanguage\":\"es\",\"@id\":\"https:\\\/\\\/proxipel.ch\\\/es\\\/suministro-de-pellets-en-suiza-cadena-de-suministro-corta\\\/#primaryimage\",\"url\":\"https:\\\/\\\/proxipel.ch\\\/wp-content\\\/uploads\\\/2024\\\/09\\\/camion-proxipel.jpg\",\"contentUrl\":\"https:\\\/\\\/proxipel.ch\\\/wp-content\\\/uploads\\\/2024\\\/09\\\/camion-proxipel.jpg\",\"width\":1204,\"height\":554,\"caption\":\"Unit\u00e9 mobile de granulation Proxipel\"},{\"@type\":\"BreadcrumbList\",\"@id\":\"https:\\\/\\\/proxipel.ch\\\/es\\\/suministro-de-pellets-en-suiza-cadena-de-suministro-corta\\\/#breadcrumb\",\"itemListElement\":[{\"@type\":\"ListItem\",\"position\":1,\"name\":\"Inicio\",\"item\":\"https:\\\/\\\/proxipel.ch\\\/es\\\/\"},{\"@type\":\"ListItem\",\"position\":2,\"name\":\"Suministro de pellets en Suiza - Cadena de suministro corta\"}]},{\"@type\":\"WebSite\",\"@id\":\"https:\\\/\\\/proxipel.ch\\\/es\\\/#website\",\"url\":\"https:\\\/\\\/proxipel.ch\\\/es\\\/\",\"name\":\"Proxipel\",\"description\":\"La premi\u00e8re unit\u00e9 mobile de pelletisation int\u00e9grale\",\"publisher\":{\"@id\":\"https:\\\/\\\/proxipel.ch\\\/es\\\/#organization\"},\"potentialAction\":[{\"@type\":\"SearchAction\",\"target\":{\"@type\":\"EntryPoint\",\"urlTemplate\":\"https:\\\/\\\/proxipel.ch\\\/es\\\/?s={search_term_string}\"},\"query-input\":{\"@type\":\"PropertyValueSpecification\",\"valueRequired\":true,\"valueName\":\"search_term_string\"}}],\"inLanguage\":\"es\"},{\"@type\":\"Organization\",\"@id\":\"https:\\\/\\\/proxipel.ch\\\/es\\\/#organization\",\"name\":\"Proxipel\",\"url\":\"https:\\\/\\\/proxipel.ch\\\/es\\\/\",\"logo\":{\"@type\":\"ImageObject\",\"inLanguage\":\"es\",\"@id\":\"https:\\\/\\\/proxipel.ch\\\/es\\\/#\\\/schema\\\/logo\\\/image\\\/\",\"url\":\"https:\\\/\\\/proxipel.ch\\\/wp-content\\\/uploads\\\/2024\\\/04\\\/proxipel.svg\",\"contentUrl\":\"https:\\\/\\\/proxipel.ch\\\/wp-content\\\/uploads\\\/2024\\\/04\\\/proxipel.svg\",\"width\":\"1024\",\"height\":\"1024\",\"caption\":\"Proxipel\"},\"image\":{\"@id\":\"https:\\\/\\\/proxipel.ch\\\/es\\\/#\\\/schema\\\/logo\\\/image\\\/\"}},{\"@type\":\"Person\",\"@id\":\"https:\\\/\\\/proxipel.ch\\\/es\\\/#\\\/schema\\\/person\\\/14b4c44ffd52db22ee770bc4b0ce909a\",\"name\":\"Bertrand Bordenave\",\"image\":{\"@type\":\"ImageObject\",\"inLanguage\":\"es\",\"@id\":\"https:\\\/\\\/secure.gravatar.com\\\/avatar\\\/e17b5e0af21b580beae0180a27aa4d7661a659aea637f7c5133d8954df6b313b?s=96&d=mm&r=g\",\"url\":\"https:\\\/\\\/secure.gravatar.com\\\/avatar\\\/e17b5e0af21b580beae0180a27aa4d7661a659aea637f7c5133d8954df6b313b?s=96&d=mm&r=g\",\"contentUrl\":\"https:\\\/\\\/secure.gravatar.com\\\/avatar\\\/e17b5e0af21b580beae0180a27aa4d7661a659aea637f7c5133d8954df6b313b?s=96&d=mm&r=g\",\"caption\":\"Bertrand Bordenave\"},\"url\":\"https:\\\/\\\/proxipel.ch\\\/es\\\/author\\\/b-bordenaveproxipel-com\\\/\"}]}<\/script>\n<!-- \/ Yoast SEO plugin. -->","yoast_head_json":{"title":"Suministro de pellets en Suiza - Cadena de suministro corta - Proxipel","description":"Produce tus pellets a nivel local en Suiza con Proxipel: reduce tus costes de abastecimiento, aprovecha tu madera local y asegura tu suministro energ\u00e9tico.","robots":{"index":"index","follow":"follow","max-snippet":"max-snippet:-1","max-image-preview":"max-image-preview:large","max-video-preview":"max-video-preview:-1"},"canonical":"https:\/\/proxipel.ch\/es\/suministro-de-pellets-en-suiza-cadena-de-suministro-corta\/","og_locale":"es_ES","og_type":"article","og_title":"Suministro de pellets en Suiza - Cadena de suministro corta - Proxipel","og_description":"Produce tus pellets a nivel local en Suiza con Proxipel: reduce tus costes de abastecimiento, aprovecha tu madera local y asegura tu suministro energ\u00e9tico.","og_url":"https:\/\/proxipel.ch\/es\/suministro-de-pellets-en-suiza-cadena-de-suministro-corta\/","og_site_name":"Proxipel","article_published_time":"2025-06-13T08:50:30+00:00","article_modified_time":"2026-07-14T16:49:51+00:00","og_image":[{"width":1204,"height":554,"url":"https:\/\/proxipel.ch\/wp-content\/uploads\/2024\/09\/camion-proxipel.jpg","type":"image\/jpeg"}],"author":"Bertrand Bordenave","twitter_card":"summary_large_image","twitter_misc":{"Escrito por":"Bertrand Bordenave","Tiempo de lectura":"4 minutos"},"schema":{"@context":"https:\/\/schema.org","@graph":[{"@type":"Article","@id":"https:\/\/proxipel.ch\/es\/suministro-de-pellets-en-suiza-cadena-de-suministro-corta\/#article","isPartOf":{"@id":"https:\/\/proxipel.ch\/es\/suministro-de-pellets-en-suiza-cadena-de-suministro-corta\/"},"author":{"name":"Bertrand Bordenave","@id":"https:\/\/proxipel.ch\/es\/#\/schema\/person\/14b4c44ffd52db22ee770bc4b0ce909a"},"headline":"Suministro de pellets en Suiza - Cadena de suministro corta","datePublished":"2025-06-13T08:50:30+00:00","dateModified":"2026-07-14T16:49:51+00:00","mainEntityOfPage":{"@id":"https:\/\/proxipel.ch\/es\/suministro-de-pellets-en-suiza-cadena-de-suministro-corta\/"},"wordCount":722,"commentCount":0,"publisher":{"@id":"https:\/\/proxipel.ch\/es\/#organization"},"image":{"@id":"https:\/\/proxipel.ch\/es\/suministro-de-pellets-en-suiza-cadena-de-suministro-corta\/#primaryimage"},"thumbnailUrl":"https:\/\/proxipel.ch\/wp-content\/uploads\/2024\/09\/camion-proxipel.jpg","articleSection":["Blog"],"inLanguage":"es","potentialAction":[{"@type":"CommentAction","name":"Comment","target":["https:\/\/proxipel.ch\/es\/suministro-de-pellets-en-suiza-cadena-de-suministro-corta\/#respond"]}]},{"@type":"WebPage","@id":"https:\/\/proxipel.ch\/es\/suministro-de-pellets-en-suiza-cadena-de-suministro-corta\/","url":"https:\/\/proxipel.ch\/es\/suministro-de-pellets-en-suiza-cadena-de-suministro-corta\/","name":"Suministro de pellets en Suiza - Cadena de suministro corta - Proxipel","isPartOf":{"@id":"https:\/\/proxipel.ch\/es\/#website"},"primaryImageOfPage":{"@id":"https:\/\/proxipel.ch\/es\/suministro-de-pellets-en-suiza-cadena-de-suministro-corta\/#primaryimage"},"image":{"@id":"https:\/\/proxipel.ch\/es\/suministro-de-pellets-en-suiza-cadena-de-suministro-corta\/#primaryimage"},"thumbnailUrl":"https:\/\/proxipel.ch\/wp-content\/uploads\/2024\/09\/camion-proxipel.jpg","datePublished":"2025-06-13T08:50:30+00:00","dateModified":"2026-07-14T16:49:51+00:00","description":"Produce tus pellets a nivel local en Suiza con Proxipel: reduce tus costes de abastecimiento, aprovecha tu madera local y asegura tu suministro energ\u00e9tico.","breadcrumb":{"@id":"https:\/\/proxipel.ch\/es\/suministro-de-pellets-en-suiza-cadena-de-suministro-corta\/#breadcrumb"},"inLanguage":"es","potentialAction":[{"@type":"ReadAction","target":["https:\/\/proxipel.ch\/es\/suministro-de-pellets-en-suiza-cadena-de-suministro-corta\/"]}]},{"@type":"ImageObject","inLanguage":"es","@id":"https:\/\/proxipel.ch\/es\/suministro-de-pellets-en-suiza-cadena-de-suministro-corta\/#primaryimage","url":"https:\/\/proxipel.ch\/wp-content\/uploads\/2024\/09\/camion-proxipel.jpg","contentUrl":"https:\/\/proxipel.ch\/wp-content\/uploads\/2024\/09\/camion-proxipel.jpg","width":1204,"height":554,"caption":"Unit\u00e9 mobile de granulation Proxipel"},{"@type":"BreadcrumbList","@id":"https:\/\/proxipel.ch\/es\/suministro-de-pellets-en-suiza-cadena-de-suministro-corta\/#breadcrumb","itemListElement":[{"@type":"ListItem","position":1,"name":"Inicio","item":"https:\/\/proxipel.ch\/es\/"},{"@type":"ListItem","position":2,"name":"Suministro de pellets en Suiza - Cadena de suministro corta"}]},{"@type":"WebSite","@id":"https:\/\/proxipel.ch\/es\/#website","url":"https:\/\/proxipel.ch\/es\/","name":"Proxipel","description":"La premi\u00e8re unit\u00e9 mobile de pelletisation int\u00e9grale","publisher":{"@id":"https:\/\/proxipel.ch\/es\/#organization"},"potentialAction":[{"@type":"SearchAction","target":{"@type":"EntryPoint","urlTemplate":"https:\/\/proxipel.ch\/es\/?s={search_term_string}"},"query-input":{"@type":"PropertyValueSpecification","valueRequired":true,"valueName":"search_term_string"}}],"inLanguage":"es"},{"@type":"Organization","@id":"https:\/\/proxipel.ch\/es\/#organization","name":"Proxipel","url":"https:\/\/proxipel.ch\/es\/","logo":{"@type":"ImageObject","inLanguage":"es","@id":"https:\/\/proxipel.ch\/es\/#\/schema\/logo\/image\/","url":"https:\/\/proxipel.ch\/wp-content\/uploads\/2024\/04\/proxipel.svg","contentUrl":"https:\/\/proxipel.ch\/wp-content\/uploads\/2024\/04\/proxipel.svg","width":"1024","height":"1024","caption":"Proxipel"},"image":{"@id":"https:\/\/proxipel.ch\/es\/#\/schema\/logo\/image\/"}},{"@type":"Person","@id":"https:\/\/proxipel.ch\/es\/#\/schema\/person\/14b4c44ffd52db22ee770bc4b0ce909a","name":"Bertrand Bordenave","image":{"@type":"ImageObject","inLanguage":"es","@id":"https:\/\/secure.gravatar.com\/avatar\/e17b5e0af21b580beae0180a27aa4d7661a659aea637f7c5133d8954df6b313b?s=96&d=mm&r=g","url":"https:\/\/secure.gravatar.com\/avatar\/e17b5e0af21b580beae0180a27aa4d7661a659aea637f7c5133d8954df6b313b?s=96&d=mm&r=g","contentUrl":"https:\/\/secure.gravatar.com\/avatar\/e17b5e0af21b580beae0180a27aa4d7661a659aea637f7c5133d8954df6b313b?s=96&d=mm&r=g","caption":"Bertrand Bordenave"},"url":"https:\/\/proxipel.ch\/es\/author\/b-bordenaveproxipel-com\/"}]}},"_links":{"self":[{"href":"https:\/\/proxipel.ch\/es\/wp-json\/wp\/v2\/posts\/2880","targetHints":{"allow":["GET"]}}],"collection":[{"href":"https:\/\/proxipel.ch\/es\/wp-json\/wp\/v2\/posts"}],"about":[{"href":"https:\/\/proxipel.ch\/es\/wp-json\/wp\/v2\/types\/post"}],"author":[{"embeddable":true,"href":"https:\/\/proxipel.ch\/es\/wp-json\/wp\/v2\/users\/6"}],"replies":[{"embeddable":true,"href":"https:\/\/proxipel.ch\/es\/wp-json\/wp\/v2\/comments?post=2880"}],"version-history":[{"count":1,"href":"https:\/\/proxipel.ch\/es\/wp-json\/wp\/v2\/posts\/2880\/revisions"}],"predecessor-version":[{"id":2881,"href":"https:\/\/proxipel.ch\/es\/wp-json\/wp\/v2\/posts\/2880\/revisions\/2881"}],"wp:featuredmedia":[{"embeddable":true,"href":"https:\/\/proxipel.ch\/es\/wp-json\/wp\/v2\/media\/1271"}],"wp:attachment":[{"href":"https:\/\/proxipel.ch\/es\/wp-json\/wp\/v2\/media?parent=2880"}],"wp:term":[{"taxonomy":"category","embeddable":true,"href":"https:\/\/proxipel.ch\/es\/wp-json\/wp\/v2\/categories?post=2880"},{"taxonomy":"post_tag","embeddable":true,"href":"https:\/\/proxipel.ch\/es\/wp-json\/wp\/v2\/tags?post=2880"}],"curies":[{"name":"wp","href":"https:\/\/api.w.org\/{rel}","templated":true}]}}