{"id":2852,"date":"2025-11-20T17:09:01","date_gmt":"2025-11-20T16:09:01","guid":{"rendered":"https:\/\/proxipel.ch\/se-habla-de-proxipel-en-la-revista-les-routiers-suisses\/"},"modified":"2026-07-14T19:09:01","modified_gmt":"2026-07-14T17:09:01","slug":"se-habla-de-proxipel-en-la-revista-les-routiers-suisses","status":"publish","type":"post","link":"https:\/\/proxipel.ch\/es\/se-habla-de-proxipel-en-la-revista-les-routiers-suisses\/","title":{"rendered":"Se habla de PROXIPEL en la revista \u00abLes routiers suisses\u00bb"},"content":{"rendered":"<h2>Este art\u00edculo publicado en <em data-start=\"1072\" data-end=\"1094\">\u00abLes Routiers Suisses\u00bb<\/em> pone de relieve un tema clave para el sector de la energ\u00eda de la madera:<\/h2>\n<p>Aprovechar los residuos forestales a nivel local sin perder de vista los costes y la huella de transporte. Proxipel te explica aqu\u00ed<a href=\"https:\/\/proxipel.ch\/es\/tecnologia\/\"> la idea de la granulaci\u00f3n m\u00f3vil<\/a>: acercar la herramienta de producci\u00f3n al recurso, para transformarlo in situ y abastecer a los usos en circuitos cortos. \u00bfTienes un yacimiento (astillas, ramas trituradas, residuos le\u00f1osos)? Este art\u00edculo es un buen punto de partida para <span style=\"color: #99cc00;\"><a style=\"color: #99cc00;\" href=\"https:\/\/proxipel.ch\/es\/ponte-en-contacto-con\/\">plantearte una prueba<\/a><\/span> y evaluar el potencial en tu zona.   <\/p>\n<p><img decoding=\"async\" class=\"size-full wp-image-2332\" src=\"https:\/\/proxipel.ch\/wp-content\/uploads\/2025\/11\/article-routiers-suisses-p3.webp\" alt=\"Una f\u00e1brica de pellets sobre ruedas\" width=\"791\" height=\"1121\" srcset=\"https:\/\/proxipel.ch\/wp-content\/uploads\/2025\/11\/article-routiers-suisses-p3.webp 791w, https:\/\/proxipel.ch\/wp-content\/uploads\/2025\/11\/article-routiers-suisses-p3-480x680.webp 480w\" sizes=\"(min-width: 0px) and (max-width: 480px) 480px, (min-width: 481px) 791px, 100vw\" \/><img decoding=\"async\" class=\"alignnone size-full wp-image-2328\" src=\"https:\/\/proxipel.ch\/wp-content\/uploads\/2025\/11\/article-routiers-suisses-p2.webp\" alt=\"Una f\u00e1brica de pellets sobre ruedas\" width=\"792\" height=\"539\" srcset=\"https:\/\/proxipel.ch\/wp-content\/uploads\/2025\/11\/article-routiers-suisses-p2.webp 792w, https:\/\/proxipel.ch\/wp-content\/uploads\/2025\/11\/article-routiers-suisses-p2-480x327.webp 480w\" sizes=\"(min-width: 0px) and (max-width: 480px) 480px, (min-width: 481px) 792px, 100vw\" \/><img decoding=\"async\" class=\"alignnone size-full wp-image-2324\" src=\"https:\/\/proxipel.ch\/wp-content\/uploads\/2025\/11\/article-routier-suisse-p1.webp\" alt=\"una f\u00e1brica de pellets sobre ruedas\" width=\"790\" height=\"1118\" srcset=\"https:\/\/proxipel.ch\/wp-content\/uploads\/2025\/11\/article-routier-suisse-p1.webp 790w, https:\/\/proxipel.ch\/wp-content\/uploads\/2025\/11\/article-routier-suisse-p1-480x679.webp 480w\" sizes=\"(min-width: 0px) and (max-width: 480px) 480px, (min-width: 481px) 790px, 100vw\" \/><\/p>\n<h1>\u00bfT\u00fa tambi\u00e9n quieres convertir tus residuos forestales en pellets? <a href=\"https:\/\/proxipel.ch\/es\/ponte-en-contacto-con\/\"><strong><span style=\"color: #99cc00;\">Ponte en contacto con nosotros<\/span><\/strong><\/a> para saber c\u00f3mo hacerlo.<\/h1>\n","protected":false},"excerpt":{"rendered":"<p>Este art\u00edculo publicado en \u00abLes Routiers Suisses\u00bb pone de relieve un tema clave para el sector de la energ\u00eda de la madera: Aprovechar los residuos forestales a nivel local sin perder de vista los costes y la huella de transporte. Proxipel te explica aqu\u00ed la idea de la granulaci\u00f3n m\u00f3vil: acercar la herramienta de producci\u00f3n [&hellip;]<\/p>\n","protected":false},"author":6,"featured_media":2344,"comment_status":"open","ping_status":"open","sticky":false,"template":"","format":"standard","meta":{"_et_pb_use_builder":"","_et_pb_old_content":"","_et_gb_content_width":"","inline_featured_image":false,"footnotes":""},"categories":[49],"tags":[],"class_list":["post-2852","post","type-post","status-publish","format-standard","has-post-thumbnail","hentry","category-prensa"],"yoast_head":"<!-- This site is optimized with the Yoast SEO plugin v28.3 - https:\/\/yoast.com\/product\/yoast-seo-wordpress\/ -->\n<title>Se habla de PROXIPEL en la revista \u00abLes routiers suisses\u00bb - Proxipel<\/title>\n<meta name=\"description\" content=\"La unidad m\u00f3vil de granulaci\u00f3n PROXIFLEX en un camino forestal. Proxipel: la peletizaci\u00f3n lo m\u00e1s cerca posible del recurso\" \/>\n<meta name=\"robots\" content=\"index, follow, max-snippet:-1, max-image-preview:large, max-video-preview:-1\" \/>\n<link rel=\"canonical\" href=\"https:\/\/proxipel.ch\/es\/se-habla-de-proxipel-en-la-revista-les-routiers-suisses\/\" \/>\n<meta property=\"og:locale\" content=\"es_ES\" \/>\n<meta property=\"og:type\" content=\"article\" \/>\n<meta property=\"og:title\" content=\"Se habla de PROXIPEL en la revista \u00abLes routiers suisses\u00bb - Proxipel\" \/>\n<meta property=\"og:description\" content=\"La unidad m\u00f3vil de granulaci\u00f3n PROXIFLEX en un camino forestal. Proxipel: la peletizaci\u00f3n lo m\u00e1s cerca posible del recurso\" \/>\n<meta property=\"og:url\" content=\"https:\/\/proxipel.ch\/es\/se-habla-de-proxipel-en-la-revista-les-routiers-suisses\/\" \/>\n<meta property=\"og:site_name\" content=\"Proxipel\" \/>\n<meta property=\"article:published_time\" content=\"2025-11-20T16:09:01+00:00\" \/>\n<meta property=\"article:modified_time\" content=\"2026-07-14T17:09:01+00:00\" \/>\n<meta property=\"og:image\" content=\"https:\/\/proxipel.ch\/wp-content\/uploads\/2025\/11\/Photo-les-routiers-suisse.webp\" \/>\n\t<meta property=\"og:image:width\" content=\"785\" \/>\n\t<meta property=\"og:image:height\" content=\"499\" \/>\n\t<meta property=\"og:image:type\" content=\"image\/webp\" \/>\n<meta name=\"author\" content=\"Bertrand Bordenave\" \/>\n<meta name=\"twitter:card\" content=\"summary_large_image\" \/>\n<meta name=\"twitter:label1\" content=\"Escrito por\" \/>\n\t<meta name=\"twitter:data1\" content=\"Bertrand Bordenave\" \/>\n\t<meta name=\"twitter:label2\" content=\"Tiempo de lectura\" \/>\n\t<meta name=\"twitter:data2\" content=\"1 minuto\" \/>\n<script type=\"application\/ld+json\" class=\"yoast-schema-graph\">{\"@context\":\"https:\\\/\\\/schema.org\",\"@graph\":[{\"@type\":\"Article\",\"@id\":\"https:\\\/\\\/proxipel.ch\\\/es\\\/se-habla-de-proxipel-en-la-revista-les-routiers-suisses\\\/#article\",\"isPartOf\":{\"@id\":\"https:\\\/\\\/proxipel.ch\\\/es\\\/se-habla-de-proxipel-en-la-revista-les-routiers-suisses\\\/\"},\"author\":{\"name\":\"Bertrand Bordenave\",\"@id\":\"https:\\\/\\\/proxipel.ch\\\/es\\\/#\\\/schema\\\/person\\\/14b4c44ffd52db22ee770bc4b0ce909a\"},\"headline\":\"Se habla de PROXIPEL en la revista \u00abLes routiers suisses\u00bb\",\"datePublished\":\"2025-11-20T16:09:01+00:00\",\"dateModified\":\"2026-07-14T17:09:01+00:00\",\"mainEntityOfPage\":{\"@id\":\"https:\\\/\\\/proxipel.ch\\\/es\\\/se-habla-de-proxipel-en-la-revista-les-routiers-suisses\\\/\"},\"wordCount\":133,\"commentCount\":0,\"publisher\":{\"@id\":\"https:\\\/\\\/proxipel.ch\\\/es\\\/#organization\"},\"image\":{\"@id\":\"https:\\\/\\\/proxipel.ch\\\/es\\\/se-habla-de-proxipel-en-la-revista-les-routiers-suisses\\\/#primaryimage\"},\"thumbnailUrl\":\"https:\\\/\\\/proxipel.ch\\\/wp-content\\\/uploads\\\/2025\\\/11\\\/Photo-les-routiers-suisse.webp\",\"articleSection\":[\"Prensa\"],\"inLanguage\":\"es\",\"potentialAction\":[{\"@type\":\"CommentAction\",\"name\":\"Comment\",\"target\":[\"https:\\\/\\\/proxipel.ch\\\/es\\\/se-habla-de-proxipel-en-la-revista-les-routiers-suisses\\\/#respond\"]}]},{\"@type\":\"WebPage\",\"@id\":\"https:\\\/\\\/proxipel.ch\\\/es\\\/se-habla-de-proxipel-en-la-revista-les-routiers-suisses\\\/\",\"url\":\"https:\\\/\\\/proxipel.ch\\\/es\\\/se-habla-de-proxipel-en-la-revista-les-routiers-suisses\\\/\",\"name\":\"Se habla de PROXIPEL en la revista \u00abLes routiers suisses\u00bb - Proxipel\",\"isPartOf\":{\"@id\":\"https:\\\/\\\/proxipel.ch\\\/es\\\/#website\"},\"primaryImageOfPage\":{\"@id\":\"https:\\\/\\\/proxipel.ch\\\/es\\\/se-habla-de-proxipel-en-la-revista-les-routiers-suisses\\\/#primaryimage\"},\"image\":{\"@id\":\"https:\\\/\\\/proxipel.ch\\\/es\\\/se-habla-de-proxipel-en-la-revista-les-routiers-suisses\\\/#primaryimage\"},\"thumbnailUrl\":\"https:\\\/\\\/proxipel.ch\\\/wp-content\\\/uploads\\\/2025\\\/11\\\/Photo-les-routiers-suisse.webp\",\"datePublished\":\"2025-11-20T16:09:01+00:00\",\"dateModified\":\"2026-07-14T17:09:01+00:00\",\"description\":\"La unidad m\u00f3vil de granulaci\u00f3n PROXIFLEX en un camino forestal. Proxipel: la peletizaci\u00f3n lo m\u00e1s cerca posible del recurso\",\"breadcrumb\":{\"@id\":\"https:\\\/\\\/proxipel.ch\\\/es\\\/se-habla-de-proxipel-en-la-revista-les-routiers-suisses\\\/#breadcrumb\"},\"inLanguage\":\"es\",\"potentialAction\":[{\"@type\":\"ReadAction\",\"target\":[\"https:\\\/\\\/proxipel.ch\\\/es\\\/se-habla-de-proxipel-en-la-revista-les-routiers-suisses\\\/\"]}]},{\"@type\":\"ImageObject\",\"inLanguage\":\"es\",\"@id\":\"https:\\\/\\\/proxipel.ch\\\/es\\\/se-habla-de-proxipel-en-la-revista-les-routiers-suisses\\\/#primaryimage\",\"url\":\"https:\\\/\\\/proxipel.ch\\\/wp-content\\\/uploads\\\/2025\\\/11\\\/Photo-les-routiers-suisse.webp\",\"contentUrl\":\"https:\\\/\\\/proxipel.ch\\\/wp-content\\\/uploads\\\/2025\\\/11\\\/Photo-les-routiers-suisse.webp\",\"width\":785,\"height\":499,\"caption\":\"La fabrique \u00e0 pellets ur roues\"},{\"@type\":\"BreadcrumbList\",\"@id\":\"https:\\\/\\\/proxipel.ch\\\/es\\\/se-habla-de-proxipel-en-la-revista-les-routiers-suisses\\\/#breadcrumb\",\"itemListElement\":[{\"@type\":\"ListItem\",\"position\":1,\"name\":\"Inicio\",\"item\":\"https:\\\/\\\/proxipel.ch\\\/es\\\/\"},{\"@type\":\"ListItem\",\"position\":2,\"name\":\"Se habla de PROXIPEL en la revista \u00abLes routiers suisses\u00bb\"}]},{\"@type\":\"WebSite\",\"@id\":\"https:\\\/\\\/proxipel.ch\\\/es\\\/#website\",\"url\":\"https:\\\/\\\/proxipel.ch\\\/es\\\/\",\"name\":\"Proxipel\",\"description\":\"La premi\u00e8re unit\u00e9 mobile de pelletisation int\u00e9grale\",\"publisher\":{\"@id\":\"https:\\\/\\\/proxipel.ch\\\/es\\\/#organization\"},\"potentialAction\":[{\"@type\":\"SearchAction\",\"target\":{\"@type\":\"EntryPoint\",\"urlTemplate\":\"https:\\\/\\\/proxipel.ch\\\/es\\\/?s={search_term_string}\"},\"query-input\":{\"@type\":\"PropertyValueSpecification\",\"valueRequired\":true,\"valueName\":\"search_term_string\"}}],\"inLanguage\":\"es\"},{\"@type\":\"Organization\",\"@id\":\"https:\\\/\\\/proxipel.ch\\\/es\\\/#organization\",\"name\":\"Proxipel\",\"url\":\"https:\\\/\\\/proxipel.ch\\\/es\\\/\",\"logo\":{\"@type\":\"ImageObject\",\"inLanguage\":\"es\",\"@id\":\"https:\\\/\\\/proxipel.ch\\\/es\\\/#\\\/schema\\\/logo\\\/image\\\/\",\"url\":\"https:\\\/\\\/proxipel.ch\\\/wp-content\\\/uploads\\\/2024\\\/04\\\/proxipel.svg\",\"contentUrl\":\"https:\\\/\\\/proxipel.ch\\\/wp-content\\\/uploads\\\/2024\\\/04\\\/proxipel.svg\",\"width\":\"1024\",\"height\":\"1024\",\"caption\":\"Proxipel\"},\"image\":{\"@id\":\"https:\\\/\\\/proxipel.ch\\\/es\\\/#\\\/schema\\\/logo\\\/image\\\/\"}},{\"@type\":\"Person\",\"@id\":\"https:\\\/\\\/proxipel.ch\\\/es\\\/#\\\/schema\\\/person\\\/14b4c44ffd52db22ee770bc4b0ce909a\",\"name\":\"Bertrand Bordenave\",\"image\":{\"@type\":\"ImageObject\",\"inLanguage\":\"es\",\"@id\":\"https:\\\/\\\/secure.gravatar.com\\\/avatar\\\/e17b5e0af21b580beae0180a27aa4d7661a659aea637f7c5133d8954df6b313b?s=96&d=mm&r=g\",\"url\":\"https:\\\/\\\/secure.gravatar.com\\\/avatar\\\/e17b5e0af21b580beae0180a27aa4d7661a659aea637f7c5133d8954df6b313b?s=96&d=mm&r=g\",\"contentUrl\":\"https:\\\/\\\/secure.gravatar.com\\\/avatar\\\/e17b5e0af21b580beae0180a27aa4d7661a659aea637f7c5133d8954df6b313b?s=96&d=mm&r=g\",\"caption\":\"Bertrand Bordenave\"},\"url\":\"https:\\\/\\\/proxipel.ch\\\/es\\\/author\\\/b-bordenaveproxipel-com\\\/\"}]}<\/script>\n<!-- \/ Yoast SEO plugin. -->","yoast_head_json":{"title":"Se habla de PROXIPEL en la revista \u00abLes routiers suisses\u00bb - Proxipel","description":"La unidad m\u00f3vil de granulaci\u00f3n PROXIFLEX en un camino forestal. Proxipel: la peletizaci\u00f3n lo m\u00e1s cerca posible del recurso","robots":{"index":"index","follow":"follow","max-snippet":"max-snippet:-1","max-image-preview":"max-image-preview:large","max-video-preview":"max-video-preview:-1"},"canonical":"https:\/\/proxipel.ch\/es\/se-habla-de-proxipel-en-la-revista-les-routiers-suisses\/","og_locale":"es_ES","og_type":"article","og_title":"Se habla de PROXIPEL en la revista \u00abLes routiers suisses\u00bb - Proxipel","og_description":"La unidad m\u00f3vil de granulaci\u00f3n PROXIFLEX en un camino forestal. Proxipel: la peletizaci\u00f3n lo m\u00e1s cerca posible del recurso","og_url":"https:\/\/proxipel.ch\/es\/se-habla-de-proxipel-en-la-revista-les-routiers-suisses\/","og_site_name":"Proxipel","article_published_time":"2025-11-20T16:09:01+00:00","article_modified_time":"2026-07-14T17:09:01+00:00","og_image":[{"width":785,"height":499,"url":"https:\/\/proxipel.ch\/wp-content\/uploads\/2025\/11\/Photo-les-routiers-suisse.webp","type":"image\/webp"}],"author":"Bertrand Bordenave","twitter_card":"summary_large_image","twitter_misc":{"Escrito por":"Bertrand Bordenave","Tiempo de lectura":"1 minuto"},"schema":{"@context":"https:\/\/schema.org","@graph":[{"@type":"Article","@id":"https:\/\/proxipel.ch\/es\/se-habla-de-proxipel-en-la-revista-les-routiers-suisses\/#article","isPartOf":{"@id":"https:\/\/proxipel.ch\/es\/se-habla-de-proxipel-en-la-revista-les-routiers-suisses\/"},"author":{"name":"Bertrand Bordenave","@id":"https:\/\/proxipel.ch\/es\/#\/schema\/person\/14b4c44ffd52db22ee770bc4b0ce909a"},"headline":"Se habla de PROXIPEL en la revista \u00abLes routiers suisses\u00bb","datePublished":"2025-11-20T16:09:01+00:00","dateModified":"2026-07-14T17:09:01+00:00","mainEntityOfPage":{"@id":"https:\/\/proxipel.ch\/es\/se-habla-de-proxipel-en-la-revista-les-routiers-suisses\/"},"wordCount":133,"commentCount":0,"publisher":{"@id":"https:\/\/proxipel.ch\/es\/#organization"},"image":{"@id":"https:\/\/proxipel.ch\/es\/se-habla-de-proxipel-en-la-revista-les-routiers-suisses\/#primaryimage"},"thumbnailUrl":"https:\/\/proxipel.ch\/wp-content\/uploads\/2025\/11\/Photo-les-routiers-suisse.webp","articleSection":["Prensa"],"inLanguage":"es","potentialAction":[{"@type":"CommentAction","name":"Comment","target":["https:\/\/proxipel.ch\/es\/se-habla-de-proxipel-en-la-revista-les-routiers-suisses\/#respond"]}]},{"@type":"WebPage","@id":"https:\/\/proxipel.ch\/es\/se-habla-de-proxipel-en-la-revista-les-routiers-suisses\/","url":"https:\/\/proxipel.ch\/es\/se-habla-de-proxipel-en-la-revista-les-routiers-suisses\/","name":"Se habla de PROXIPEL en la revista \u00abLes routiers suisses\u00bb - Proxipel","isPartOf":{"@id":"https:\/\/proxipel.ch\/es\/#website"},"primaryImageOfPage":{"@id":"https:\/\/proxipel.ch\/es\/se-habla-de-proxipel-en-la-revista-les-routiers-suisses\/#primaryimage"},"image":{"@id":"https:\/\/proxipel.ch\/es\/se-habla-de-proxipel-en-la-revista-les-routiers-suisses\/#primaryimage"},"thumbnailUrl":"https:\/\/proxipel.ch\/wp-content\/uploads\/2025\/11\/Photo-les-routiers-suisse.webp","datePublished":"2025-11-20T16:09:01+00:00","dateModified":"2026-07-14T17:09:01+00:00","description":"La unidad m\u00f3vil de granulaci\u00f3n PROXIFLEX en un camino forestal. Proxipel: la peletizaci\u00f3n lo m\u00e1s cerca posible del recurso","breadcrumb":{"@id":"https:\/\/proxipel.ch\/es\/se-habla-de-proxipel-en-la-revista-les-routiers-suisses\/#breadcrumb"},"inLanguage":"es","potentialAction":[{"@type":"ReadAction","target":["https:\/\/proxipel.ch\/es\/se-habla-de-proxipel-en-la-revista-les-routiers-suisses\/"]}]},{"@type":"ImageObject","inLanguage":"es","@id":"https:\/\/proxipel.ch\/es\/se-habla-de-proxipel-en-la-revista-les-routiers-suisses\/#primaryimage","url":"https:\/\/proxipel.ch\/wp-content\/uploads\/2025\/11\/Photo-les-routiers-suisse.webp","contentUrl":"https:\/\/proxipel.ch\/wp-content\/uploads\/2025\/11\/Photo-les-routiers-suisse.webp","width":785,"height":499,"caption":"La fabrique \u00e0 pellets ur roues"},{"@type":"BreadcrumbList","@id":"https:\/\/proxipel.ch\/es\/se-habla-de-proxipel-en-la-revista-les-routiers-suisses\/#breadcrumb","itemListElement":[{"@type":"ListItem","position":1,"name":"Inicio","item":"https:\/\/proxipel.ch\/es\/"},{"@type":"ListItem","position":2,"name":"Se habla de PROXIPEL en la revista \u00abLes routiers suisses\u00bb"}]},{"@type":"WebSite","@id":"https:\/\/proxipel.ch\/es\/#website","url":"https:\/\/proxipel.ch\/es\/","name":"Proxipel","description":"La premi\u00e8re unit\u00e9 mobile de pelletisation int\u00e9grale","publisher":{"@id":"https:\/\/proxipel.ch\/es\/#organization"},"potentialAction":[{"@type":"SearchAction","target":{"@type":"EntryPoint","urlTemplate":"https:\/\/proxipel.ch\/es\/?s={search_term_string}"},"query-input":{"@type":"PropertyValueSpecification","valueRequired":true,"valueName":"search_term_string"}}],"inLanguage":"es"},{"@type":"Organization","@id":"https:\/\/proxipel.ch\/es\/#organization","name":"Proxipel","url":"https:\/\/proxipel.ch\/es\/","logo":{"@type":"ImageObject","inLanguage":"es","@id":"https:\/\/proxipel.ch\/es\/#\/schema\/logo\/image\/","url":"https:\/\/proxipel.ch\/wp-content\/uploads\/2024\/04\/proxipel.svg","contentUrl":"https:\/\/proxipel.ch\/wp-content\/uploads\/2024\/04\/proxipel.svg","width":"1024","height":"1024","caption":"Proxipel"},"image":{"@id":"https:\/\/proxipel.ch\/es\/#\/schema\/logo\/image\/"}},{"@type":"Person","@id":"https:\/\/proxipel.ch\/es\/#\/schema\/person\/14b4c44ffd52db22ee770bc4b0ce909a","name":"Bertrand Bordenave","image":{"@type":"ImageObject","inLanguage":"es","@id":"https:\/\/secure.gravatar.com\/avatar\/e17b5e0af21b580beae0180a27aa4d7661a659aea637f7c5133d8954df6b313b?s=96&d=mm&r=g","url":"https:\/\/secure.gravatar.com\/avatar\/e17b5e0af21b580beae0180a27aa4d7661a659aea637f7c5133d8954df6b313b?s=96&d=mm&r=g","contentUrl":"https:\/\/secure.gravatar.com\/avatar\/e17b5e0af21b580beae0180a27aa4d7661a659aea637f7c5133d8954df6b313b?s=96&d=mm&r=g","caption":"Bertrand Bordenave"},"url":"https:\/\/proxipel.ch\/es\/author\/b-bordenaveproxipel-com\/"}]}},"_links":{"self":[{"href":"https:\/\/proxipel.ch\/es\/wp-json\/wp\/v2\/posts\/2852","targetHints":{"allow":["GET"]}}],"collection":[{"href":"https:\/\/proxipel.ch\/es\/wp-json\/wp\/v2\/posts"}],"about":[{"href":"https:\/\/proxipel.ch\/es\/wp-json\/wp\/v2\/types\/post"}],"author":[{"embeddable":true,"href":"https:\/\/proxipel.ch\/es\/wp-json\/wp\/v2\/users\/6"}],"replies":[{"embeddable":true,"href":"https:\/\/proxipel.ch\/es\/wp-json\/wp\/v2\/comments?post=2852"}],"version-history":[{"count":1,"href":"https:\/\/proxipel.ch\/es\/wp-json\/wp\/v2\/posts\/2852\/revisions"}],"predecessor-version":[{"id":2853,"href":"https:\/\/proxipel.ch\/es\/wp-json\/wp\/v2\/posts\/2852\/revisions\/2853"}],"wp:featuredmedia":[{"embeddable":true,"href":"https:\/\/proxipel.ch\/es\/wp-json\/wp\/v2\/media\/2344"}],"wp:attachment":[{"href":"https:\/\/proxipel.ch\/es\/wp-json\/wp\/v2\/media?parent=2852"}],"wp:term":[{"taxonomy":"category","embeddable":true,"href":"https:\/\/proxipel.ch\/es\/wp-json\/wp\/v2\/categories?post=2852"},{"taxonomy":"post_tag","embeddable":true,"href":"https:\/\/proxipel.ch\/es\/wp-json\/wp\/v2\/tags?post=2852"}],"curies":[{"name":"wp","href":"https:\/\/api.w.org\/{rel}","templated":true}]}}