{"id":2848,"date":"2026-01-14T16:15:27","date_gmt":"2026-01-14T15:15:27","guid":{"rendered":"https:\/\/proxipel.ch\/saca-partido-a-tus-recursos-madereros-la-solucion-de-proxipel-para-producir-pellets-locales\/"},"modified":"2026-07-15T15:13:04","modified_gmt":"2026-07-15T13:13:04","slug":"saca-partido-a-tus-recursos-madereros-la-solucion-de-proxipel-para-producir-pellets-locales","status":"publish","type":"post","link":"https:\/\/proxipel.ch\/es\/saca-partido-a-tus-recursos-madereros-la-solucion-de-proxipel-para-producir-pellets-locales\/","title":{"rendered":"Saca partido a tus recursos madereros: la soluci\u00f3n de Proxipel para producir pellets locales"},"content":{"rendered":"<h2>Circuitos cortos, origen controlado, precios m\u00e1s estables: el enfoque que destaca <em data-start=\"195\" data-end=\"201\">Agri Hebdo<\/em><\/h2>\n<p><a href=\"https:\/\/www.agrihebdo.ch\/\"><em data-start=\"248\" data-end=\"254\">Agri Hebdo <\/em><\/a>en su secci\u00f3n \u00abEnerg\u00edas renovables\u00bb presenta un modelo concreto de cadena de suministro corta: los residuos se recogen en lugares espec\u00edficos y, a continuaci\u00f3n,<a href=\"https:\/\/proxipel.ch\/es\/proxiflex\/\">la unidad m\u00f3vil Proxipel<\/a> se desplaza para producir pellets lo m\u00e1s cerca posible de la fuente.<br data-start=\"457\" data-end=\"461\"\/>M\u00e1s all\u00e1 del impacto del transporte, el art\u00edculo destaca un punto clave para los compradores: la procedencia, el enfoque ecol\u00f3gico y la b\u00fasqueda de estabilidad de precios a largo plazo.<\/p>\n<p><strong data-start=\"633\" data-end=\"663\">Lee el art\u00edculo que viene a continuaci\u00f3n<\/strong> para entender c\u00f3mo <a href=\"https:\/\/proxipel.ch\/es\/tecnologia\/\">la granulaci\u00f3n m\u00f3vil<\/a> puede integrarse en tu empresa y convertir un yacimiento infraaprovechado en un recurso energ\u00e9tico local.<\/p>\n<p><img decoding=\"async\" class=\"alignnone wp-image-2370\" src=\"https:\/\/proxipel.ch\/wp-content\/uploads\/2026\/01\/article-Agri-Hebdo-1.jpg\" alt=\"\" width=\"1598\" height=\"1218\" srcset=\"https:\/\/proxipel.ch\/wp-content\/uploads\/2026\/01\/article-Agri-Hebdo-1.jpg 1598w, https:\/\/proxipel.ch\/wp-content\/uploads\/2026\/01\/article-Agri-Hebdo-1-980x747.jpg 980w, https:\/\/proxipel.ch\/wp-content\/uploads\/2026\/01\/article-Agri-Hebdo-1-480x366.jpg 480w\" sizes=\"(min-width: 0px) and (max-width: 480px) 480px, (min-width: 481px) and (max-width: 980px) 980px, (min-width: 981px) 1598px, 100vw\" \/> <img decoding=\"async\" class=\"alignnone wp-image-2374\" src=\"https:\/\/proxipel.ch\/wp-content\/uploads\/2026\/01\/article-agri-hebdo-2.jpg\" alt=\"\" width=\"1529\" height=\"1077\" srcset=\"https:\/\/proxipel.ch\/wp-content\/uploads\/2026\/01\/article-agri-hebdo-2.jpg 1529w, https:\/\/proxipel.ch\/wp-content\/uploads\/2026\/01\/article-agri-hebdo-2-980x690.jpg 980w, https:\/\/proxipel.ch\/wp-content\/uploads\/2026\/01\/article-agri-hebdo-2-480x338.jpg 480w\" sizes=\"(min-width: 0px) and (max-width: 480px) 480px, (min-width: 481px) and (max-width: 980px) 980px, (min-width: 981px) 1529px, 100vw\" \/><\/p>\n<p>\u00bfTienes un yacimiento (astillas, triturados, residuos de tala) y quieres evaluar su potencial? <strong><a href=\"https:\/\/proxipel.ch\/es\/ponte-en-contacto-con\/\"><span style=\"color: #99cc00;\">Ponte en contacto con nosotros<\/span><\/a> para organizar una reuni\u00f3n o una demostraci\u00f3n.<\/strong><\/p>\n","protected":false},"excerpt":{"rendered":"<p>Circuitos cortos, origen controlado, precios m\u00e1s estables: el enfoque que destaca Agri Hebdo Agri Hebdo en su secci\u00f3n \u00abEnerg\u00edas renovables\u00bb presenta un modelo concreto de cadena de suministro corta: los residuos se recogen en lugares espec\u00edficos y, a continuaci\u00f3n,la unidad m\u00f3vil Proxipel se desplaza para producir pellets lo m\u00e1s cerca posible de la fuente.M\u00e1s all\u00e1 [&hellip;]<\/p>\n","protected":false},"author":6,"featured_media":2373,"comment_status":"open","ping_status":"open","sticky":false,"template":"","format":"standard","meta":{"_et_pb_use_builder":"","_et_pb_old_content":"","_et_gb_content_width":"","inline_featured_image":false,"footnotes":""},"categories":[49],"tags":[],"class_list":["post-2848","post","type-post","status-publish","format-standard","has-post-thumbnail","hentry","category-prensa"],"yoast_head":"<!-- This site is optimized with the Yoast SEO plugin v28.3 - https:\/\/yoast.com\/product\/yoast-seo-wordpress\/ -->\n<title>Saca partido a tus recursos madereros: la soluci\u00f3n de Proxipel para producir pellets locales - Proxipel<\/title>\n<meta name=\"description\" content=\"Descubre c\u00f3mo Proxipel aprovecha los residuos forestales para fabricar pellets locales gracias a la granulaci\u00f3n m\u00f3vil. Lee el art\u00edculo de Agri Hebdo.\" \/>\n<meta name=\"robots\" content=\"index, follow, max-snippet:-1, max-image-preview:large, max-video-preview:-1\" \/>\n<link rel=\"canonical\" href=\"https:\/\/proxipel.ch\/es\/saca-partido-a-tus-recursos-madereros-la-solucion-de-proxipel-para-producir-pellets-locales\/\" \/>\n<meta property=\"og:locale\" content=\"es_ES\" \/>\n<meta property=\"og:type\" content=\"article\" \/>\n<meta property=\"og:title\" content=\"Saca partido a tus recursos madereros: la soluci\u00f3n de Proxipel para producir pellets locales - Proxipel\" \/>\n<meta property=\"og:description\" content=\"Descubre c\u00f3mo Proxipel aprovecha los residuos forestales para fabricar pellets locales gracias a la granulaci\u00f3n m\u00f3vil. Lee el art\u00edculo de Agri Hebdo.\" \/>\n<meta property=\"og:url\" content=\"https:\/\/proxipel.ch\/es\/saca-partido-a-tus-recursos-madereros-la-solucion-de-proxipel-para-producir-pellets-locales\/\" \/>\n<meta property=\"og:site_name\" content=\"Proxipel\" \/>\n<meta property=\"article:published_time\" content=\"2026-01-14T15:15:27+00:00\" \/>\n<meta property=\"article:modified_time\" content=\"2026-07-15T13:13:04+00:00\" \/>\n<meta property=\"og:image\" content=\"https:\/\/proxipel.ch\/wp-content\/uploads\/2026\/01\/article-Agri-Hebdo-1.jpg\" \/>\n\t<meta property=\"og:image:width\" content=\"1205\" \/>\n\t<meta property=\"og:image:height\" content=\"918\" \/>\n\t<meta property=\"og:image:type\" content=\"image\/jpeg\" \/>\n<meta name=\"author\" content=\"Bertrand Bordenave\" \/>\n<meta name=\"twitter:card\" content=\"summary_large_image\" \/>\n<meta name=\"twitter:label1\" content=\"Escrito por\" \/>\n\t<meta name=\"twitter:data1\" content=\"Bertrand Bordenave\" \/>\n\t<meta name=\"twitter:label2\" content=\"Tiempo de lectura\" \/>\n\t<meta name=\"twitter:data2\" content=\"1 minuto\" \/>\n<script type=\"application\/ld+json\" class=\"yoast-schema-graph\">{\"@context\":\"https:\\\/\\\/schema.org\",\"@graph\":[{\"@type\":\"Article\",\"@id\":\"https:\\\/\\\/proxipel.ch\\\/es\\\/saca-partido-a-tus-recursos-madereros-la-solucion-de-proxipel-para-producir-pellets-locales\\\/#article\",\"isPartOf\":{\"@id\":\"https:\\\/\\\/proxipel.ch\\\/es\\\/saca-partido-a-tus-recursos-madereros-la-solucion-de-proxipel-para-producir-pellets-locales\\\/\"},\"author\":{\"name\":\"Bertrand Bordenave\",\"@id\":\"https:\\\/\\\/proxipel.ch\\\/es\\\/#\\\/schema\\\/person\\\/14b4c44ffd52db22ee770bc4b0ce909a\"},\"headline\":\"Saca partido a tus recursos madereros: la soluci\u00f3n de Proxipel para producir pellets locales\",\"datePublished\":\"2026-01-14T15:15:27+00:00\",\"dateModified\":\"2026-07-15T13:13:04+00:00\",\"mainEntityOfPage\":{\"@id\":\"https:\\\/\\\/proxipel.ch\\\/es\\\/saca-partido-a-tus-recursos-madereros-la-solucion-de-proxipel-para-producir-pellets-locales\\\/\"},\"wordCount\":172,\"commentCount\":0,\"publisher\":{\"@id\":\"https:\\\/\\\/proxipel.ch\\\/es\\\/#organization\"},\"image\":{\"@id\":\"https:\\\/\\\/proxipel.ch\\\/es\\\/saca-partido-a-tus-recursos-madereros-la-solucion-de-proxipel-para-producir-pellets-locales\\\/#primaryimage\"},\"thumbnailUrl\":\"https:\\\/\\\/proxipel.ch\\\/wp-content\\\/uploads\\\/2026\\\/01\\\/article-Agri-Hebdo-1.jpg\",\"articleSection\":[\"Prensa\"],\"inLanguage\":\"es\",\"potentialAction\":[{\"@type\":\"CommentAction\",\"name\":\"Comment\",\"target\":[\"https:\\\/\\\/proxipel.ch\\\/es\\\/saca-partido-a-tus-recursos-madereros-la-solucion-de-proxipel-para-producir-pellets-locales\\\/#respond\"]}]},{\"@type\":\"WebPage\",\"@id\":\"https:\\\/\\\/proxipel.ch\\\/es\\\/saca-partido-a-tus-recursos-madereros-la-solucion-de-proxipel-para-producir-pellets-locales\\\/\",\"url\":\"https:\\\/\\\/proxipel.ch\\\/es\\\/saca-partido-a-tus-recursos-madereros-la-solucion-de-proxipel-para-producir-pellets-locales\\\/\",\"name\":\"Saca partido a tus recursos madereros: la soluci\u00f3n de Proxipel para producir pellets locales - Proxipel\",\"isPartOf\":{\"@id\":\"https:\\\/\\\/proxipel.ch\\\/es\\\/#website\"},\"primaryImageOfPage\":{\"@id\":\"https:\\\/\\\/proxipel.ch\\\/es\\\/saca-partido-a-tus-recursos-madereros-la-solucion-de-proxipel-para-producir-pellets-locales\\\/#primaryimage\"},\"image\":{\"@id\":\"https:\\\/\\\/proxipel.ch\\\/es\\\/saca-partido-a-tus-recursos-madereros-la-solucion-de-proxipel-para-producir-pellets-locales\\\/#primaryimage\"},\"thumbnailUrl\":\"https:\\\/\\\/proxipel.ch\\\/wp-content\\\/uploads\\\/2026\\\/01\\\/article-Agri-Hebdo-1.jpg\",\"datePublished\":\"2026-01-14T15:15:27+00:00\",\"dateModified\":\"2026-07-15T13:13:04+00:00\",\"description\":\"Descubre c\u00f3mo Proxipel aprovecha los residuos forestales para fabricar pellets locales gracias a la granulaci\u00f3n m\u00f3vil. Lee el art\u00edculo de Agri Hebdo.\",\"breadcrumb\":{\"@id\":\"https:\\\/\\\/proxipel.ch\\\/es\\\/saca-partido-a-tus-recursos-madereros-la-solucion-de-proxipel-para-producir-pellets-locales\\\/#breadcrumb\"},\"inLanguage\":\"es\",\"potentialAction\":[{\"@type\":\"ReadAction\",\"target\":[\"https:\\\/\\\/proxipel.ch\\\/es\\\/saca-partido-a-tus-recursos-madereros-la-solucion-de-proxipel-para-producir-pellets-locales\\\/\"]}]},{\"@type\":\"ImageObject\",\"inLanguage\":\"es\",\"@id\":\"https:\\\/\\\/proxipel.ch\\\/es\\\/saca-partido-a-tus-recursos-madereros-la-solucion-de-proxipel-para-producir-pellets-locales\\\/#primaryimage\",\"url\":\"https:\\\/\\\/proxipel.ch\\\/wp-content\\\/uploads\\\/2026\\\/01\\\/article-Agri-Hebdo-1.jpg\",\"contentUrl\":\"https:\\\/\\\/proxipel.ch\\\/wp-content\\\/uploads\\\/2026\\\/01\\\/article-Agri-Hebdo-1.jpg\",\"width\":1205,\"height\":918,\"caption\":\"Valorisez votre gisement bois : la solution Proxipel pour produire des pellets locaux\"},{\"@type\":\"BreadcrumbList\",\"@id\":\"https:\\\/\\\/proxipel.ch\\\/es\\\/saca-partido-a-tus-recursos-madereros-la-solucion-de-proxipel-para-producir-pellets-locales\\\/#breadcrumb\",\"itemListElement\":[{\"@type\":\"ListItem\",\"position\":1,\"name\":\"Inicio\",\"item\":\"https:\\\/\\\/proxipel.ch\\\/es\\\/\"},{\"@type\":\"ListItem\",\"position\":2,\"name\":\"Saca partido a tus recursos madereros: la soluci\u00f3n de Proxipel para producir pellets locales\"}]},{\"@type\":\"WebSite\",\"@id\":\"https:\\\/\\\/proxipel.ch\\\/es\\\/#website\",\"url\":\"https:\\\/\\\/proxipel.ch\\\/es\\\/\",\"name\":\"Proxipel\",\"description\":\"La premi\u00e8re unit\u00e9 mobile de pelletisation int\u00e9grale\",\"publisher\":{\"@id\":\"https:\\\/\\\/proxipel.ch\\\/es\\\/#organization\"},\"potentialAction\":[{\"@type\":\"SearchAction\",\"target\":{\"@type\":\"EntryPoint\",\"urlTemplate\":\"https:\\\/\\\/proxipel.ch\\\/es\\\/?s={search_term_string}\"},\"query-input\":{\"@type\":\"PropertyValueSpecification\",\"valueRequired\":true,\"valueName\":\"search_term_string\"}}],\"inLanguage\":\"es\"},{\"@type\":\"Organization\",\"@id\":\"https:\\\/\\\/proxipel.ch\\\/es\\\/#organization\",\"name\":\"Proxipel\",\"url\":\"https:\\\/\\\/proxipel.ch\\\/es\\\/\",\"logo\":{\"@type\":\"ImageObject\",\"inLanguage\":\"es\",\"@id\":\"https:\\\/\\\/proxipel.ch\\\/es\\\/#\\\/schema\\\/logo\\\/image\\\/\",\"url\":\"https:\\\/\\\/proxipel.ch\\\/wp-content\\\/uploads\\\/2024\\\/04\\\/proxipel.svg\",\"contentUrl\":\"https:\\\/\\\/proxipel.ch\\\/wp-content\\\/uploads\\\/2024\\\/04\\\/proxipel.svg\",\"width\":\"1024\",\"height\":\"1024\",\"caption\":\"Proxipel\"},\"image\":{\"@id\":\"https:\\\/\\\/proxipel.ch\\\/es\\\/#\\\/schema\\\/logo\\\/image\\\/\"}},{\"@type\":\"Person\",\"@id\":\"https:\\\/\\\/proxipel.ch\\\/es\\\/#\\\/schema\\\/person\\\/14b4c44ffd52db22ee770bc4b0ce909a\",\"name\":\"Bertrand Bordenave\",\"image\":{\"@type\":\"ImageObject\",\"inLanguage\":\"es\",\"@id\":\"https:\\\/\\\/secure.gravatar.com\\\/avatar\\\/e17b5e0af21b580beae0180a27aa4d7661a659aea637f7c5133d8954df6b313b?s=96&d=mm&r=g\",\"url\":\"https:\\\/\\\/secure.gravatar.com\\\/avatar\\\/e17b5e0af21b580beae0180a27aa4d7661a659aea637f7c5133d8954df6b313b?s=96&d=mm&r=g\",\"contentUrl\":\"https:\\\/\\\/secure.gravatar.com\\\/avatar\\\/e17b5e0af21b580beae0180a27aa4d7661a659aea637f7c5133d8954df6b313b?s=96&d=mm&r=g\",\"caption\":\"Bertrand Bordenave\"},\"url\":\"https:\\\/\\\/proxipel.ch\\\/es\\\/author\\\/b-bordenaveproxipel-com\\\/\"}]}<\/script>\n<!-- \/ Yoast SEO plugin. -->","yoast_head_json":{"title":"Saca partido a tus recursos madereros: la soluci\u00f3n de Proxipel para producir pellets locales - Proxipel","description":"Descubre c\u00f3mo Proxipel aprovecha los residuos forestales para fabricar pellets locales gracias a la granulaci\u00f3n m\u00f3vil. Lee el art\u00edculo de Agri Hebdo.","robots":{"index":"index","follow":"follow","max-snippet":"max-snippet:-1","max-image-preview":"max-image-preview:large","max-video-preview":"max-video-preview:-1"},"canonical":"https:\/\/proxipel.ch\/es\/saca-partido-a-tus-recursos-madereros-la-solucion-de-proxipel-para-producir-pellets-locales\/","og_locale":"es_ES","og_type":"article","og_title":"Saca partido a tus recursos madereros: la soluci\u00f3n de Proxipel para producir pellets locales - Proxipel","og_description":"Descubre c\u00f3mo Proxipel aprovecha los residuos forestales para fabricar pellets locales gracias a la granulaci\u00f3n m\u00f3vil. Lee el art\u00edculo de Agri Hebdo.","og_url":"https:\/\/proxipel.ch\/es\/saca-partido-a-tus-recursos-madereros-la-solucion-de-proxipel-para-producir-pellets-locales\/","og_site_name":"Proxipel","article_published_time":"2026-01-14T15:15:27+00:00","article_modified_time":"2026-07-15T13:13:04+00:00","og_image":[{"width":1205,"height":918,"url":"https:\/\/proxipel.ch\/wp-content\/uploads\/2026\/01\/article-Agri-Hebdo-1.jpg","type":"image\/jpeg"}],"author":"Bertrand Bordenave","twitter_card":"summary_large_image","twitter_misc":{"Escrito por":"Bertrand Bordenave","Tiempo de lectura":"1 minuto"},"schema":{"@context":"https:\/\/schema.org","@graph":[{"@type":"Article","@id":"https:\/\/proxipel.ch\/es\/saca-partido-a-tus-recursos-madereros-la-solucion-de-proxipel-para-producir-pellets-locales\/#article","isPartOf":{"@id":"https:\/\/proxipel.ch\/es\/saca-partido-a-tus-recursos-madereros-la-solucion-de-proxipel-para-producir-pellets-locales\/"},"author":{"name":"Bertrand Bordenave","@id":"https:\/\/proxipel.ch\/es\/#\/schema\/person\/14b4c44ffd52db22ee770bc4b0ce909a"},"headline":"Saca partido a tus recursos madereros: la soluci\u00f3n de Proxipel para producir pellets locales","datePublished":"2026-01-14T15:15:27+00:00","dateModified":"2026-07-15T13:13:04+00:00","mainEntityOfPage":{"@id":"https:\/\/proxipel.ch\/es\/saca-partido-a-tus-recursos-madereros-la-solucion-de-proxipel-para-producir-pellets-locales\/"},"wordCount":172,"commentCount":0,"publisher":{"@id":"https:\/\/proxipel.ch\/es\/#organization"},"image":{"@id":"https:\/\/proxipel.ch\/es\/saca-partido-a-tus-recursos-madereros-la-solucion-de-proxipel-para-producir-pellets-locales\/#primaryimage"},"thumbnailUrl":"https:\/\/proxipel.ch\/wp-content\/uploads\/2026\/01\/article-Agri-Hebdo-1.jpg","articleSection":["Prensa"],"inLanguage":"es","potentialAction":[{"@type":"CommentAction","name":"Comment","target":["https:\/\/proxipel.ch\/es\/saca-partido-a-tus-recursos-madereros-la-solucion-de-proxipel-para-producir-pellets-locales\/#respond"]}]},{"@type":"WebPage","@id":"https:\/\/proxipel.ch\/es\/saca-partido-a-tus-recursos-madereros-la-solucion-de-proxipel-para-producir-pellets-locales\/","url":"https:\/\/proxipel.ch\/es\/saca-partido-a-tus-recursos-madereros-la-solucion-de-proxipel-para-producir-pellets-locales\/","name":"Saca partido a tus recursos madereros: la soluci\u00f3n de Proxipel para producir pellets locales - Proxipel","isPartOf":{"@id":"https:\/\/proxipel.ch\/es\/#website"},"primaryImageOfPage":{"@id":"https:\/\/proxipel.ch\/es\/saca-partido-a-tus-recursos-madereros-la-solucion-de-proxipel-para-producir-pellets-locales\/#primaryimage"},"image":{"@id":"https:\/\/proxipel.ch\/es\/saca-partido-a-tus-recursos-madereros-la-solucion-de-proxipel-para-producir-pellets-locales\/#primaryimage"},"thumbnailUrl":"https:\/\/proxipel.ch\/wp-content\/uploads\/2026\/01\/article-Agri-Hebdo-1.jpg","datePublished":"2026-01-14T15:15:27+00:00","dateModified":"2026-07-15T13:13:04+00:00","description":"Descubre c\u00f3mo Proxipel aprovecha los residuos forestales para fabricar pellets locales gracias a la granulaci\u00f3n m\u00f3vil. Lee el art\u00edculo de Agri Hebdo.","breadcrumb":{"@id":"https:\/\/proxipel.ch\/es\/saca-partido-a-tus-recursos-madereros-la-solucion-de-proxipel-para-producir-pellets-locales\/#breadcrumb"},"inLanguage":"es","potentialAction":[{"@type":"ReadAction","target":["https:\/\/proxipel.ch\/es\/saca-partido-a-tus-recursos-madereros-la-solucion-de-proxipel-para-producir-pellets-locales\/"]}]},{"@type":"ImageObject","inLanguage":"es","@id":"https:\/\/proxipel.ch\/es\/saca-partido-a-tus-recursos-madereros-la-solucion-de-proxipel-para-producir-pellets-locales\/#primaryimage","url":"https:\/\/proxipel.ch\/wp-content\/uploads\/2026\/01\/article-Agri-Hebdo-1.jpg","contentUrl":"https:\/\/proxipel.ch\/wp-content\/uploads\/2026\/01\/article-Agri-Hebdo-1.jpg","width":1205,"height":918,"caption":"Valorisez votre gisement bois : la solution Proxipel pour produire des pellets locaux"},{"@type":"BreadcrumbList","@id":"https:\/\/proxipel.ch\/es\/saca-partido-a-tus-recursos-madereros-la-solucion-de-proxipel-para-producir-pellets-locales\/#breadcrumb","itemListElement":[{"@type":"ListItem","position":1,"name":"Inicio","item":"https:\/\/proxipel.ch\/es\/"},{"@type":"ListItem","position":2,"name":"Saca partido a tus recursos madereros: la soluci\u00f3n de Proxipel para producir pellets locales"}]},{"@type":"WebSite","@id":"https:\/\/proxipel.ch\/es\/#website","url":"https:\/\/proxipel.ch\/es\/","name":"Proxipel","description":"La premi\u00e8re unit\u00e9 mobile de pelletisation int\u00e9grale","publisher":{"@id":"https:\/\/proxipel.ch\/es\/#organization"},"potentialAction":[{"@type":"SearchAction","target":{"@type":"EntryPoint","urlTemplate":"https:\/\/proxipel.ch\/es\/?s={search_term_string}"},"query-input":{"@type":"PropertyValueSpecification","valueRequired":true,"valueName":"search_term_string"}}],"inLanguage":"es"},{"@type":"Organization","@id":"https:\/\/proxipel.ch\/es\/#organization","name":"Proxipel","url":"https:\/\/proxipel.ch\/es\/","logo":{"@type":"ImageObject","inLanguage":"es","@id":"https:\/\/proxipel.ch\/es\/#\/schema\/logo\/image\/","url":"https:\/\/proxipel.ch\/wp-content\/uploads\/2024\/04\/proxipel.svg","contentUrl":"https:\/\/proxipel.ch\/wp-content\/uploads\/2024\/04\/proxipel.svg","width":"1024","height":"1024","caption":"Proxipel"},"image":{"@id":"https:\/\/proxipel.ch\/es\/#\/schema\/logo\/image\/"}},{"@type":"Person","@id":"https:\/\/proxipel.ch\/es\/#\/schema\/person\/14b4c44ffd52db22ee770bc4b0ce909a","name":"Bertrand Bordenave","image":{"@type":"ImageObject","inLanguage":"es","@id":"https:\/\/secure.gravatar.com\/avatar\/e17b5e0af21b580beae0180a27aa4d7661a659aea637f7c5133d8954df6b313b?s=96&d=mm&r=g","url":"https:\/\/secure.gravatar.com\/avatar\/e17b5e0af21b580beae0180a27aa4d7661a659aea637f7c5133d8954df6b313b?s=96&d=mm&r=g","contentUrl":"https:\/\/secure.gravatar.com\/avatar\/e17b5e0af21b580beae0180a27aa4d7661a659aea637f7c5133d8954df6b313b?s=96&d=mm&r=g","caption":"Bertrand Bordenave"},"url":"https:\/\/proxipel.ch\/es\/author\/b-bordenaveproxipel-com\/"}]}},"_links":{"self":[{"href":"https:\/\/proxipel.ch\/es\/wp-json\/wp\/v2\/posts\/2848","targetHints":{"allow":["GET"]}}],"collection":[{"href":"https:\/\/proxipel.ch\/es\/wp-json\/wp\/v2\/posts"}],"about":[{"href":"https:\/\/proxipel.ch\/es\/wp-json\/wp\/v2\/types\/post"}],"author":[{"embeddable":true,"href":"https:\/\/proxipel.ch\/es\/wp-json\/wp\/v2\/users\/6"}],"replies":[{"embeddable":true,"href":"https:\/\/proxipel.ch\/es\/wp-json\/wp\/v2\/comments?post=2848"}],"version-history":[{"count":1,"href":"https:\/\/proxipel.ch\/es\/wp-json\/wp\/v2\/posts\/2848\/revisions"}],"predecessor-version":[{"id":2849,"href":"https:\/\/proxipel.ch\/es\/wp-json\/wp\/v2\/posts\/2848\/revisions\/2849"}],"wp:featuredmedia":[{"embeddable":true,"href":"https:\/\/proxipel.ch\/es\/wp-json\/wp\/v2\/media\/2373"}],"wp:attachment":[{"href":"https:\/\/proxipel.ch\/es\/wp-json\/wp\/v2\/media?parent=2848"}],"wp:term":[{"taxonomy":"category","embeddable":true,"href":"https:\/\/proxipel.ch\/es\/wp-json\/wp\/v2\/categories?post=2848"},{"taxonomy":"post_tag","embeddable":true,"href":"https:\/\/proxipel.ch\/es\/wp-json\/wp\/v2\/tags?post=2848"}],"curies":[{"name":"wp","href":"https:\/\/api.w.org\/{rel}","templated":true}]}}