{"id":2844,"date":"2026-02-02T14:30:50","date_gmt":"2026-02-02T13:30:50","guid":{"rendered":"https:\/\/proxipel.ch\/aserradero-transforma-tus-residuos-de-madera-en-pellets-alli-mismo\/"},"modified":"2026-07-14T18:12:15","modified_gmt":"2026-07-14T16:12:15","slug":"aserradero-transforma-tus-residuos-de-madera-en-pellets-alli-mismo","status":"publish","type":"post","link":"https:\/\/proxipel.ch\/es\/aserradero-transforma-tus-residuos-de-madera-en-pellets-alli-mismo\/","title":{"rendered":"Aserradero: transforma tus residuos de madera en pellets all\u00ed mismo"},"content":{"rendered":"<p><img decoding=\"async\" class=\"alignnone size-full wp-image-2401\" src=\"https:\/\/proxipel.ch\/wp-content\/uploads\/2026\/02\/pellets-de-sciures-1.webp\" alt=\"aprovechamiento de los residuos de aserradero para producir pellets\" width=\"1536\" height=\"1024\" srcset=\"https:\/\/proxipel.ch\/wp-content\/uploads\/2026\/02\/pellets-de-sciures-1.webp 1536w, https:\/\/proxipel.ch\/wp-content\/uploads\/2026\/02\/pellets-de-sciures-1-1280x853.webp 1280w, https:\/\/proxipel.ch\/wp-content\/uploads\/2026\/02\/pellets-de-sciures-1-980x653.webp 980w, https:\/\/proxipel.ch\/wp-content\/uploads\/2026\/02\/pellets-de-sciures-1-480x320.webp 480w\" sizes=\"(min-width: 0px) and (max-width: 480px) 480px, (min-width: 481px) and (max-width: 980px) 980px, (min-width: 981px) and (max-width: 1280px) 1280px, (min-width: 1281px) 1536px, 100vw\" \/><\/p>\n<h2><strong>Aserradero: \u00bfy si convirtieras tus residuos en pellets sin tener que invertir en una planta fija?<\/strong><\/h2>\n<p>Cada d\u00eda, tu aserradero genera grandes cantidades de subproductos de aserrado (PCS): casi el 50 % de la madera que entra en tu aserradero acaba convirti\u00e9ndose en serr\u00edn, astillas, recortes&#8230;<\/p>\n<p>En el mejor de los casos, estos PCS se valoran:<\/p>\n<ul>\n<li>A nivel interno, en calderas de biomasa que se usan para secar la madera aserrada;<\/li>\n<li>Para uso externo, como madera triturada o le\u00f1a para calefacci\u00f3n.<\/li>\n<\/ul>\n<p>Para algunos, estos residuos simplemente no se aprovechan: se entregan a agricultores, paisajistas, viticultores o empresas de trituraci\u00f3n para deshacerse de ellos al menor coste posible.<\/p>\n<p>Cuando los productos derivados se valoran en el mercado externo, el aserradero se enfrenta a una gran variabilidad de precios, relacionada con la estacionalidad y las fluctuaciones de las existencias, lo que hace que sea dif\u00edcil predecir la gesti\u00f3n financiera de la empresa. El aserradero acaba dependiendo de esos mercados externos. <\/p>\n<p>Desde el punto de vista log\u00edstico, la gesti\u00f3n de los PCS genera costes de transporte, manipulaci\u00f3n y rotaci\u00f3n de contenedores, por no hablar de las dificultades de almacenamiento que plantean estos materiales de baja densidad y gran volumen, que ocupan mucho espacio y requieren adaptaciones.<\/p>\n<p><a href=\"https:\/\/proxipel.ch\/es\/tecnologia-movil-y-servicio-in-situ-una-innovacion-de-proxipel\/\"><span style=\"color: #99cc00;\"><strong>Proxipel<\/strong><\/span> <span style=\"color: #99cc00;\">y su tecnolog\u00eda m\u00f3vil<\/span><\/a> de granulaci\u00f3n te ofrecen una soluci\u00f3n.<\/p>\n<p>Proxipel ha desarrollado <strong>PROXIFLEX<\/strong>, una planta m\u00f3vil que permite <a href=\"https:\/\/proxipel.ch\/es\/proxiflex\/\">transformar los subproductos del aserrado en pellets<\/a>. Todo el proceso \u2014trituraci\u00f3n, secado y granulaci\u00f3n\u2014 se ha integrado en un semirremolque, lo que permite aprovechar los subproductos (serr\u00edn, astillas y finos) directamente in situ. <\/p>\n<hr>\n<h3><strong>\u00bfPor qu\u00e9 convertir los residuos de tu aserradero en pellets?<\/strong><\/h3>\n<p>Convertir tus residuos en pellets te ayuda a resolver tres problemas concretos:<\/p>\n<ul>\n<li>Econ\u00f3mico: sacar m\u00e1s partido a un yacimiento ya existente y reducir la dependencia de los mercados externos.<\/li>\n<li>Log\u00edstica: reducir los vol\u00famenes, simplificar el almacenamiento, limitar la manipulaci\u00f3n y las rotaciones.<\/li>\n<li>T\u00e9cnica: estabilizar la humedad, homogeneizar el producto y facilitar sus usos (energ\u00eda, lecho, etc.).<\/li>\n<\/ul>\n<hr>\n<h3><strong>PROXIFLEX: producir pellets in situ a partir de tus residuos de producci\u00f3n<\/strong><\/h3>\n<p><a href=\"https:\/\/proxipel.ch\/es\/proxiflex\/\"><span style=\"color: #99cc00;\">PROXIFLEX<\/span><\/a> te permite convertir tus residuos de madera en pellets que cumplen con la norma vigente ISO 17225. Este producto estandarizado reduce tus vol\u00famenes de almacenamiento (se necesitan unos 7 m\u00b3 de serr\u00edn para fabricar 1 tonelada de pellets) y disminuye significativamente los costes log\u00edsticos. <\/p>\n<p>PROXIFLEX es una m\u00e1quina muy vers\u00e1til que te permite procesar todo tu material con un tama\u00f1o m\u00e1ximo de 50 mm, incluso el reci\u00e9n aserrado: el secador integrado admite materiales con hasta un 50 % de humedad.<\/p>\n<p>Asignaturas relacionadas que dan derecho a la titulaci\u00f3n (asignaturas aceptadas)<\/p>\n<ul>\n<li>Maderas: con\u00edferas y\/o frondosas<\/li>\n<li>Serr\u00edn seco y\/o h\u00famedo<\/li>\n<li>Virutas<\/li>\n<li>Afilados forestales<\/li>\n<li>Multas<\/li>\n<li>Recortes y desechos, triturados previamente si el tama\u00f1o de las part\u00edculas es superior a 50 mm<\/li>\n<\/ul>\n<hr>\n<h3><strong>Un modelo flexible: sin inversi\u00f3n, sin planta fija<\/strong><\/h3>\n<p><a href=\"https:\/\/proxipel.ch\/es\/alquiler-de-unidades\/\">PROXIPEL ofrece un servicio bajo demanda en forma de alquiler<\/a>. Se factura por d\u00edas y ponemos a tu disposici\u00f3n una planta m\u00f3vil PROXIFLEX con un operario cualificado y los consumibles necesarios. <\/p>\n<p>El espacio que ocupa nuestra planta m\u00f3vil es relativamente reducido: el de un semirremolque. Adem\u00e1s, es solo temporal: la planta llega, trabaja y se marcha. No ocupa espacio de forma permanente en tus instalaciones.  <\/p>\n<p>El servicio de alquiler de PROXIPEL te permite transformar tus residuos a un precio fijo y predecible, sin necesidad de inversi\u00f3n. Puedes utilizar el servicio de forma peri\u00f3dica, seg\u00fan la disponibilidad de tus materiales. <\/p>\n<p><img decoding=\"async\" class=\"alignnone wp-image-2653\" src=\"https:\/\/proxipel.ch\/wp-content\/uploads\/2026\/02\/etude-de-cas-sciure_2.jpg\" alt=\"aprovechamiento del serr\u00edn de aserradero para fabricar pellets\" width=\"1031\" height=\"573\" srcset=\"https:\/\/proxipel.ch\/wp-content\/uploads\/2026\/02\/etude-de-cas-sciure_2-980x545.jpg 980w, https:\/\/proxipel.ch\/wp-content\/uploads\/2026\/02\/etude-de-cas-sciure_2-480x267.jpg 480w\" sizes=\"(min-width: 0px) and (max-width: 480px) 480px, (min-width: 481px) and (max-width: 980px) 980px, (min-width: 981px) 1031px, 100vw\" \/><\/p>\n<hr>\n<h3><strong>Salidas al mercado: \u00bfpara qu\u00e9 sirven los pellets que se producen en el aserradero?<\/strong><\/h3>\n<p>Los pellets que producimos para ti se pueden usar directamente para autoconsumo o revender. Dependiendo del tipo de materia prima procesada, normalmente obtendr\u00e1s pellets de <a href=\"https:\/\/proxipel.ch\/es\/eleccion-y-caracteristicas-de-los-granulos\/\"><span style=\"color: #99cc00;\"><strong>clase A1<\/strong> o <strong>A2<\/strong><\/span><\/a><span style=\"color: #99cc00;\">.<\/span> Solo un <a href=\"https:\/\/proxipel.ch\/es\/apoyo-total-a-tu-proyecto\/\">estudio de caracterizaci\u00f3n del granulado<\/a> podr\u00e1 confirm\u00e1rtelo. <\/p>\n<p>Posibles salidas de mercado para tus pellets<\/p>\n<ul>\n<li>Venta directa desde tu \u00abshowroom\u00bb a tus clientes particulares y profesionales<\/li>\n<li>Mercado particular: para las estufas de pellets, muy comunes en Suiza, Francia o B\u00e9lgica<\/li>\n<li>Administraciones locales: muchos ayuntamientos utilizan pellets en las calderas para calentar sus edificios p\u00fablicos (centros educativos, ayuntamiento, piscina municipal, residencias de la tercera edad, etc.). Seguro que hay alguno en tu localidad. <\/li>\n<li>Lecho para animales: las caballerizas y otros centros ecuestres son grandes consumidores de gr\u00e1nulos.<\/li>\n<\/ul>\n<hr>\n<h3><strong>Reducir la huella de carbono y reforzar el arraigo local<\/strong><\/h3>\n<p>M\u00e1s all\u00e1 de la rentabilidad inmediata, la adopci\u00f3n de la soluci\u00f3n Proxipel transforma el perfil medioambiental de tu aserradero. En un mercado cada vez m\u00e1s sensible al origen de los productos, es una herramienta de comunicaci\u00f3n muy \u00fatil. <\/p>\n<p>Circuito corto: del tronco al pellet<\/p>\n<p>Normalmente, los residuos de un aserradero recorren decenas, o incluso cientos de kil\u00f3metros en cami\u00f3n hasta llegar a una planta de granulaci\u00f3n, antes de volver a veces a la misma regi\u00f3n para ser consumidos, o incluso al aserradero de origen para ser revendidos.<\/p>\n<p>Con Proxipel, el transporte de materia prima se reduce a cero. La transformaci\u00f3n se hace en el lugar de origen. Te conviertes en productor de una energ\u00eda que ha recorrido muy poca distancia.  <\/p>\n<p>Balance de CO\u2082: optimizar la log\u00edstica y la densificaci\u00f3n<\/p>\n<p>La log\u00edstica del serr\u00edn es poco eficiente por naturaleza: se transporta mucho espacio vac\u00edo y agua.<\/p>\n<ul>\n<li>Densificaci\u00f3n in situ: al transformar el serr\u00edn h\u00famedo y esponjoso en pellets densos y secos all\u00ed mismo, reduces entre 5 y 6 veces el n\u00famero de viajes en cami\u00f3n necesarios para transportar la misma cantidad de energ\u00eda.<\/li>\n<li>Eficiencia energ\u00e9tica: la tecnolog\u00eda que usa Proxipel est\u00e1 dise\u00f1ada para optimizar el consumo de energ\u00eda durante el secado y el prensado, lo que garantiza que las pellets tengan una huella de carbono menor que las producidas en una f\u00e1brica (21 gCO\u2082\/kWh frente a 38 gCO\u2082\/kWh).<\/li>\n<\/ul>\n<p>Arraigo territorial: un argumento comercial concreto<\/p>\n<p>Fabricar pellets en tu propia casa significa ofrecer a tus clientes (particulares y profesionales) un combustible \u00ab100 % local\u00bb.<\/p>\n<p>\u00dasalo como argumento de venta: \u00abLa madera se tal\u00f3 en nuestros bosques, se serr\u00f3 en nuestros talleres y se transform\u00f3 en pellets en nuestro patio\u00bb.<\/p>\n<p>Forma parte de la econom\u00eda circular: demuestra que nada se desperdicia. Lo que antes se ve\u00eda como un residuo molesto se convierte en un recurso valioso, del que tienes el control de principio a fin. <\/p>\n<p>Al elegir la unidad m\u00f3vil de granulaci\u00f3n de Proxipel, demuestras que tu aserradero apuesta por la innovaci\u00f3n para preservar los recursos de tu territorio, al tiempo que reduces las molestias relacionadas con el transporte por carretera.<\/p>\n<hr>\n<h3><strong>\u00bfC\u00f3mo funciona en vuestra web?<\/strong><\/h3>\n<p>Nuestra planta m\u00f3vil est\u00e1 totalmente integrada en un semirremolque. Se desplaza hasta el lugar donde tienes tus productos. La instalaci\u00f3n es r\u00e1pida:  <\/p>\n<ul>\n<li>Preparaci\u00f3n y montaje: m\u00e1s o menos una hora<\/li>\n<li>Transformaci\u00f3n: la unidad es aut\u00f3noma gracias a su generador di\u00e9sel, pero tambi\u00e9n se puede \u00abconectar\u00bb si tienes una toma de corriente industrial trif\u00e1sica de 260 kVA (precio de alquiler reducido). La productividad media es de 1 t\/h. Depende del tipo de material y de su humedad.  <\/li>\n<li>Descarga de los gr\u00e1nulos por soplado: al salir de la m\u00e1quina, los gr\u00e1nulos se pueden soplar en un big bag, en un contenedor, en un silo o en cualquier otro recipiente que elijas.<\/li>\n<\/ul>\n<p><strong>Requisitos previos en cuanto a material y log\u00edstica (hay que tenerlo en cuenta)<\/strong><\/p>\n<ul>\n<li>Un stock de residuos con un tama\u00f1o m\u00e1ximo de 50 mm y una humedad m\u00e1xima del 50 %. Prev\u00e9 una trituraci\u00f3n previa para los restos de madera o las virutas que superen esta granulometr\u00eda. Puedes tener varios tipos de residuos (serr\u00edn y astillas forestales, por ejemplo): se procesar\u00e1n uno tras otro.  <\/li>\n<li>Hay existencias suficientes para garantizar 5 d\u00edas seguidos de granulaci\u00f3n, es decir, unas 50 t.<\/li>\n<li>Materiales sin cuerpos extra\u00f1os (piedras, metales, pl\u00e1sticos, etc.).<\/li>\n<li>Un lugar lo bastante llano y estable para desplegar el remolque (dimensiones desplegadas: 16 \u00d7 5 m).<\/li>\n<li>Hay un cargador disponible para alimentar la tolva de entrada.<\/li>\n<li>Una toma de agua con una manguera.<\/li>\n<li>Un lugar donde guardar tus pellets, a salvo de la humedad.<\/li>\n<\/ul>\n<hr>\n<h3><strong>\u00bfEst\u00e1s listo para convertir tus residuos en pellets y recuperar el control sobre su valorizaci\u00f3n?<\/strong> <span style=\"color: #99cc00;\"><a style=\"color: #99cc00;\" href=\"https:\/\/proxipel.ch\/es\/ponte-en-contacto-con\/\">Ponte en contacto con Proxipel<\/a><\/span> para que hagamos un estudio de tu yacimiento de residuos<\/h3>\n","protected":false},"excerpt":{"rendered":"<p>Aserradero: \u00bfy si convirtieras tus residuos en pellets sin tener que invertir en una planta fija? Cada d\u00eda, tu aserradero genera grandes cantidades de subproductos de aserrado (PCS): casi el 50 % de la madera que entra en tu aserradero acaba convirti\u00e9ndose en serr\u00edn, astillas, recortes&#8230; En el mejor de los casos, estos PCS se [&hellip;]<\/p>\n","protected":false},"author":6,"featured_media":2404,"comment_status":"open","ping_status":"open","sticky":false,"template":"","format":"standard","meta":{"_et_pb_use_builder":"","_et_pb_old_content":"","_et_gb_content_width":"","inline_featured_image":false,"footnotes":""},"categories":[42],"tags":[],"class_list":["post-2844","post","type-post","status-publish","format-standard","has-post-thumbnail","hentry","category-blog"],"yoast_head":"<!-- This site is optimized with the Yoast SEO plugin v28.4 - https:\/\/yoast.com\/product\/yoast-seo-wordpress\/ -->\n<title>Aserradero: transforma tus residuos de madera en pellets all\u00ed mismo - Proxipel<\/title>\n<meta name=\"description\" content=\"Convierte los residuos de tu aserradero en pellets in situ gracias a Proxipel, una unidad m\u00f3vil que integra trituraci\u00f3n, secado y granulaci\u00f3n\" \/>\n<meta name=\"robots\" content=\"index, follow, max-snippet:-1, max-image-preview:large, max-video-preview:-1\" \/>\n<link rel=\"canonical\" href=\"https:\/\/proxipel.ch\/es\/aserradero-transforma-tus-residuos-de-madera-en-pellets-alli-mismo\/\" \/>\n<meta property=\"og:locale\" content=\"es_ES\" \/>\n<meta property=\"og:type\" content=\"article\" \/>\n<meta property=\"og:title\" content=\"Aserradero: transforma tus residuos de madera en pellets all\u00ed mismo - Proxipel\" \/>\n<meta property=\"og:description\" content=\"Convierte los residuos de tu aserradero en pellets in situ gracias a Proxipel, una unidad m\u00f3vil que integra trituraci\u00f3n, secado y granulaci\u00f3n\" \/>\n<meta property=\"og:url\" content=\"https:\/\/proxipel.ch\/es\/aserradero-transforma-tus-residuos-de-madera-en-pellets-alli-mismo\/\" \/>\n<meta property=\"og:site_name\" content=\"Proxipel\" \/>\n<meta property=\"article:published_time\" content=\"2026-02-02T13:30:50+00:00\" \/>\n<meta property=\"article:modified_time\" content=\"2026-07-14T16:12:15+00:00\" \/>\n<meta property=\"og:image\" content=\"https:\/\/proxipel.ch\/wp-content\/uploads\/2026\/02\/pellets-de-sciures-1.webp\" \/>\n\t<meta property=\"og:image:width\" content=\"1536\" \/>\n\t<meta property=\"og:image:height\" content=\"1024\" \/>\n\t<meta property=\"og:image:type\" content=\"image\/webp\" \/>\n<meta name=\"author\" content=\"Bertrand Bordenave\" \/>\n<meta name=\"twitter:card\" content=\"summary_large_image\" \/>\n<meta name=\"twitter:label1\" content=\"Escrito por\" \/>\n\t<meta name=\"twitter:data1\" content=\"Bertrand Bordenave\" \/>\n\t<meta name=\"twitter:label2\" content=\"Tiempo de lectura\" \/>\n\t<meta name=\"twitter:data2\" content=\"7 minutos\" \/>\n<script type=\"application\/ld+json\" class=\"yoast-schema-graph\">{\"@context\":\"https:\\\/\\\/schema.org\",\"@graph\":[{\"@type\":\"Article\",\"@id\":\"https:\\\/\\\/proxipel.ch\\\/es\\\/aserradero-transforma-tus-residuos-de-madera-en-pellets-alli-mismo\\\/#article\",\"isPartOf\":{\"@id\":\"https:\\\/\\\/proxipel.ch\\\/es\\\/aserradero-transforma-tus-residuos-de-madera-en-pellets-alli-mismo\\\/\"},\"author\":{\"name\":\"Bertrand Bordenave\",\"@id\":\"https:\\\/\\\/proxipel.ch\\\/es\\\/#\\\/schema\\\/person\\\/14b4c44ffd52db22ee770bc4b0ce909a\"},\"headline\":\"Aserradero: transforma tus residuos de madera en pellets all\u00ed mismo\",\"datePublished\":\"2026-02-02T13:30:50+00:00\",\"dateModified\":\"2026-07-14T16:12:15+00:00\",\"mainEntityOfPage\":{\"@id\":\"https:\\\/\\\/proxipel.ch\\\/es\\\/aserradero-transforma-tus-residuos-de-madera-en-pellets-alli-mismo\\\/\"},\"wordCount\":1431,\"commentCount\":0,\"publisher\":{\"@id\":\"https:\\\/\\\/proxipel.ch\\\/es\\\/#organization\"},\"image\":{\"@id\":\"https:\\\/\\\/proxipel.ch\\\/es\\\/aserradero-transforma-tus-residuos-de-madera-en-pellets-alli-mismo\\\/#primaryimage\"},\"thumbnailUrl\":\"https:\\\/\\\/proxipel.ch\\\/wp-content\\\/uploads\\\/2026\\\/02\\\/pellets-de-sciures-1.webp\",\"articleSection\":[\"Blog\"],\"inLanguage\":\"es\",\"potentialAction\":[{\"@type\":\"CommentAction\",\"name\":\"Comment\",\"target\":[\"https:\\\/\\\/proxipel.ch\\\/es\\\/aserradero-transforma-tus-residuos-de-madera-en-pellets-alli-mismo\\\/#respond\"]}]},{\"@type\":\"WebPage\",\"@id\":\"https:\\\/\\\/proxipel.ch\\\/es\\\/aserradero-transforma-tus-residuos-de-madera-en-pellets-alli-mismo\\\/\",\"url\":\"https:\\\/\\\/proxipel.ch\\\/es\\\/aserradero-transforma-tus-residuos-de-madera-en-pellets-alli-mismo\\\/\",\"name\":\"Aserradero: transforma tus residuos de madera en pellets all\u00ed mismo - Proxipel\",\"isPartOf\":{\"@id\":\"https:\\\/\\\/proxipel.ch\\\/es\\\/#website\"},\"primaryImageOfPage\":{\"@id\":\"https:\\\/\\\/proxipel.ch\\\/es\\\/aserradero-transforma-tus-residuos-de-madera-en-pellets-alli-mismo\\\/#primaryimage\"},\"image\":{\"@id\":\"https:\\\/\\\/proxipel.ch\\\/es\\\/aserradero-transforma-tus-residuos-de-madera-en-pellets-alli-mismo\\\/#primaryimage\"},\"thumbnailUrl\":\"https:\\\/\\\/proxipel.ch\\\/wp-content\\\/uploads\\\/2026\\\/02\\\/pellets-de-sciures-1.webp\",\"datePublished\":\"2026-02-02T13:30:50+00:00\",\"dateModified\":\"2026-07-14T16:12:15+00:00\",\"description\":\"Convierte los residuos de tu aserradero en pellets in situ gracias a Proxipel, una unidad m\u00f3vil que integra trituraci\u00f3n, secado y granulaci\u00f3n\",\"breadcrumb\":{\"@id\":\"https:\\\/\\\/proxipel.ch\\\/es\\\/aserradero-transforma-tus-residuos-de-madera-en-pellets-alli-mismo\\\/#breadcrumb\"},\"inLanguage\":\"es\",\"potentialAction\":[{\"@type\":\"ReadAction\",\"target\":[\"https:\\\/\\\/proxipel.ch\\\/es\\\/aserradero-transforma-tus-residuos-de-madera-en-pellets-alli-mismo\\\/\"]}]},{\"@type\":\"ImageObject\",\"inLanguage\":\"es\",\"@id\":\"https:\\\/\\\/proxipel.ch\\\/es\\\/aserradero-transforma-tus-residuos-de-madera-en-pellets-alli-mismo\\\/#primaryimage\",\"url\":\"https:\\\/\\\/proxipel.ch\\\/wp-content\\\/uploads\\\/2026\\\/02\\\/pellets-de-sciures-1.webp\",\"contentUrl\":\"https:\\\/\\\/proxipel.ch\\\/wp-content\\\/uploads\\\/2026\\\/02\\\/pellets-de-sciures-1.webp\",\"width\":1536,\"height\":1024,\"caption\":\"valoris\"},{\"@type\":\"BreadcrumbList\",\"@id\":\"https:\\\/\\\/proxipel.ch\\\/es\\\/aserradero-transforma-tus-residuos-de-madera-en-pellets-alli-mismo\\\/#breadcrumb\",\"itemListElement\":[{\"@type\":\"ListItem\",\"position\":1,\"name\":\"Inicio\",\"item\":\"https:\\\/\\\/proxipel.ch\\\/es\\\/\"},{\"@type\":\"ListItem\",\"position\":2,\"name\":\"Aserradero: transforma tus residuos de madera en pellets all\u00ed mismo\"}]},{\"@type\":\"WebSite\",\"@id\":\"https:\\\/\\\/proxipel.ch\\\/es\\\/#website\",\"url\":\"https:\\\/\\\/proxipel.ch\\\/es\\\/\",\"name\":\"Proxipel\",\"description\":\"La premi\u00e8re unit\u00e9 mobile de pelletisation int\u00e9grale\",\"publisher\":{\"@id\":\"https:\\\/\\\/proxipel.ch\\\/es\\\/#organization\"},\"potentialAction\":[{\"@type\":\"SearchAction\",\"target\":{\"@type\":\"EntryPoint\",\"urlTemplate\":\"https:\\\/\\\/proxipel.ch\\\/es\\\/?s={search_term_string}\"},\"query-input\":{\"@type\":\"PropertyValueSpecification\",\"valueRequired\":true,\"valueName\":\"search_term_string\"}}],\"inLanguage\":\"es\"},{\"@type\":\"Organization\",\"@id\":\"https:\\\/\\\/proxipel.ch\\\/es\\\/#organization\",\"name\":\"Proxipel\",\"url\":\"https:\\\/\\\/proxipel.ch\\\/es\\\/\",\"logo\":{\"@type\":\"ImageObject\",\"inLanguage\":\"es\",\"@id\":\"https:\\\/\\\/proxipel.ch\\\/es\\\/#\\\/schema\\\/logo\\\/image\\\/\",\"url\":\"https:\\\/\\\/proxipel.ch\\\/wp-content\\\/uploads\\\/2024\\\/04\\\/proxipel.svg\",\"contentUrl\":\"https:\\\/\\\/proxipel.ch\\\/wp-content\\\/uploads\\\/2024\\\/04\\\/proxipel.svg\",\"width\":\"1024\",\"height\":\"1024\",\"caption\":\"Proxipel\"},\"image\":{\"@id\":\"https:\\\/\\\/proxipel.ch\\\/es\\\/#\\\/schema\\\/logo\\\/image\\\/\"}},{\"@type\":\"Person\",\"@id\":\"https:\\\/\\\/proxipel.ch\\\/es\\\/#\\\/schema\\\/person\\\/14b4c44ffd52db22ee770bc4b0ce909a\",\"name\":\"Bertrand Bordenave\",\"image\":{\"@type\":\"ImageObject\",\"inLanguage\":\"es\",\"@id\":\"https:\\\/\\\/secure.gravatar.com\\\/avatar\\\/e17b5e0af21b580beae0180a27aa4d7661a659aea637f7c5133d8954df6b313b?s=96&d=mm&r=g\",\"url\":\"https:\\\/\\\/secure.gravatar.com\\\/avatar\\\/e17b5e0af21b580beae0180a27aa4d7661a659aea637f7c5133d8954df6b313b?s=96&d=mm&r=g\",\"contentUrl\":\"https:\\\/\\\/secure.gravatar.com\\\/avatar\\\/e17b5e0af21b580beae0180a27aa4d7661a659aea637f7c5133d8954df6b313b?s=96&d=mm&r=g\",\"caption\":\"Bertrand Bordenave\"},\"url\":\"https:\\\/\\\/proxipel.ch\\\/es\\\/author\\\/b-bordenaveproxipel-com\\\/\"}]}<\/script>\n<!-- \/ Yoast SEO plugin. -->","yoast_head_json":{"title":"Aserradero: transforma tus residuos de madera en pellets all\u00ed mismo - Proxipel","description":"Convierte los residuos de tu aserradero en pellets in situ gracias a Proxipel, una unidad m\u00f3vil que integra trituraci\u00f3n, secado y granulaci\u00f3n","robots":{"index":"index","follow":"follow","max-snippet":"max-snippet:-1","max-image-preview":"max-image-preview:large","max-video-preview":"max-video-preview:-1"},"canonical":"https:\/\/proxipel.ch\/es\/aserradero-transforma-tus-residuos-de-madera-en-pellets-alli-mismo\/","og_locale":"es_ES","og_type":"article","og_title":"Aserradero: transforma tus residuos de madera en pellets all\u00ed mismo - Proxipel","og_description":"Convierte los residuos de tu aserradero en pellets in situ gracias a Proxipel, una unidad m\u00f3vil que integra trituraci\u00f3n, secado y granulaci\u00f3n","og_url":"https:\/\/proxipel.ch\/es\/aserradero-transforma-tus-residuos-de-madera-en-pellets-alli-mismo\/","og_site_name":"Proxipel","article_published_time":"2026-02-02T13:30:50+00:00","article_modified_time":"2026-07-14T16:12:15+00:00","og_image":[{"width":1536,"height":1024,"url":"https:\/\/proxipel.ch\/wp-content\/uploads\/2026\/02\/pellets-de-sciures-1.webp","type":"image\/webp"}],"author":"Bertrand Bordenave","twitter_card":"summary_large_image","twitter_misc":{"Escrito por":"Bertrand Bordenave","Tiempo de lectura":"7 minutos"},"schema":{"@context":"https:\/\/schema.org","@graph":[{"@type":"Article","@id":"https:\/\/proxipel.ch\/es\/aserradero-transforma-tus-residuos-de-madera-en-pellets-alli-mismo\/#article","isPartOf":{"@id":"https:\/\/proxipel.ch\/es\/aserradero-transforma-tus-residuos-de-madera-en-pellets-alli-mismo\/"},"author":{"name":"Bertrand Bordenave","@id":"https:\/\/proxipel.ch\/es\/#\/schema\/person\/14b4c44ffd52db22ee770bc4b0ce909a"},"headline":"Aserradero: transforma tus residuos de madera en pellets all\u00ed mismo","datePublished":"2026-02-02T13:30:50+00:00","dateModified":"2026-07-14T16:12:15+00:00","mainEntityOfPage":{"@id":"https:\/\/proxipel.ch\/es\/aserradero-transforma-tus-residuos-de-madera-en-pellets-alli-mismo\/"},"wordCount":1431,"commentCount":0,"publisher":{"@id":"https:\/\/proxipel.ch\/es\/#organization"},"image":{"@id":"https:\/\/proxipel.ch\/es\/aserradero-transforma-tus-residuos-de-madera-en-pellets-alli-mismo\/#primaryimage"},"thumbnailUrl":"https:\/\/proxipel.ch\/wp-content\/uploads\/2026\/02\/pellets-de-sciures-1.webp","articleSection":["Blog"],"inLanguage":"es","potentialAction":[{"@type":"CommentAction","name":"Comment","target":["https:\/\/proxipel.ch\/es\/aserradero-transforma-tus-residuos-de-madera-en-pellets-alli-mismo\/#respond"]}]},{"@type":"WebPage","@id":"https:\/\/proxipel.ch\/es\/aserradero-transforma-tus-residuos-de-madera-en-pellets-alli-mismo\/","url":"https:\/\/proxipel.ch\/es\/aserradero-transforma-tus-residuos-de-madera-en-pellets-alli-mismo\/","name":"Aserradero: transforma tus residuos de madera en pellets all\u00ed mismo - Proxipel","isPartOf":{"@id":"https:\/\/proxipel.ch\/es\/#website"},"primaryImageOfPage":{"@id":"https:\/\/proxipel.ch\/es\/aserradero-transforma-tus-residuos-de-madera-en-pellets-alli-mismo\/#primaryimage"},"image":{"@id":"https:\/\/proxipel.ch\/es\/aserradero-transforma-tus-residuos-de-madera-en-pellets-alli-mismo\/#primaryimage"},"thumbnailUrl":"https:\/\/proxipel.ch\/wp-content\/uploads\/2026\/02\/pellets-de-sciures-1.webp","datePublished":"2026-02-02T13:30:50+00:00","dateModified":"2026-07-14T16:12:15+00:00","description":"Convierte los residuos de tu aserradero en pellets in situ gracias a Proxipel, una unidad m\u00f3vil que integra trituraci\u00f3n, secado y granulaci\u00f3n","breadcrumb":{"@id":"https:\/\/proxipel.ch\/es\/aserradero-transforma-tus-residuos-de-madera-en-pellets-alli-mismo\/#breadcrumb"},"inLanguage":"es","potentialAction":[{"@type":"ReadAction","target":["https:\/\/proxipel.ch\/es\/aserradero-transforma-tus-residuos-de-madera-en-pellets-alli-mismo\/"]}]},{"@type":"ImageObject","inLanguage":"es","@id":"https:\/\/proxipel.ch\/es\/aserradero-transforma-tus-residuos-de-madera-en-pellets-alli-mismo\/#primaryimage","url":"https:\/\/proxipel.ch\/wp-content\/uploads\/2026\/02\/pellets-de-sciures-1.webp","contentUrl":"https:\/\/proxipel.ch\/wp-content\/uploads\/2026\/02\/pellets-de-sciures-1.webp","width":1536,"height":1024,"caption":"valoris"},{"@type":"BreadcrumbList","@id":"https:\/\/proxipel.ch\/es\/aserradero-transforma-tus-residuos-de-madera-en-pellets-alli-mismo\/#breadcrumb","itemListElement":[{"@type":"ListItem","position":1,"name":"Inicio","item":"https:\/\/proxipel.ch\/es\/"},{"@type":"ListItem","position":2,"name":"Aserradero: transforma tus residuos de madera en pellets all\u00ed mismo"}]},{"@type":"WebSite","@id":"https:\/\/proxipel.ch\/es\/#website","url":"https:\/\/proxipel.ch\/es\/","name":"Proxipel","description":"La premi\u00e8re unit\u00e9 mobile de pelletisation int\u00e9grale","publisher":{"@id":"https:\/\/proxipel.ch\/es\/#organization"},"potentialAction":[{"@type":"SearchAction","target":{"@type":"EntryPoint","urlTemplate":"https:\/\/proxipel.ch\/es\/?s={search_term_string}"},"query-input":{"@type":"PropertyValueSpecification","valueRequired":true,"valueName":"search_term_string"}}],"inLanguage":"es"},{"@type":"Organization","@id":"https:\/\/proxipel.ch\/es\/#organization","name":"Proxipel","url":"https:\/\/proxipel.ch\/es\/","logo":{"@type":"ImageObject","inLanguage":"es","@id":"https:\/\/proxipel.ch\/es\/#\/schema\/logo\/image\/","url":"https:\/\/proxipel.ch\/wp-content\/uploads\/2024\/04\/proxipel.svg","contentUrl":"https:\/\/proxipel.ch\/wp-content\/uploads\/2024\/04\/proxipel.svg","width":"1024","height":"1024","caption":"Proxipel"},"image":{"@id":"https:\/\/proxipel.ch\/es\/#\/schema\/logo\/image\/"}},{"@type":"Person","@id":"https:\/\/proxipel.ch\/es\/#\/schema\/person\/14b4c44ffd52db22ee770bc4b0ce909a","name":"Bertrand Bordenave","image":{"@type":"ImageObject","inLanguage":"es","@id":"https:\/\/secure.gravatar.com\/avatar\/e17b5e0af21b580beae0180a27aa4d7661a659aea637f7c5133d8954df6b313b?s=96&d=mm&r=g","url":"https:\/\/secure.gravatar.com\/avatar\/e17b5e0af21b580beae0180a27aa4d7661a659aea637f7c5133d8954df6b313b?s=96&d=mm&r=g","contentUrl":"https:\/\/secure.gravatar.com\/avatar\/e17b5e0af21b580beae0180a27aa4d7661a659aea637f7c5133d8954df6b313b?s=96&d=mm&r=g","caption":"Bertrand Bordenave"},"url":"https:\/\/proxipel.ch\/es\/author\/b-bordenaveproxipel-com\/"}]}},"_links":{"self":[{"href":"https:\/\/proxipel.ch\/es\/wp-json\/wp\/v2\/posts\/2844","targetHints":{"allow":["GET"]}}],"collection":[{"href":"https:\/\/proxipel.ch\/es\/wp-json\/wp\/v2\/posts"}],"about":[{"href":"https:\/\/proxipel.ch\/es\/wp-json\/wp\/v2\/types\/post"}],"author":[{"embeddable":true,"href":"https:\/\/proxipel.ch\/es\/wp-json\/wp\/v2\/users\/6"}],"replies":[{"embeddable":true,"href":"https:\/\/proxipel.ch\/es\/wp-json\/wp\/v2\/comments?post=2844"}],"version-history":[{"count":1,"href":"https:\/\/proxipel.ch\/es\/wp-json\/wp\/v2\/posts\/2844\/revisions"}],"predecessor-version":[{"id":2847,"href":"https:\/\/proxipel.ch\/es\/wp-json\/wp\/v2\/posts\/2844\/revisions\/2847"}],"wp:featuredmedia":[{"embeddable":true,"href":"https:\/\/proxipel.ch\/es\/wp-json\/wp\/v2\/media\/2404"}],"wp:attachment":[{"href":"https:\/\/proxipel.ch\/es\/wp-json\/wp\/v2\/media?parent=2844"}],"wp:term":[{"taxonomy":"category","embeddable":true,"href":"https:\/\/proxipel.ch\/es\/wp-json\/wp\/v2\/categories?post=2844"},{"taxonomy":"post_tag","embeddable":true,"href":"https:\/\/proxipel.ch\/es\/wp-json\/wp\/v2\/tags?post=2844"}],"curies":[{"name":"wp","href":"https:\/\/api.w.org\/{rel}","templated":true}]}}