{"id":2836,"date":"2026-06-24T11:06:08","date_gmt":"2026-06-24T09:06:08","guid":{"rendered":"https:\/\/proxipel.ch\/comunicado-de-prensa\/"},"modified":"2026-07-15T15:48:21","modified_gmt":"2026-07-15T13:48:21","slug":"comunicado-de-prensa","status":"publish","type":"post","link":"https:\/\/proxipel.ch\/es\/comunicado-de-prensa\/","title":{"rendered":"Inauguraci\u00f3n de la primera unidad m\u00f3vil de producci\u00f3n de pellets del mundo"},"content":{"rendered":"<h2 style=\"text-align: center;\"><strong>\u00a1Estreno mundial!<\/strong><\/h2>\n<h2 style=\"text-align: center;\"><strong>Proxipel inaugura en Gimel la primera unidad m\u00f3vil integral de producci\u00f3n de pellets y pone en marcha su desarrollo industrial.<\/strong><\/h2>\n<p><img decoding=\"async\" class=\"aligncenter wp-image-2811\" src=\"https:\/\/proxipel.ch\/wp-content\/uploads\/2026\/06\/image-logo-Prox-Leman.png\" alt=\"\" width=\"2560\" height=\"1233\" srcset=\"https:\/\/proxipel.ch\/wp-content\/uploads\/2026\/06\/image-logo-Prox-Leman.png 438w, https:\/\/proxipel.ch\/wp-content\/uploads\/2026\/06\/image-logo-Prox-Leman-300x145.png 300w\" sizes=\"(max-width: 2560px) 100vw, 2560px\" \/><\/p>\n<p><strong>Pr\u00e9verenges, 18 de junio de 2026<\/strong><\/p>\n<p><strong>Proxipel<\/strong> ha inaugurado hoy en Gimel (VD) la primera unidad Proxiflex puesta en marcha en las instalaciones de su cliente <strong>L\u00e9manpellet<\/strong>. Desarrollada en Suiza, esta tecnolog\u00eda innovadora permite<a href=\"https:\/\/proxipel.ch\/es\/tecnologia\/\"> producir pellets<\/a> directamente cerca de los recursos forestales y de los lugares de consumo, lo que abre el camino a una nueva generaci\u00f3n de circuitos cortos energ\u00e9ticos. <\/p>\n<p>El evento, celebrado en las instalaciones de producci\u00f3n de <strong>L\u00e9manpellet<\/strong>, reuni\u00f3 a cerca de 100 participantes procedentes de los \u00e1mbitos econ\u00f3mico, forestal, energ\u00e9tico, institucional y pol\u00edtico. Entre las personalidades presentes destacaban, entre otros, <strong>el se\u00f1or Vassilis Venizelos<\/strong>, consejero de Estado de Vaud; <strong>el se\u00f1or Rapha\u00ebl Conz<\/strong>, jefe del Servicio de Promoci\u00f3n de la Econom\u00eda y la Innovaci\u00f3n del cant\u00f3n de Vaud; <strong>el se\u00f1or Daniel Z\u00fcrcher<\/strong>, jefe de la secci\u00f3n de Innovaci\u00f3n de la OFEV; <strong>y la se\u00f1ora Katrin Vetsch<\/strong>, presidenta de Holzenergie Suisse. <\/p>\n<h2><strong>Una innovaci\u00f3n al servicio de la transici\u00f3n energ\u00e9tica<\/strong><\/h2>\n<p><strong>Proxipel<\/strong> desarrolla <a href=\"https:\/\/proxipel.ch\/es\/unidad-movil-de-peletizacion-proxipel-proxiflex-en-video\/\">soluciones que permiten transformar a nivel local los subproductos forestales<\/a>, los residuos de madera y los residuos agr\u00edcolas en energ\u00eda renovable. Su tecnolog\u00eda Proxiflex es una innovaci\u00f3n \u00fanica en el \u00e1mbito de la peletizaci\u00f3n m\u00f3vil. Al instalarse directamente en los centros de producci\u00f3n de biomasa, reduce los desplazamientos, aprovecha recursos que hasta ahora apenas se utilizaban y refuerza la autonom\u00eda energ\u00e9tica de las regiones.  <\/p>\n<p>Esta primera unidad, que forma parte del proyecto <strong>L\u00e9manpellet<\/strong>, demuestra la viabilidad industrial de un modelo basado en la econom\u00eda circular, el aprovechamiento de los recursos locales y la reducci\u00f3n de la huella de carbono.<\/p>\n<div id=\"attachment_2798\" style=\"width: 2570px\" class=\"wp-caption alignnone\"><img decoding=\"async\" aria-describedby=\"caption-attachment-2798\" class=\"wp-image-2798 size-full\" src=\"https:\/\/proxipel.ch\/wp-content\/uploads\/2026\/06\/unite-proxiflex-cote-droit-scaled.webp\" alt=\"\" width=\"2560\" height=\"1440\" srcset=\"https:\/\/proxipel.ch\/wp-content\/uploads\/2026\/06\/unite-proxiflex-cote-droit-scaled.webp 2560w, https:\/\/proxipel.ch\/wp-content\/uploads\/2026\/06\/unite-proxiflex-cote-droit-1280x720.webp 1280w, https:\/\/proxipel.ch\/wp-content\/uploads\/2026\/06\/unite-proxiflex-cote-droit-980x551.webp 980w, https:\/\/proxipel.ch\/wp-content\/uploads\/2026\/06\/unite-proxiflex-cote-droit-480x270.webp 480w\" sizes=\"(min-width: 0px) and (max-width: 480px) 480px, (min-width: 481px) and (max-width: 980px) 980px, (min-width: 981px) and (max-width: 1280px) 1280px, (min-width: 1281px) 2560px, 100vw\" \/><p id=\"caption-attachment-2798\" class=\"wp-caption-text\"><em>Vista del lado derecho de la unidad m\u00f3vil Proxipel<\/em><\/p><\/div>\n<h2><strong>Una respuesta concreta a los retos energ\u00e9ticos y medioambientales<\/strong><\/h2>\n<p>En un contexto marcado por la necesidad de reducir las emisiones de<sub>CO\u2082<\/sub> y reforzar la soberan\u00eda energ\u00e9tica, <strong>Proxipel ofrece <\/strong>una soluci\u00f3n concreta para las administraciones locales, <a href=\"https:\/\/proxipel.ch\/es\/saca-partido-a-tus-recursos-madereros-la-solucion-de-proxipel-para-producir-pellets-locales\/\">los propietarios forestales<\/a> y los actores del sector maderero.<\/p>\n<p>La tecnolog\u00eda permite, entre otras cosas:<\/p>\n<ul>\n<li>reducir las distancias de transporte de la biomasa<\/li>\n<li>reducir las emisiones relacionadas con la log\u00edstica<\/li>\n<li>aprovechar los subproductos forestales y agr\u00edcolas poco explotados<\/li>\n<li>contribuir al desarrollo de la energ\u00eda renovable local<\/li>\n<li>reforzar la autonom\u00eda de los territorios<\/li>\n<\/ul>\n<p>Este enfoque encaja perfectamente con los objetivos de descarbonizaci\u00f3n y transici\u00f3n energ\u00e9tica que persiguen las administraciones p\u00fablicas y los agentes econ\u00f3micos.<\/p>\n<h2><strong>Un paso importante para el desarrollo de Proxipel<\/strong><\/h2>\n<p>La inauguraci\u00f3n de esta primera planta supone un hito importante para <strong>Proxipel<\/strong>. Con la puesta en marcha operativa de Proxiflex en<strong> L\u00e9manpellet<\/strong>, la empresa confirma su modelo comercial e industrial y da ahora el paso a la fase de industrializaci\u00f3n. <\/p>\n<p>Ya se han encargado dos nuevas unidades, que se fabricar\u00e1n en 2026. La empresa prev\u00e9 vender seis m\u00e1quinas en 2026 y quince unidades en 2027, centr\u00e1ndose principalmente en los mercados suizo y franc\u00e9s. A partir de 2028, <strong>Proxipel<\/strong> tiene previsto una expansi\u00f3n internacional progresiva hacia Europa, Norteam\u00e9rica y Sudam\u00e9rica.  <\/p>\n<h2><strong>Un ecosistema unido en torno a una visi\u00f3n com\u00fan<\/strong><\/h2>\n<p>El evento permiti\u00f3 a los participantes ver en funcionamiento la unidad Proxiflex y hablar sobre los retos relacionados con el aprovechamiento local de la biomasa.<\/p>\n<p>Clientes, proveedores, socios industriales, inversores, representantes de las administraciones p\u00fablicas y actores del sector maderero han acudido para apoyar esta iniciativa. <strong>Proxipel<\/strong> agradece a todos los participantes, as\u00ed como a las autoridades cantonales y municipales presentes, su inter\u00e9s y su apoyo.<\/p>\n<div id=\"attachment_2802\" style=\"width: 2570px\" class=\"wp-caption alignnone\"><img decoding=\"async\" aria-describedby=\"caption-attachment-2802\" class=\"wp-image-2802 size-full\" src=\"https:\/\/proxipel.ch\/wp-content\/uploads\/2026\/06\/participants-inauguration-Proxiflex-scaled.webp\" alt=\"\" width=\"2560\" height=\"1440\" srcset=\"https:\/\/proxipel.ch\/wp-content\/uploads\/2026\/06\/participants-inauguration-Proxiflex-scaled.webp 2560w, https:\/\/proxipel.ch\/wp-content\/uploads\/2026\/06\/participants-inauguration-Proxiflex-1280x720.webp 1280w, https:\/\/proxipel.ch\/wp-content\/uploads\/2026\/06\/participants-inauguration-Proxiflex-980x551.webp 980w, https:\/\/proxipel.ch\/wp-content\/uploads\/2026\/06\/participants-inauguration-Proxiflex-480x270.webp 480w\" sizes=\"(min-width: 0px) and (max-width: 480px) 480px, (min-width: 481px) and (max-width: 980px) 980px, (min-width: 981px) and (max-width: 1280px) 1280px, (min-width: 1281px) 2560px, 100vw\" \/><p id=\"caption-attachment-2802\" class=\"wp-caption-text\"><em>Algunos de los participantes reunidos alrededor de la unidad m\u00f3vil Proxiflex de L\u00e9manpellet.<\/em><\/p><\/div>\n<blockquote><p><em>\u00abProxipel demuestra que la transici\u00f3n energ\u00e9tica ya no es solo una ambici\u00f3n: ya est\u00e1 en marcha gracias a innovaciones que refuerzan nuestra autonom\u00eda energ\u00e9tica y sacan partido a los recursos de nuestros territorios\u00bb.<\/em> <strong>Vassilis Venizelos<\/strong>, consejero de Estado de Vaud.<\/p>\n<p><em>\u00abProxipel encarna el potencial de la innovaci\u00f3n de Vaud: transformar los recursos locales en valor econ\u00f3mico sostenible al servicio de los territorios\u00bb.<\/em><strong> Rapha\u00ebl Conz,<\/strong> jefe del Servicio de Promoci\u00f3n de la Econom\u00eda y la Innovaci\u00f3n del cant\u00f3n de Vaud.<\/p><\/blockquote>\n<div id=\"attachment_2806\" style=\"width: 2570px\" class=\"wp-caption alignnone\"><img decoding=\"async\" aria-describedby=\"caption-attachment-2806\" class=\"wp-image-2806 size-full\" src=\"https:\/\/proxipel.ch\/wp-content\/uploads\/2026\/06\/orateurs-inauguration-Proxiflex-scaled.webp\" alt=\"\" width=\"2560\" height=\"1440\" srcset=\"https:\/\/proxipel.ch\/wp-content\/uploads\/2026\/06\/orateurs-inauguration-Proxiflex-scaled.webp 2560w, https:\/\/proxipel.ch\/wp-content\/uploads\/2026\/06\/orateurs-inauguration-Proxiflex-1280x720.webp 1280w, https:\/\/proxipel.ch\/wp-content\/uploads\/2026\/06\/orateurs-inauguration-Proxiflex-980x551.webp 980w, https:\/\/proxipel.ch\/wp-content\/uploads\/2026\/06\/orateurs-inauguration-Proxiflex-480x270.webp 480w\" sizes=\"(min-width: 0px) and (max-width: 480px) 480px, (min-width: 481px) and (max-width: 980px) 980px, (min-width: 981px) and (max-width: 1280px) 1280px, (min-width: 1281px) 2560px, 100vw\" \/><p id=\"caption-attachment-2806\" class=\"wp-caption-text\">Los ponentes de esta jornada: Rapha\u00ebl Conz, director del SPEI; Daniel Z\u00fcrcher, de la OFEV; Katrin Vetsch, presidenta de Holzenergie Suisse; Richard Pfister, director general de Proxipel; el consejero de Estado Vassili Venizelos; Emmanuel Guex, presidente de Proxipel, y Laurent Balsiger, presidente de L\u00e9manpellet y director de la SEFA.<\/p><\/div>\n<blockquote><p><em>\u00abEsta innovaci\u00f3n ilustra a la perfecci\u00f3n el potencial de un aprovechamiento local, circular y eficiente de la madera como recurso. Es una herramienta concreta para reforzar la autonom\u00eda energ\u00e9tica de los territorios, al tiempo que contribuye a la lucha contra el cambio clim\u00e1tico\u00bb.<\/em> <strong>Sra. Katrin Vetsch<\/strong>, presidenta de Holzenergie Suisse.<\/p><\/blockquote>\n<h2><strong>Acerca de Proxipel<\/strong><\/h2>\n<p>Con sede en Suiza, <strong>Proxipel<\/strong> desarrolla soluciones innovadoras para la producci\u00f3n local de pellets, con el objetivo de aprovechar de forma sostenible los recursos forestales y los subproductos de la madera. Su misi\u00f3n es acercar la producci\u00f3n energ\u00e9tica al recurso para reducir los transportes, reforzar los circuitos cortos y contribuir a una transici\u00f3n energ\u00e9tica m\u00e1s resiliente. <\/p>\n<p>M\u00e1s all\u00e1 de la energ\u00eda de la madera, la tecnolog\u00eda Proxiflex tiene un potencial de aplicaci\u00f3n mucho m\u00e1s amplio. Gracias a su flexibilidad, puede transformar diferentes materias primas de origen agr\u00edcola, forestal u org\u00e1nico en pellets destinados a la producci\u00f3n de energ\u00eda, pero tambi\u00e9n a la fabricaci\u00f3n de fertilizantes, piensos, lechos para animales y otros productos de valor a\u00f1adido. <\/p>\n<h2><strong>Sobre Lemanpellet<\/strong><\/h2>\n<p>Fundada en 2023 por la SEFA, AGFORS (Asociaci\u00f3n del Grupo Forestal de la Serine), el Grupo Forestal de la Saubrette y Proxipel, <strong>L\u00e9manpellet<\/strong> tiene como misi\u00f3n producir y comercializar pellets a partir de biomasa local siguiendo un modelo basado en los circuitos cortos y la econom\u00eda circular. La empresa contribuye al desarrollo de un sector regional de la energ\u00eda de la madera que genera valor para los bosques, los municipios y la econom\u00eda local, al tiempo que refuerza la autonom\u00eda energ\u00e9tica. <\/p>\n<h2><strong>Contactos de prensa<\/strong><\/h2>\n<p><strong>Proxipel SA<\/strong><br \/>\nRichard Pfister<br \/>\nDirector general<br \/>\nTel. +41(0)79 333 24 86<br \/>\nZI Le Tr\u00e9si 2, CH - 1028 Pr\u00e9verenges<br \/>\n<a href=\"mailto:r.pfister@proxipel.com\">r.pfister@proxipel.com informar<\/a><\/p>\n<p><strong>L\u00e9manpellet SA<\/strong><br \/>\nLaurent Balsiger<br \/>\nPresidente<br \/>\nTel. +41(0)21 821 5202<br \/>\n<a href=\"mailto:contact@lemanpellet.ch\">contact@lemanpellet.ch<\/a><br \/>\nChemin Lucien Chevallaz 5, CH - 1170 Aubonne<\/p>\n<h2><strong>Cifras clave de Proxipel<\/strong><\/h2>\n<ul>\n<li>Primera unidad de Proxiflex inaugurada en 2026<\/li>\n<li>Casi 100 participantes en el evento<\/li>\n<li>Ya se han pedido 2 unidades m\u00e1s<\/li>\n<li>Objetivo para 2026: 6 unidades vendidas<\/li>\n<li>Objetivo para 2027: 15 unidades vendidas<\/li>\n<li>Se prev\u00e9 su implantaci\u00f3n internacional a partir de 2028<\/li>\n<\/ul>\n","protected":false},"excerpt":{"rendered":"<p>\u00a1Estreno mundial! Proxipel inaugura en Gimel la primera unidad m\u00f3vil integral de producci\u00f3n de pellets y pone en marcha su desarrollo industrial. Pr\u00e9verenges, 18 de junio de 2026 Proxipel ha inaugurado hoy en Gimel (VD) la primera unidad Proxiflex puesta en marcha en las instalaciones de su cliente L\u00e9manpellet. Desarrollada en Suiza, esta tecnolog\u00eda innovadora [&hellip;]<\/p>\n","protected":false},"author":6,"featured_media":2814,"comment_status":"open","ping_status":"open","sticky":false,"template":"","format":"standard","meta":{"_et_pb_use_builder":"","_et_pb_old_content":"","_et_gb_content_width":"","inline_featured_image":false,"footnotes":""},"categories":[49],"tags":[],"class_list":["post-2836","post","type-post","status-publish","format-standard","has-post-thumbnail","hentry","category-prensa"],"yoast_head":"<!-- This site is optimized with the Yoast SEO plugin v28.3 - https:\/\/yoast.com\/product\/yoast-seo-wordpress\/ -->\n<title>Inauguraci\u00f3n de la primera unidad m\u00f3vil de producci\u00f3n de pellets del mundo - Proxipel<\/title>\n<meta name=\"description\" content=\"Proxipel desarrolla soluciones que permiten transformar localmente los subproductos forestales en pellets\" \/>\n<meta name=\"robots\" content=\"index, follow, max-snippet:-1, max-image-preview:large, max-video-preview:-1\" \/>\n<link rel=\"canonical\" href=\"https:\/\/proxipel.ch\/es\/comunicado-de-prensa\/\" \/>\n<meta property=\"og:locale\" content=\"es_ES\" \/>\n<meta property=\"og:type\" content=\"article\" \/>\n<meta property=\"og:title\" content=\"Inauguraci\u00f3n de la primera unidad m\u00f3vil de producci\u00f3n de pellets del mundo - Proxipel\" \/>\n<meta property=\"og:description\" content=\"Proxipel desarrolla soluciones que permiten transformar localmente los subproductos forestales en pellets\" \/>\n<meta property=\"og:url\" content=\"https:\/\/proxipel.ch\/es\/comunicado-de-prensa\/\" \/>\n<meta property=\"og:site_name\" content=\"Proxipel\" \/>\n<meta property=\"article:published_time\" content=\"2026-06-24T09:06:08+00:00\" \/>\n<meta property=\"article:modified_time\" content=\"2026-07-15T13:48:21+00:00\" \/>\n<meta property=\"og:image\" content=\"https:\/\/proxipel.ch\/wp-content\/uploads\/2026\/06\/image-logo-Prox-Leman.png\" \/>\n\t<meta property=\"og:image:width\" content=\"438\" \/>\n\t<meta property=\"og:image:height\" content=\"211\" \/>\n\t<meta property=\"og:image:type\" content=\"image\/png\" \/>\n<meta name=\"author\" content=\"Bertrand Bordenave\" \/>\n<meta name=\"twitter:card\" content=\"summary_large_image\" \/>\n<meta name=\"twitter:label1\" content=\"Escrito por\" \/>\n\t<meta name=\"twitter:data1\" content=\"Bertrand Bordenave\" \/>\n\t<meta name=\"twitter:label2\" content=\"Tiempo de lectura\" \/>\n\t<meta name=\"twitter:data2\" content=\"6 minutos\" \/>\n<script type=\"application\/ld+json\" class=\"yoast-schema-graph\">{\"@context\":\"https:\\\/\\\/schema.org\",\"@graph\":[{\"@type\":\"Article\",\"@id\":\"https:\\\/\\\/proxipel.ch\\\/es\\\/comunicado-de-prensa\\\/#article\",\"isPartOf\":{\"@id\":\"https:\\\/\\\/proxipel.ch\\\/es\\\/comunicado-de-prensa\\\/\"},\"author\":{\"name\":\"Bertrand Bordenave\",\"@id\":\"https:\\\/\\\/proxipel.ch\\\/es\\\/#\\\/schema\\\/person\\\/14b4c44ffd52db22ee770bc4b0ce909a\"},\"headline\":\"Inauguraci\u00f3n de la primera unidad m\u00f3vil de producci\u00f3n de pellets del mundo\",\"datePublished\":\"2026-06-24T09:06:08+00:00\",\"dateModified\":\"2026-07-15T13:48:21+00:00\",\"mainEntityOfPage\":{\"@id\":\"https:\\\/\\\/proxipel.ch\\\/es\\\/comunicado-de-prensa\\\/\"},\"wordCount\":1179,\"commentCount\":0,\"publisher\":{\"@id\":\"https:\\\/\\\/proxipel.ch\\\/es\\\/#organization\"},\"image\":{\"@id\":\"https:\\\/\\\/proxipel.ch\\\/es\\\/comunicado-de-prensa\\\/#primaryimage\"},\"thumbnailUrl\":\"https:\\\/\\\/proxipel.ch\\\/wp-content\\\/uploads\\\/2026\\\/06\\\/image-logo-Prox-Leman.png\",\"articleSection\":[\"Prensa\"],\"inLanguage\":\"es\",\"potentialAction\":[{\"@type\":\"CommentAction\",\"name\":\"Comment\",\"target\":[\"https:\\\/\\\/proxipel.ch\\\/es\\\/comunicado-de-prensa\\\/#respond\"]}]},{\"@type\":\"WebPage\",\"@id\":\"https:\\\/\\\/proxipel.ch\\\/es\\\/comunicado-de-prensa\\\/\",\"url\":\"https:\\\/\\\/proxipel.ch\\\/es\\\/comunicado-de-prensa\\\/\",\"name\":\"Inauguraci\u00f3n de la primera unidad m\u00f3vil de producci\u00f3n de pellets del mundo - Proxipel\",\"isPartOf\":{\"@id\":\"https:\\\/\\\/proxipel.ch\\\/es\\\/#website\"},\"primaryImageOfPage\":{\"@id\":\"https:\\\/\\\/proxipel.ch\\\/es\\\/comunicado-de-prensa\\\/#primaryimage\"},\"image\":{\"@id\":\"https:\\\/\\\/proxipel.ch\\\/es\\\/comunicado-de-prensa\\\/#primaryimage\"},\"thumbnailUrl\":\"https:\\\/\\\/proxipel.ch\\\/wp-content\\\/uploads\\\/2026\\\/06\\\/image-logo-Prox-Leman.png\",\"datePublished\":\"2026-06-24T09:06:08+00:00\",\"dateModified\":\"2026-07-15T13:48:21+00:00\",\"description\":\"Proxipel desarrolla soluciones que permiten transformar localmente los subproductos forestales en pellets\",\"breadcrumb\":{\"@id\":\"https:\\\/\\\/proxipel.ch\\\/es\\\/comunicado-de-prensa\\\/#breadcrumb\"},\"inLanguage\":\"es\",\"potentialAction\":[{\"@type\":\"ReadAction\",\"target\":[\"https:\\\/\\\/proxipel.ch\\\/es\\\/comunicado-de-prensa\\\/\"]}]},{\"@type\":\"ImageObject\",\"inLanguage\":\"es\",\"@id\":\"https:\\\/\\\/proxipel.ch\\\/es\\\/comunicado-de-prensa\\\/#primaryimage\",\"url\":\"https:\\\/\\\/proxipel.ch\\\/wp-content\\\/uploads\\\/2026\\\/06\\\/image-logo-Prox-Leman.png\",\"contentUrl\":\"https:\\\/\\\/proxipel.ch\\\/wp-content\\\/uploads\\\/2026\\\/06\\\/image-logo-Prox-Leman.png\",\"width\":438,\"height\":211},{\"@type\":\"BreadcrumbList\",\"@id\":\"https:\\\/\\\/proxipel.ch\\\/es\\\/comunicado-de-prensa\\\/#breadcrumb\",\"itemListElement\":[{\"@type\":\"ListItem\",\"position\":1,\"name\":\"Inicio\",\"item\":\"https:\\\/\\\/proxipel.ch\\\/es\\\/\"},{\"@type\":\"ListItem\",\"position\":2,\"name\":\"Inauguraci\u00f3n de la primera unidad m\u00f3vil de producci\u00f3n de pellets del mundo\"}]},{\"@type\":\"WebSite\",\"@id\":\"https:\\\/\\\/proxipel.ch\\\/es\\\/#website\",\"url\":\"https:\\\/\\\/proxipel.ch\\\/es\\\/\",\"name\":\"Proxipel\",\"description\":\"La premi\u00e8re unit\u00e9 mobile de pelletisation int\u00e9grale\",\"publisher\":{\"@id\":\"https:\\\/\\\/proxipel.ch\\\/es\\\/#organization\"},\"potentialAction\":[{\"@type\":\"SearchAction\",\"target\":{\"@type\":\"EntryPoint\",\"urlTemplate\":\"https:\\\/\\\/proxipel.ch\\\/es\\\/?s={search_term_string}\"},\"query-input\":{\"@type\":\"PropertyValueSpecification\",\"valueRequired\":true,\"valueName\":\"search_term_string\"}}],\"inLanguage\":\"es\"},{\"@type\":\"Organization\",\"@id\":\"https:\\\/\\\/proxipel.ch\\\/es\\\/#organization\",\"name\":\"Proxipel\",\"url\":\"https:\\\/\\\/proxipel.ch\\\/es\\\/\",\"logo\":{\"@type\":\"ImageObject\",\"inLanguage\":\"es\",\"@id\":\"https:\\\/\\\/proxipel.ch\\\/es\\\/#\\\/schema\\\/logo\\\/image\\\/\",\"url\":\"https:\\\/\\\/proxipel.ch\\\/wp-content\\\/uploads\\\/2024\\\/04\\\/proxipel.svg\",\"contentUrl\":\"https:\\\/\\\/proxipel.ch\\\/wp-content\\\/uploads\\\/2024\\\/04\\\/proxipel.svg\",\"width\":\"1024\",\"height\":\"1024\",\"caption\":\"Proxipel\"},\"image\":{\"@id\":\"https:\\\/\\\/proxipel.ch\\\/es\\\/#\\\/schema\\\/logo\\\/image\\\/\"}},{\"@type\":\"Person\",\"@id\":\"https:\\\/\\\/proxipel.ch\\\/es\\\/#\\\/schema\\\/person\\\/14b4c44ffd52db22ee770bc4b0ce909a\",\"name\":\"Bertrand Bordenave\",\"image\":{\"@type\":\"ImageObject\",\"inLanguage\":\"es\",\"@id\":\"https:\\\/\\\/secure.gravatar.com\\\/avatar\\\/e17b5e0af21b580beae0180a27aa4d7661a659aea637f7c5133d8954df6b313b?s=96&d=mm&r=g\",\"url\":\"https:\\\/\\\/secure.gravatar.com\\\/avatar\\\/e17b5e0af21b580beae0180a27aa4d7661a659aea637f7c5133d8954df6b313b?s=96&d=mm&r=g\",\"contentUrl\":\"https:\\\/\\\/secure.gravatar.com\\\/avatar\\\/e17b5e0af21b580beae0180a27aa4d7661a659aea637f7c5133d8954df6b313b?s=96&d=mm&r=g\",\"caption\":\"Bertrand Bordenave\"},\"url\":\"https:\\\/\\\/proxipel.ch\\\/es\\\/author\\\/b-bordenaveproxipel-com\\\/\"}]}<\/script>\n<!-- \/ Yoast SEO plugin. -->","yoast_head_json":{"title":"Inauguraci\u00f3n de la primera unidad m\u00f3vil de producci\u00f3n de pellets del mundo - Proxipel","description":"Proxipel desarrolla soluciones que permiten transformar localmente los subproductos forestales en pellets","robots":{"index":"index","follow":"follow","max-snippet":"max-snippet:-1","max-image-preview":"max-image-preview:large","max-video-preview":"max-video-preview:-1"},"canonical":"https:\/\/proxipel.ch\/es\/comunicado-de-prensa\/","og_locale":"es_ES","og_type":"article","og_title":"Inauguraci\u00f3n de la primera unidad m\u00f3vil de producci\u00f3n de pellets del mundo - Proxipel","og_description":"Proxipel desarrolla soluciones que permiten transformar localmente los subproductos forestales en pellets","og_url":"https:\/\/proxipel.ch\/es\/comunicado-de-prensa\/","og_site_name":"Proxipel","article_published_time":"2026-06-24T09:06:08+00:00","article_modified_time":"2026-07-15T13:48:21+00:00","og_image":[{"width":438,"height":211,"url":"https:\/\/proxipel.ch\/wp-content\/uploads\/2026\/06\/image-logo-Prox-Leman.png","type":"image\/png"}],"author":"Bertrand Bordenave","twitter_card":"summary_large_image","twitter_misc":{"Escrito por":"Bertrand Bordenave","Tiempo de lectura":"6 minutos"},"schema":{"@context":"https:\/\/schema.org","@graph":[{"@type":"Article","@id":"https:\/\/proxipel.ch\/es\/comunicado-de-prensa\/#article","isPartOf":{"@id":"https:\/\/proxipel.ch\/es\/comunicado-de-prensa\/"},"author":{"name":"Bertrand Bordenave","@id":"https:\/\/proxipel.ch\/es\/#\/schema\/person\/14b4c44ffd52db22ee770bc4b0ce909a"},"headline":"Inauguraci\u00f3n de la primera unidad m\u00f3vil de producci\u00f3n de pellets del mundo","datePublished":"2026-06-24T09:06:08+00:00","dateModified":"2026-07-15T13:48:21+00:00","mainEntityOfPage":{"@id":"https:\/\/proxipel.ch\/es\/comunicado-de-prensa\/"},"wordCount":1179,"commentCount":0,"publisher":{"@id":"https:\/\/proxipel.ch\/es\/#organization"},"image":{"@id":"https:\/\/proxipel.ch\/es\/comunicado-de-prensa\/#primaryimage"},"thumbnailUrl":"https:\/\/proxipel.ch\/wp-content\/uploads\/2026\/06\/image-logo-Prox-Leman.png","articleSection":["Prensa"],"inLanguage":"es","potentialAction":[{"@type":"CommentAction","name":"Comment","target":["https:\/\/proxipel.ch\/es\/comunicado-de-prensa\/#respond"]}]},{"@type":"WebPage","@id":"https:\/\/proxipel.ch\/es\/comunicado-de-prensa\/","url":"https:\/\/proxipel.ch\/es\/comunicado-de-prensa\/","name":"Inauguraci\u00f3n de la primera unidad m\u00f3vil de producci\u00f3n de pellets del mundo - Proxipel","isPartOf":{"@id":"https:\/\/proxipel.ch\/es\/#website"},"primaryImageOfPage":{"@id":"https:\/\/proxipel.ch\/es\/comunicado-de-prensa\/#primaryimage"},"image":{"@id":"https:\/\/proxipel.ch\/es\/comunicado-de-prensa\/#primaryimage"},"thumbnailUrl":"https:\/\/proxipel.ch\/wp-content\/uploads\/2026\/06\/image-logo-Prox-Leman.png","datePublished":"2026-06-24T09:06:08+00:00","dateModified":"2026-07-15T13:48:21+00:00","description":"Proxipel desarrolla soluciones que permiten transformar localmente los subproductos forestales en pellets","breadcrumb":{"@id":"https:\/\/proxipel.ch\/es\/comunicado-de-prensa\/#breadcrumb"},"inLanguage":"es","potentialAction":[{"@type":"ReadAction","target":["https:\/\/proxipel.ch\/es\/comunicado-de-prensa\/"]}]},{"@type":"ImageObject","inLanguage":"es","@id":"https:\/\/proxipel.ch\/es\/comunicado-de-prensa\/#primaryimage","url":"https:\/\/proxipel.ch\/wp-content\/uploads\/2026\/06\/image-logo-Prox-Leman.png","contentUrl":"https:\/\/proxipel.ch\/wp-content\/uploads\/2026\/06\/image-logo-Prox-Leman.png","width":438,"height":211},{"@type":"BreadcrumbList","@id":"https:\/\/proxipel.ch\/es\/comunicado-de-prensa\/#breadcrumb","itemListElement":[{"@type":"ListItem","position":1,"name":"Inicio","item":"https:\/\/proxipel.ch\/es\/"},{"@type":"ListItem","position":2,"name":"Inauguraci\u00f3n de la primera unidad m\u00f3vil de producci\u00f3n de pellets del mundo"}]},{"@type":"WebSite","@id":"https:\/\/proxipel.ch\/es\/#website","url":"https:\/\/proxipel.ch\/es\/","name":"Proxipel","description":"La premi\u00e8re unit\u00e9 mobile de pelletisation int\u00e9grale","publisher":{"@id":"https:\/\/proxipel.ch\/es\/#organization"},"potentialAction":[{"@type":"SearchAction","target":{"@type":"EntryPoint","urlTemplate":"https:\/\/proxipel.ch\/es\/?s={search_term_string}"},"query-input":{"@type":"PropertyValueSpecification","valueRequired":true,"valueName":"search_term_string"}}],"inLanguage":"es"},{"@type":"Organization","@id":"https:\/\/proxipel.ch\/es\/#organization","name":"Proxipel","url":"https:\/\/proxipel.ch\/es\/","logo":{"@type":"ImageObject","inLanguage":"es","@id":"https:\/\/proxipel.ch\/es\/#\/schema\/logo\/image\/","url":"https:\/\/proxipel.ch\/wp-content\/uploads\/2024\/04\/proxipel.svg","contentUrl":"https:\/\/proxipel.ch\/wp-content\/uploads\/2024\/04\/proxipel.svg","width":"1024","height":"1024","caption":"Proxipel"},"image":{"@id":"https:\/\/proxipel.ch\/es\/#\/schema\/logo\/image\/"}},{"@type":"Person","@id":"https:\/\/proxipel.ch\/es\/#\/schema\/person\/14b4c44ffd52db22ee770bc4b0ce909a","name":"Bertrand Bordenave","image":{"@type":"ImageObject","inLanguage":"es","@id":"https:\/\/secure.gravatar.com\/avatar\/e17b5e0af21b580beae0180a27aa4d7661a659aea637f7c5133d8954df6b313b?s=96&d=mm&r=g","url":"https:\/\/secure.gravatar.com\/avatar\/e17b5e0af21b580beae0180a27aa4d7661a659aea637f7c5133d8954df6b313b?s=96&d=mm&r=g","contentUrl":"https:\/\/secure.gravatar.com\/avatar\/e17b5e0af21b580beae0180a27aa4d7661a659aea637f7c5133d8954df6b313b?s=96&d=mm&r=g","caption":"Bertrand Bordenave"},"url":"https:\/\/proxipel.ch\/es\/author\/b-bordenaveproxipel-com\/"}]}},"_links":{"self":[{"href":"https:\/\/proxipel.ch\/es\/wp-json\/wp\/v2\/posts\/2836","targetHints":{"allow":["GET"]}}],"collection":[{"href":"https:\/\/proxipel.ch\/es\/wp-json\/wp\/v2\/posts"}],"about":[{"href":"https:\/\/proxipel.ch\/es\/wp-json\/wp\/v2\/types\/post"}],"author":[{"embeddable":true,"href":"https:\/\/proxipel.ch\/es\/wp-json\/wp\/v2\/users\/6"}],"replies":[{"embeddable":true,"href":"https:\/\/proxipel.ch\/es\/wp-json\/wp\/v2\/comments?post=2836"}],"version-history":[{"count":2,"href":"https:\/\/proxipel.ch\/es\/wp-json\/wp\/v2\/posts\/2836\/revisions"}],"predecessor-version":[{"id":4125,"href":"https:\/\/proxipel.ch\/es\/wp-json\/wp\/v2\/posts\/2836\/revisions\/4125"}],"wp:featuredmedia":[{"embeddable":true,"href":"https:\/\/proxipel.ch\/es\/wp-json\/wp\/v2\/media\/2814"}],"wp:attachment":[{"href":"https:\/\/proxipel.ch\/es\/wp-json\/wp\/v2\/media?parent=2836"}],"wp:term":[{"taxonomy":"category","embeddable":true,"href":"https:\/\/proxipel.ch\/es\/wp-json\/wp\/v2\/categories?post=2836"},{"taxonomy":"post_tag","embeddable":true,"href":"https:\/\/proxipel.ch\/es\/wp-json\/wp\/v2\/tags?post=2836"}],"curies":[{"name":"wp","href":"https:\/\/api.w.org\/{rel}","templated":true}]}}