{"id":3472,"date":"2026-07-17T16:17:55","date_gmt":"2026-07-17T14:17:55","guid":{"rendered":"https:\/\/proxipel.ch\/?p=3472"},"modified":"2026-07-17T16:17:55","modified_gmt":"2026-07-17T14:17:55","slug":"inauguration-of-the-first-fully-integrated-mobile-pelletizing-unit","status":"publish","type":"post","link":"https:\/\/proxipel.ch\/en\/inauguration-of-the-first-fully-integrated-mobile-pelletizing-unit\/","title":{"rendered":"Inauguration of the first fully integrated mobile pelletizing unit"},"content":{"rendered":"<h2>PRESS ARTICLES<\/h2>\n<p>To view the articles, click on their titles<\/p>\n<ul>\n<li><a href=\"https:\/\/www.lacote.ch\/vaud\/la-cote\/morges-district\/gimel\/gimel-proxipel-a-devoile-son-usine-mobile-de-production-de-pellets-une-premiere-mondiale-1503563\">La C\u00f4te, June 22, 2026, Gimel: Proxipel unveiled its mobile pellet production plant, \u201ca world first\u201d<\/a><\/li>\n<li><a href=\"https:\/\/www.lacote.ch\/newsletter\/la_cote\/des-pellets-locaux-a-gimel-des-millesimes-a-rolle-et-une-bonne-cuvee-de-caribana-la-matinale-du-lundi-22juin-1503687\">The Coast, The Morning Show on June 22, 2026, My Beautiful Truck, King of the Forests\u2026 born in the vineyards.<\/a><\/li>\n<li><a href=\"https:\/\/www.pme.ch\/actualites\/pellets-cette-innovation-vaudoise-pourrait-changer-la-filiere\/tbl1xq5\">PME, June 18, 2026, World Premiere: A Mobile Pellet Plant Inaugurated in Gimel (VD)<\/a><\/li>\n<li style=\"text-align: left;\"><a href=\"https:\/\/www.letemps.ch\/economie\/apres-seize-ans-de-labeur-proxipel-est-pare-pour-doper-le-marche-des-pellets\">Le Temps, June 18, 2026: After sixteen years of hard work, Proxipel is poised to boost the pellet market<\/a><\/li>\n<li>24 Heures, July 13, 2026: With its pellet trucks, Proxipel sees the light at the end of the tunnel<\/li>\n<\/ul>\n<p><img decoding=\"async\" class=\"wp-image-4127 aligncenter\" src=\"https:\/\/proxipel.ch\/wp-content\/uploads\/2026\/07\/Capture-decran-2026-07-15-160616.webp\" alt=\"granulation\" width=\"395\" height=\"260\"><\/p>\n","protected":false},"excerpt":{"rendered":"<p>PRESS ARTICLES To view the articles, click on their titles La C\u00f4te, June 22, 2026, Gimel: Proxipel unveiled its mobile pellet production plant, \u201ca world first\u201d The Coast, The Morning Show on June 22, 2026, My Beautiful Truck, King of the Forests\u2026 born in the vineyards. PME, June 18, 2026, World Premiere: A Mobile Pellet [&hellip;]<\/p>\n","protected":false},"author":6,"featured_media":0,"comment_status":"open","ping_status":"open","sticky":false,"template":"","format":"standard","meta":{"_et_pb_use_builder":"","_et_pb_old_content":"","_et_gb_content_width":"","inline_featured_image":false,"footnotes":""},"categories":[51],"tags":[],"class_list":["post-3472","post","type-post","status-publish","format-standard","hentry","category-press"],"yoast_head":"<!-- This site is optimized with the Yoast SEO plugin v28.4 - https:\/\/yoast.com\/product\/yoast-seo-wordpress\/ -->\n<title>Inauguration of the first fully integrated mobile pelletizing unit - Proxipel<\/title>\n<meta name=\"robots\" content=\"index, follow, max-snippet:-1, max-image-preview:large, max-video-preview:-1\" \/>\n<link rel=\"canonical\" href=\"https:\/\/proxipel.ch\/en\/inauguration-of-the-first-fully-integrated-mobile-pelletizing-unit\/\" \/>\n<meta property=\"og:locale\" content=\"en_US\" \/>\n<meta property=\"og:type\" content=\"article\" \/>\n<meta property=\"og:title\" content=\"Inauguration of the first fully integrated mobile pelletizing unit - Proxipel\" \/>\n<meta property=\"og:description\" content=\"PRESS ARTICLES To view the articles, click on their titles La C\u00f4te, June 22, 2026, Gimel: Proxipel unveiled its mobile pellet production plant, \u201ca world first\u201d The Coast, The Morning Show on June 22, 2026, My Beautiful Truck, King of the Forests\u2026 born in the vineyards. PME, June 18, 2026, World Premiere: A Mobile Pellet [&hellip;]\" \/>\n<meta property=\"og:url\" content=\"https:\/\/proxipel.ch\/en\/inauguration-of-the-first-fully-integrated-mobile-pelletizing-unit\/\" \/>\n<meta property=\"og:site_name\" content=\"Proxipel\" \/>\n<meta property=\"article:published_time\" content=\"2026-07-17T14:17:55+00:00\" \/>\n<meta property=\"og:image\" content=\"https:\/\/proxipel.ch\/wp-content\/uploads\/2026\/07\/Capture-decran-2026-07-15-160616.webp\" \/>\n\t<meta property=\"og:image:width\" content=\"1546\" \/>\n\t<meta property=\"og:image:height\" content=\"1017\" \/>\n\t<meta property=\"og:image:type\" content=\"image\/webp\" \/>\n<meta name=\"author\" content=\"Bertrand Bordenave\" \/>\n<meta name=\"twitter:card\" content=\"summary_large_image\" \/>\n<meta name=\"twitter:label1\" content=\"Written by\" \/>\n\t<meta name=\"twitter:data1\" content=\"Bertrand Bordenave\" \/>\n<script type=\"application\/ld+json\" class=\"yoast-schema-graph\">{\"@context\":\"https:\\\/\\\/schema.org\",\"@graph\":[{\"@type\":\"Article\",\"@id\":\"https:\\\/\\\/proxipel.ch\\\/en\\\/inauguration-of-the-first-fully-integrated-mobile-pelletizing-unit\\\/#article\",\"isPartOf\":{\"@id\":\"https:\\\/\\\/proxipel.ch\\\/en\\\/inauguration-of-the-first-fully-integrated-mobile-pelletizing-unit\\\/\"},\"author\":{\"name\":\"Bertrand Bordenave\",\"@id\":\"https:\\\/\\\/proxipel.ch\\\/en\\\/#\\\/schema\\\/person\\\/14b4c44ffd52db22ee770bc4b0ce909a\"},\"headline\":\"Inauguration of the first fully integrated mobile pelletizing unit\",\"datePublished\":\"2026-07-17T14:17:55+00:00\",\"mainEntityOfPage\":{\"@id\":\"https:\\\/\\\/proxipel.ch\\\/en\\\/inauguration-of-the-first-fully-integrated-mobile-pelletizing-unit\\\/\"},\"wordCount\":97,\"commentCount\":0,\"publisher\":{\"@id\":\"https:\\\/\\\/proxipel.ch\\\/en\\\/#organization\"},\"image\":{\"@id\":\"https:\\\/\\\/proxipel.ch\\\/en\\\/inauguration-of-the-first-fully-integrated-mobile-pelletizing-unit\\\/#primaryimage\"},\"thumbnailUrl\":\"https:\\\/\\\/proxipel.ch\\\/wp-content\\\/uploads\\\/2026\\\/07\\\/Capture-decran-2026-07-15-160616.webp\",\"articleSection\":[\"Press\"],\"inLanguage\":\"en-US\",\"potentialAction\":[{\"@type\":\"CommentAction\",\"name\":\"Comment\",\"target\":[\"https:\\\/\\\/proxipel.ch\\\/en\\\/inauguration-of-the-first-fully-integrated-mobile-pelletizing-unit\\\/#respond\"]}]},{\"@type\":\"WebPage\",\"@id\":\"https:\\\/\\\/proxipel.ch\\\/en\\\/inauguration-of-the-first-fully-integrated-mobile-pelletizing-unit\\\/\",\"url\":\"https:\\\/\\\/proxipel.ch\\\/en\\\/inauguration-of-the-first-fully-integrated-mobile-pelletizing-unit\\\/\",\"name\":\"Inauguration of the first fully integrated mobile pelletizing unit - Proxipel\",\"isPartOf\":{\"@id\":\"https:\\\/\\\/proxipel.ch\\\/en\\\/#website\"},\"primaryImageOfPage\":{\"@id\":\"https:\\\/\\\/proxipel.ch\\\/en\\\/inauguration-of-the-first-fully-integrated-mobile-pelletizing-unit\\\/#primaryimage\"},\"image\":{\"@id\":\"https:\\\/\\\/proxipel.ch\\\/en\\\/inauguration-of-the-first-fully-integrated-mobile-pelletizing-unit\\\/#primaryimage\"},\"thumbnailUrl\":\"https:\\\/\\\/proxipel.ch\\\/wp-content\\\/uploads\\\/2026\\\/07\\\/Capture-decran-2026-07-15-160616.webp\",\"datePublished\":\"2026-07-17T14:17:55+00:00\",\"breadcrumb\":{\"@id\":\"https:\\\/\\\/proxipel.ch\\\/en\\\/inauguration-of-the-first-fully-integrated-mobile-pelletizing-unit\\\/#breadcrumb\"},\"inLanguage\":\"en-US\",\"potentialAction\":[{\"@type\":\"ReadAction\",\"target\":[\"https:\\\/\\\/proxipel.ch\\\/en\\\/inauguration-of-the-first-fully-integrated-mobile-pelletizing-unit\\\/\"]}]},{\"@type\":\"ImageObject\",\"inLanguage\":\"en-US\",\"@id\":\"https:\\\/\\\/proxipel.ch\\\/en\\\/inauguration-of-the-first-fully-integrated-mobile-pelletizing-unit\\\/#primaryimage\",\"url\":\"https:\\\/\\\/proxipel.ch\\\/wp-content\\\/uploads\\\/2026\\\/07\\\/Capture-decran-2026-07-15-160616.webp\",\"contentUrl\":\"https:\\\/\\\/proxipel.ch\\\/wp-content\\\/uploads\\\/2026\\\/07\\\/Capture-decran-2026-07-15-160616.webp\"},{\"@type\":\"BreadcrumbList\",\"@id\":\"https:\\\/\\\/proxipel.ch\\\/en\\\/inauguration-of-the-first-fully-integrated-mobile-pelletizing-unit\\\/#breadcrumb\",\"itemListElement\":[{\"@type\":\"ListItem\",\"position\":1,\"name\":\"Accueil\",\"item\":\"https:\\\/\\\/proxipel.ch\\\/en\\\/\"},{\"@type\":\"ListItem\",\"position\":2,\"name\":\"Inauguration of the first fully integrated mobile pelletizing unit\"}]},{\"@type\":\"WebSite\",\"@id\":\"https:\\\/\\\/proxipel.ch\\\/en\\\/#website\",\"url\":\"https:\\\/\\\/proxipel.ch\\\/en\\\/\",\"name\":\"Proxipel\",\"description\":\"La premi\u00e8re unit\u00e9 mobile de pelletisation int\u00e9grale\",\"publisher\":{\"@id\":\"https:\\\/\\\/proxipel.ch\\\/en\\\/#organization\"},\"potentialAction\":[{\"@type\":\"SearchAction\",\"target\":{\"@type\":\"EntryPoint\",\"urlTemplate\":\"https:\\\/\\\/proxipel.ch\\\/en\\\/?s={search_term_string}\"},\"query-input\":{\"@type\":\"PropertyValueSpecification\",\"valueRequired\":true,\"valueName\":\"search_term_string\"}}],\"inLanguage\":\"en-US\"},{\"@type\":\"Organization\",\"@id\":\"https:\\\/\\\/proxipel.ch\\\/en\\\/#organization\",\"name\":\"Proxipel\",\"url\":\"https:\\\/\\\/proxipel.ch\\\/en\\\/\",\"logo\":{\"@type\":\"ImageObject\",\"inLanguage\":\"en-US\",\"@id\":\"https:\\\/\\\/proxipel.ch\\\/en\\\/#\\\/schema\\\/logo\\\/image\\\/\",\"url\":\"https:\\\/\\\/proxipel.ch\\\/wp-content\\\/uploads\\\/2024\\\/04\\\/proxipel.svg\",\"contentUrl\":\"https:\\\/\\\/proxipel.ch\\\/wp-content\\\/uploads\\\/2024\\\/04\\\/proxipel.svg\",\"width\":\"1024\",\"height\":\"1024\",\"caption\":\"Proxipel\"},\"image\":{\"@id\":\"https:\\\/\\\/proxipel.ch\\\/en\\\/#\\\/schema\\\/logo\\\/image\\\/\"}},{\"@type\":\"Person\",\"@id\":\"https:\\\/\\\/proxipel.ch\\\/en\\\/#\\\/schema\\\/person\\\/14b4c44ffd52db22ee770bc4b0ce909a\",\"name\":\"Bertrand Bordenave\",\"image\":{\"@type\":\"ImageObject\",\"inLanguage\":\"en-US\",\"@id\":\"https:\\\/\\\/secure.gravatar.com\\\/avatar\\\/e17b5e0af21b580beae0180a27aa4d7661a659aea637f7c5133d8954df6b313b?s=96&d=mm&r=g\",\"url\":\"https:\\\/\\\/secure.gravatar.com\\\/avatar\\\/e17b5e0af21b580beae0180a27aa4d7661a659aea637f7c5133d8954df6b313b?s=96&d=mm&r=g\",\"contentUrl\":\"https:\\\/\\\/secure.gravatar.com\\\/avatar\\\/e17b5e0af21b580beae0180a27aa4d7661a659aea637f7c5133d8954df6b313b?s=96&d=mm&r=g\",\"caption\":\"Bertrand Bordenave\"},\"url\":\"https:\\\/\\\/proxipel.ch\\\/en\\\/author\\\/b-bordenaveproxipel-com\\\/\"}]}<\/script>\n<!-- \/ Yoast SEO plugin. -->","yoast_head_json":{"title":"Inauguration of the first fully integrated mobile pelletizing unit - Proxipel","robots":{"index":"index","follow":"follow","max-snippet":"max-snippet:-1","max-image-preview":"max-image-preview:large","max-video-preview":"max-video-preview:-1"},"canonical":"https:\/\/proxipel.ch\/en\/inauguration-of-the-first-fully-integrated-mobile-pelletizing-unit\/","og_locale":"en_US","og_type":"article","og_title":"Inauguration of the first fully integrated mobile pelletizing unit - Proxipel","og_description":"PRESS ARTICLES To view the articles, click on their titles La C\u00f4te, June 22, 2026, Gimel: Proxipel unveiled its mobile pellet production plant, \u201ca world first\u201d The Coast, The Morning Show on June 22, 2026, My Beautiful Truck, King of the Forests\u2026 born in the vineyards. PME, June 18, 2026, World Premiere: A Mobile Pellet [&hellip;]","og_url":"https:\/\/proxipel.ch\/en\/inauguration-of-the-first-fully-integrated-mobile-pelletizing-unit\/","og_site_name":"Proxipel","article_published_time":"2026-07-17T14:17:55+00:00","og_image":[{"width":1546,"height":1017,"url":"https:\/\/proxipel.ch\/wp-content\/uploads\/2026\/07\/Capture-decran-2026-07-15-160616.webp","type":"image\/webp"}],"author":"Bertrand Bordenave","twitter_card":"summary_large_image","twitter_misc":{"Written by":"Bertrand Bordenave"},"schema":{"@context":"https:\/\/schema.org","@graph":[{"@type":"Article","@id":"https:\/\/proxipel.ch\/en\/inauguration-of-the-first-fully-integrated-mobile-pelletizing-unit\/#article","isPartOf":{"@id":"https:\/\/proxipel.ch\/en\/inauguration-of-the-first-fully-integrated-mobile-pelletizing-unit\/"},"author":{"name":"Bertrand Bordenave","@id":"https:\/\/proxipel.ch\/en\/#\/schema\/person\/14b4c44ffd52db22ee770bc4b0ce909a"},"headline":"Inauguration of the first fully integrated mobile pelletizing unit","datePublished":"2026-07-17T14:17:55+00:00","mainEntityOfPage":{"@id":"https:\/\/proxipel.ch\/en\/inauguration-of-the-first-fully-integrated-mobile-pelletizing-unit\/"},"wordCount":97,"commentCount":0,"publisher":{"@id":"https:\/\/proxipel.ch\/en\/#organization"},"image":{"@id":"https:\/\/proxipel.ch\/en\/inauguration-of-the-first-fully-integrated-mobile-pelletizing-unit\/#primaryimage"},"thumbnailUrl":"https:\/\/proxipel.ch\/wp-content\/uploads\/2026\/07\/Capture-decran-2026-07-15-160616.webp","articleSection":["Press"],"inLanguage":"en-US","potentialAction":[{"@type":"CommentAction","name":"Comment","target":["https:\/\/proxipel.ch\/en\/inauguration-of-the-first-fully-integrated-mobile-pelletizing-unit\/#respond"]}]},{"@type":"WebPage","@id":"https:\/\/proxipel.ch\/en\/inauguration-of-the-first-fully-integrated-mobile-pelletizing-unit\/","url":"https:\/\/proxipel.ch\/en\/inauguration-of-the-first-fully-integrated-mobile-pelletizing-unit\/","name":"Inauguration of the first fully integrated mobile pelletizing unit - Proxipel","isPartOf":{"@id":"https:\/\/proxipel.ch\/en\/#website"},"primaryImageOfPage":{"@id":"https:\/\/proxipel.ch\/en\/inauguration-of-the-first-fully-integrated-mobile-pelletizing-unit\/#primaryimage"},"image":{"@id":"https:\/\/proxipel.ch\/en\/inauguration-of-the-first-fully-integrated-mobile-pelletizing-unit\/#primaryimage"},"thumbnailUrl":"https:\/\/proxipel.ch\/wp-content\/uploads\/2026\/07\/Capture-decran-2026-07-15-160616.webp","datePublished":"2026-07-17T14:17:55+00:00","breadcrumb":{"@id":"https:\/\/proxipel.ch\/en\/inauguration-of-the-first-fully-integrated-mobile-pelletizing-unit\/#breadcrumb"},"inLanguage":"en-US","potentialAction":[{"@type":"ReadAction","target":["https:\/\/proxipel.ch\/en\/inauguration-of-the-first-fully-integrated-mobile-pelletizing-unit\/"]}]},{"@type":"ImageObject","inLanguage":"en-US","@id":"https:\/\/proxipel.ch\/en\/inauguration-of-the-first-fully-integrated-mobile-pelletizing-unit\/#primaryimage","url":"https:\/\/proxipel.ch\/wp-content\/uploads\/2026\/07\/Capture-decran-2026-07-15-160616.webp","contentUrl":"https:\/\/proxipel.ch\/wp-content\/uploads\/2026\/07\/Capture-decran-2026-07-15-160616.webp"},{"@type":"BreadcrumbList","@id":"https:\/\/proxipel.ch\/en\/inauguration-of-the-first-fully-integrated-mobile-pelletizing-unit\/#breadcrumb","itemListElement":[{"@type":"ListItem","position":1,"name":"Accueil","item":"https:\/\/proxipel.ch\/en\/"},{"@type":"ListItem","position":2,"name":"Inauguration of the first fully integrated mobile pelletizing unit"}]},{"@type":"WebSite","@id":"https:\/\/proxipel.ch\/en\/#website","url":"https:\/\/proxipel.ch\/en\/","name":"Proxipel","description":"La premi\u00e8re unit\u00e9 mobile de pelletisation int\u00e9grale","publisher":{"@id":"https:\/\/proxipel.ch\/en\/#organization"},"potentialAction":[{"@type":"SearchAction","target":{"@type":"EntryPoint","urlTemplate":"https:\/\/proxipel.ch\/en\/?s={search_term_string}"},"query-input":{"@type":"PropertyValueSpecification","valueRequired":true,"valueName":"search_term_string"}}],"inLanguage":"en-US"},{"@type":"Organization","@id":"https:\/\/proxipel.ch\/en\/#organization","name":"Proxipel","url":"https:\/\/proxipel.ch\/en\/","logo":{"@type":"ImageObject","inLanguage":"en-US","@id":"https:\/\/proxipel.ch\/en\/#\/schema\/logo\/image\/","url":"https:\/\/proxipel.ch\/wp-content\/uploads\/2024\/04\/proxipel.svg","contentUrl":"https:\/\/proxipel.ch\/wp-content\/uploads\/2024\/04\/proxipel.svg","width":"1024","height":"1024","caption":"Proxipel"},"image":{"@id":"https:\/\/proxipel.ch\/en\/#\/schema\/logo\/image\/"}},{"@type":"Person","@id":"https:\/\/proxipel.ch\/en\/#\/schema\/person\/14b4c44ffd52db22ee770bc4b0ce909a","name":"Bertrand Bordenave","image":{"@type":"ImageObject","inLanguage":"en-US","@id":"https:\/\/secure.gravatar.com\/avatar\/e17b5e0af21b580beae0180a27aa4d7661a659aea637f7c5133d8954df6b313b?s=96&d=mm&r=g","url":"https:\/\/secure.gravatar.com\/avatar\/e17b5e0af21b580beae0180a27aa4d7661a659aea637f7c5133d8954df6b313b?s=96&d=mm&r=g","contentUrl":"https:\/\/secure.gravatar.com\/avatar\/e17b5e0af21b580beae0180a27aa4d7661a659aea637f7c5133d8954df6b313b?s=96&d=mm&r=g","caption":"Bertrand Bordenave"},"url":"https:\/\/proxipel.ch\/en\/author\/b-bordenaveproxipel-com\/"}]}},"_links":{"self":[{"href":"https:\/\/proxipel.ch\/en\/wp-json\/wp\/v2\/posts\/3472","targetHints":{"allow":["GET"]}}],"collection":[{"href":"https:\/\/proxipel.ch\/en\/wp-json\/wp\/v2\/posts"}],"about":[{"href":"https:\/\/proxipel.ch\/en\/wp-json\/wp\/v2\/types\/post"}],"author":[{"embeddable":true,"href":"https:\/\/proxipel.ch\/en\/wp-json\/wp\/v2\/users\/6"}],"replies":[{"embeddable":true,"href":"https:\/\/proxipel.ch\/en\/wp-json\/wp\/v2\/comments?post=3472"}],"version-history":[{"count":2,"href":"https:\/\/proxipel.ch\/en\/wp-json\/wp\/v2\/posts\/3472\/revisions"}],"predecessor-version":[{"id":4169,"href":"https:\/\/proxipel.ch\/en\/wp-json\/wp\/v2\/posts\/3472\/revisions\/4169"}],"wp:attachment":[{"href":"https:\/\/proxipel.ch\/en\/wp-json\/wp\/v2\/media?parent=3472"}],"wp:term":[{"taxonomy":"category","embeddable":true,"href":"https:\/\/proxipel.ch\/en\/wp-json\/wp\/v2\/categories?post=3472"},{"taxonomy":"post_tag","embeddable":true,"href":"https:\/\/proxipel.ch\/en\/wp-json\/wp\/v2\/tags?post=3472"}],"curies":[{"name":"wp","href":"https:\/\/api.w.org\/{rel}","templated":true}]}}