{"id":4126,"date":"2026-06-24T11:06:08","date_gmt":"2026-06-24T09:06:08","guid":{"rendered":"https:\/\/proxipel.ch\/einweihung-der-weltweit-ersten-mobilen-pelletproduktionsanlage\/"},"modified":"2026-06-24T11:06:08","modified_gmt":"2026-06-24T09:06:08","slug":"einweihung-der-weltweit-ersten-mobilen-pelletproduktionsanlage","status":"publish","type":"post","link":"https:\/\/proxipel.ch\/de\/einweihung-der-weltweit-ersten-mobilen-pelletproduktionsanlage\/","title":{"rendered":"Einweihung der weltweit ersten mobilen Pelletproduktionsanlage"},"content":{"rendered":"<h2 style=\"text-align: center;\"><strong>Weltpremiere!<\/strong><\/h2>\n<h2 style=\"text-align: center;\"><strong>Proxipel weiht in Gimel die erste vollst\u00e4ndig mobile Pelletproduktionsanlage ein und leitet damit die industrielle Entwicklung des Unternehmens ein.<\/strong><\/h2>\n<p><img decoding=\"async\" class=\"aligncenter wp-image-2811\" src=\"https:\/\/proxipel.ch\/wp-content\/uploads\/2026\/06\/image-logo-Prox-Leman.png\" alt=\"\" width=\"2560\" height=\"1233\" srcset=\"https:\/\/proxipel.ch\/wp-content\/uploads\/2026\/06\/image-logo-Prox-Leman.png 438w, https:\/\/proxipel.ch\/wp-content\/uploads\/2026\/06\/image-logo-Prox-Leman-300x145.png 300w\" sizes=\"(max-width: 2560px) 100vw, 2560px\" \/><\/p>\n<p><strong>Pr\u00e9verenges, den 18. Juni 2026<\/strong><\/p>\n<p><strong>Proxipel<\/strong> hat heute in Gimel (VD) die erste Proxiflex-Anlage eingeweiht, die bei seinem Kunden <strong>L\u00e9manpellet<\/strong> in Betrieb genommen wurde. Diese in der Schweiz entwickelte innovative Technologie erm\u00f6glicht die<a href=\"https:\/\/proxipel.ch\/de\/technologie\/\"> Herstellung von Pellets<\/a> direkt in unmittelbarer N\u00e4he der Waldressourcen und der Verbrauchsorte und ebnet damit den Weg f\u00fcr eine neue Generation kurzer Energiekreisl\u00e4ufe. <\/p>\n<p>Die Veranstaltung fand am Produktionsstandort von <strong>L\u00e9manpellet<\/strong> statt und versammelte fast 100 Teilnehmer aus den Bereichen Wirtschaft, Forstwirtschaft, Energiewirtschaft sowie aus institutionellen und politischen Kreisen. Zu den anwesenden Pers\u00f6nlichkeiten z\u00e4hlten insbesondere <strong>Herr Vassilis Venizelos<\/strong>, Staatsrat des Kantons Waadt, <strong>Herr Rapha\u00ebl Conz<\/strong>, Leiter des Amtes f\u00fcr Wirtschafts- und Innovationsf\u00f6rderung des Kantons Waadt, <strong>Herr Daniel Z\u00fcrcher<\/strong>, Leiter der Sektion Innovation beim BAFU, <strong>sowie Frau Katrin Vetsch<\/strong>, Pr\u00e4sidentin von Holzenergie Schweiz. <\/p>\n<h2><strong>Eine Innovation im Dienste der Energiewende<\/strong><\/h2>\n<p><strong>Proxipel<\/strong> entwickelt <a href=\"https:\/\/proxipel.ch\/de\/mobile-pelletieranlage-proxipel-proxiflex-im-video\/\">L\u00f6sungen, mit denen forstwirtschaftliche Nebenprodukte<\/a>, Holzreststoffe und landwirtschaftliche Reststoffe vor Ort in erneuerbare Energie umgewandelt werden k\u00f6nnen. Die Proxiflex-Technologie des Unternehmens stellt eine einzigartige Innovation im Bereich der mobilen Pelletierung dar. Da sie direkt an den Produktionsstandorten f\u00fcr Biomasse installiert wird, reduziert sie Transportwege, nutzt bisher kaum genutzte Ressourcen und st\u00e4rkt die Energieautarkie der Regionen.  <\/p>\n<p>Als Teil <strong>des L\u00e9manpellet-Projek<\/strong>ts belegt diese erste Anlage die industrielle Machbarkeit eines Modells, das auf der Kreislaufwirtschaft, der Nutzung lokaler Ressourcen und der Verringerung des CO\u2082-Fu\u00dfabdrucks basiert.<\/p>\n<div id=\"attachment_2798\" style=\"width: 2570px\" class=\"wp-caption alignnone\"><img decoding=\"async\" aria-describedby=\"caption-attachment-2798\" class=\"wp-image-2798 size-full\" src=\"https:\/\/proxipel.ch\/wp-content\/uploads\/2026\/06\/unite-proxiflex-cote-droit-scaled.webp\" alt=\"\" width=\"2560\" height=\"1440\" srcset=\"https:\/\/proxipel.ch\/wp-content\/uploads\/2026\/06\/unite-proxiflex-cote-droit-scaled.webp 2560w, https:\/\/proxipel.ch\/wp-content\/uploads\/2026\/06\/unite-proxiflex-cote-droit-1280x720.webp 1280w, https:\/\/proxipel.ch\/wp-content\/uploads\/2026\/06\/unite-proxiflex-cote-droit-980x551.webp 980w, https:\/\/proxipel.ch\/wp-content\/uploads\/2026\/06\/unite-proxiflex-cote-droit-480x270.webp 480w\" sizes=\"(min-width: 0px) and (max-width: 480px) 480px, (min-width: 481px) and (max-width: 980px) 980px, (min-width: 981px) and (max-width: 1280px) 1280px, (min-width: 1281px) 2560px, 100vw\" \/><p id=\"caption-attachment-2798\" class=\"wp-caption-text\"><em>Ansicht der mobilen Proxipel-Einheit von der rechten Seite<\/em><\/p><\/div>\n<h2><strong>Eine konkrete Antwort auf die Herausforderungen im Energie- und Umweltbereich<\/strong><\/h2>\n<p>Vor dem Hintergrund der Notwendigkeit, die<sub>CO\u2082-Emissionen<\/sub> zu senken und die Energiesouver\u00e4nit\u00e4t zu st\u00e4rken, <strong>bietet Proxipel <\/strong>eine konkrete L\u00f6sung f\u00fcr Kommunen, <a href=\"https:\/\/proxipel.ch\/de\/nutzen-sie-ihr-holzvorkommen-optimal-die-loesung-von-proxipel-zur-herstellung-lokaler-pellets\/\">Waldbesitzer<\/a> und Akteure der Holzindustrie <strong>an <\/strong>.<\/p>\n<p>Die Technologie erm\u00f6glicht insbesondere Folgendes:<\/p>\n<ul>\n<li>die Transportwege f\u00fcr Biomasse zu verk\u00fcrzen<\/li>\n<li>die durch die Logistik verursachten Emissionen zu begrenzen<\/li>\n<li>die Verwertung bisher kaum genutzter Nebenprodukte aus der Forst- und Landwirtschaft f\u00f6rdern<\/li>\n<li>einen Beitrag zur Entwicklung lokaler erneuerbarer Energien leisten<\/li>\n<li>die Autonomie der Regionen st\u00e4rken<\/li>\n<\/ul>\n<p>Dieser Ansatz steht voll und ganz im Einklang mit den Zielen der Dekarbonisierung und der Energiewende, die von den \u00f6ffentlichen K\u00f6rperschaften und den Wirtschaftsakteuren verfolgt werden.<\/p>\n<h2><strong>Ein wichtiger Meilenstein f\u00fcr die Entwicklung von Proxipel<\/strong><\/h2>\n<p>Die Einweihung dieser ersten Anlage stellt einen wichtigen Meilenstein f\u00fcr <strong>Proxipel<\/strong> dar. Mit der Inbetriebnahme von Proxiflex bei<strong> L\u00e9manpellet<\/strong> best\u00e4tigt das Unternehmen sein Gesch\u00e4fts- und Industriemodell und leitet nun die Phase der industriellen Serienfertigung ein. <\/p>\n<p>Zwei weitere Maschinen wurden bereits bestellt und sollen im Jahr 2026 gebaut werden. Das Unternehmen rechnet f\u00fcr das Jahr 2026 mit dem Verkauf von sechs Maschinen und f\u00fcr das Jahr 2027 mit dem Verkauf von f\u00fcnfzehn Maschinen, wobei der Schwerpunkt auf den M\u00e4rkten in der Schweiz und in Frankreich liegt. Ab 2028 plant <strong>Proxipel<\/strong> eine schrittweise internationale Expansion nach Europa, Nordamerika und S\u00fcdamerika.  <\/p>\n<h2><strong>Ein \u00d6kosystem, das sich f\u00fcr eine gemeinsame Vision einsetzt<\/strong><\/h2>\n<p>Die Veranstaltung bot den Teilnehmern die Gelegenheit, die Proxiflex-Anlage im Betrieb zu besichtigen und sich \u00fcber die Herausforderungen im Zusammenhang mit der lokalen Verwertung von Biomasse auszutauschen.<\/p>\n<p>Kunden, Lieferanten, Industriepartner, Investoren, Vertreter \u00f6ffentlicher Beh\u00f6rden und Akteure der Holzindustrie waren zahlreich erschienen, um diese Initiative zu unterst\u00fctzen. <strong>Proxipel<\/strong> dankt allen Teilnehmern sowie den anwesenden kantonalen und kommunalen Beh\u00f6rden f\u00fcr ihr Interesse und ihre Unterst\u00fctzung.<\/p>\n<div id=\"attachment_2802\" style=\"width: 2570px\" class=\"wp-caption alignnone\"><img decoding=\"async\" aria-describedby=\"caption-attachment-2802\" class=\"wp-image-2802 size-full\" src=\"https:\/\/proxipel.ch\/wp-content\/uploads\/2026\/06\/participants-inauguration-Proxiflex-scaled.webp\" alt=\"\" width=\"2560\" height=\"1440\" srcset=\"https:\/\/proxipel.ch\/wp-content\/uploads\/2026\/06\/participants-inauguration-Proxiflex-scaled.webp 2560w, https:\/\/proxipel.ch\/wp-content\/uploads\/2026\/06\/participants-inauguration-Proxiflex-1280x720.webp 1280w, https:\/\/proxipel.ch\/wp-content\/uploads\/2026\/06\/participants-inauguration-Proxiflex-980x551.webp 980w, https:\/\/proxipel.ch\/wp-content\/uploads\/2026\/06\/participants-inauguration-Proxiflex-480x270.webp 480w\" sizes=\"(min-width: 0px) and (max-width: 480px) 480px, (min-width: 481px) and (max-width: 980px) 980px, (min-width: 981px) and (max-width: 1280px) 1280px, (min-width: 1281px) 2560px, 100vw\" \/><p id=\"caption-attachment-2802\" class=\"wp-caption-text\"><em>Ein Teil der Teilnehmer, die sich um die mobile Anlage \u201eProxiflex\u201c von L\u00e9manpellet versammelt haben.<\/em><\/p><\/div>\n<blockquote><p><em>\u201eProxipel zeigt, dass die Energiewende kein blo\u00dfes Ziel mehr ist: Sie ist dank Innovationen, die unsere Energieautarkie st\u00e4rken und die Ressourcen unserer Regionen aufwerten, bereits in vollem Gange.\u201c<\/em> <strong>Herr Vassilis Venizelos<\/strong>, Staatsrat des Kantons Waadt.<\/p>\n<p><em>\u201eProxipel verk\u00f6rpert das Potenzial der Waadtl\u00e4nder Innovation: lokale Ressourcen in nachhaltigen wirtschaftlichen Wert zum Wohle der Regionen umzuwandeln.\u201c<\/em><strong> Herr Rapha\u00ebl Conz,<\/strong> Leiter des Amtes f\u00fcr Wirtschafts- und Innovationsf\u00f6rderung des Kantons Waadt.<\/p><\/blockquote>\n<div id=\"attachment_2806\" style=\"width: 2570px\" class=\"wp-caption alignnone\"><img decoding=\"async\" aria-describedby=\"caption-attachment-2806\" class=\"wp-image-2806 size-full\" src=\"https:\/\/proxipel.ch\/wp-content\/uploads\/2026\/06\/orateurs-inauguration-Proxiflex-scaled.webp\" alt=\"\" width=\"2560\" height=\"1440\" srcset=\"https:\/\/proxipel.ch\/wp-content\/uploads\/2026\/06\/orateurs-inauguration-Proxiflex-scaled.webp 2560w, https:\/\/proxipel.ch\/wp-content\/uploads\/2026\/06\/orateurs-inauguration-Proxiflex-1280x720.webp 1280w, https:\/\/proxipel.ch\/wp-content\/uploads\/2026\/06\/orateurs-inauguration-Proxiflex-980x551.webp 980w, https:\/\/proxipel.ch\/wp-content\/uploads\/2026\/06\/orateurs-inauguration-Proxiflex-480x270.webp 480w\" sizes=\"(min-width: 0px) and (max-width: 480px) 480px, (min-width: 481px) and (max-width: 980px) 980px, (min-width: 981px) and (max-width: 1280px) 1280px, (min-width: 1281px) 2560px, 100vw\" \/><p id=\"caption-attachment-2806\" class=\"wp-caption-text\">Die Referenten dieser Veranstaltung: Rapha\u00ebl Conz, Leiter des SPEI; Daniel Z\u00fcrcher vom BAFU; Katrin Vetsch, Pr\u00e4sidentin von Holzenergie Suisse; Richard Pfister, CEO von Proxipel; Herr Staatsrat Vassili Venizelos; Emmanuel Guex, Pr\u00e4sident von Proxipel, sowie Laurent Balsiger, Pr\u00e4sident von L\u00e9manpellet und Direktor der SEFA.<\/p><\/div>\n<blockquote><p><em>\u201eDiese Innovation veranschaulicht perfekt das Potenzial einer lokalen, kreislauforientierten und effizienten Nutzung der Ressource Holz. Sie stellt einen konkreten Hebel dar, um die Energieautarkie der Regionen zu st\u00e4rken und gleichzeitig einen Beitrag zum Kampf gegen den Klimawandel zu leisten.\u201c<\/em> <strong>Frau Katrin Vetsch<\/strong>, Pr\u00e4sidentin von Holzenergie Suisse.<\/p><\/blockquote>\n<h2><strong>\u00dcber Proxipel<\/strong><\/h2>\n<p><strong>Das<\/strong> in der Schweiz ans\u00e4ssige <strong>Unternehmen Proxipel<\/strong> entwickelt innovative L\u00f6sungen f\u00fcr die lokale Pelletproduktion, die darauf abzielen, forstwirtschaftliche Ressourcen und Holznebenprodukte nachhaltig zu verwerten. Seine Mission besteht darin, die Energieerzeugung n\u00e4her an die Ressourcen heranzuf\u00fchren, um Transportwege zu verk\u00fcrzen, kurze Lieferketten zu st\u00e4rken und zu einer widerstandsf\u00e4higeren Energiewende beizutragen. <\/p>\n<p>\u00dcber den Bereich der Holzenergie hinaus bietet die Proxiflex-Technologie ein breiteres Anwendungspotenzial. Dank ihrer Flexibilit\u00e4t kann sie verschiedene Rohstoffe landwirtschaftlichen, forstwirtschaftlichen oder organischen Ursprungs zu Pellets verarbeiten, die sowohl zur Energieerzeugung als auch zur Herstellung von D\u00fcngemitteln, Tierfutter, Einstreu und anderen Produkten mit Mehrwert bestimmt sind. <\/p>\n<h2><strong>\u00dcber Lemanpellet<\/strong><\/h2>\n<p>AGFORS (Vereinigung des Forstverbands der Serine) wurde 2023 von der SEFA gegr\u00fcndet; <strong>dem<\/strong> Forstverband der Saubrette und Proxipel <strong>gegr\u00fcndet<\/strong>, hat sich zum Ziel gesetzt, Pellets aus lokaler Biomasse nach einem Modell zu produzieren und zu vermarkten, das auf kurzen Lieferketten und der Kreislaufwirtschaft basiert. Das Unternehmen tr\u00e4gt zur Entwicklung einer regionalen Holzenergiebranche bei, die Mehrwert f\u00fcr die W\u00e4lder, die Gemeinden und die lokale Wirtschaft schafft und gleichzeitig die Energieautarkie st\u00e4rkt. <\/p>\n<h2><strong>Pressekontakte<\/strong><\/h2>\n<p><strong>Proxipel SA<\/strong><br \/>\nRichard Pfister<br \/>\nCEO<br \/>\nTel. +41(0)79 333 24 86<br \/>\nZI Le Tr\u00e9si 2, CH - 1028 Pr\u00e9verenges<br \/>\n<a href=\"mailto:r.pfister@proxipel.com\">r.pfister@proxipel.com<\/a><\/p>\n<p><strong>L\u00e9manpellet SA<\/strong><br \/>\nLaurent Balsiger<br \/>\nPr\u00e4sident<br \/>\nTel. +41(0)21 821 5202<br \/>\n<a href=\"mailto:contact@lemanpellet.ch\">contact@lemanpellet.ch<\/a><br \/>\nChemin Lucien Chevallaz 5, CH - 1170 Aubonne<\/p>\n<h2><strong>Kennzahlen von Proxipel<\/strong><\/h2>\n<ul>\n<li>Erste Proxiflex-Anlage wird 2026 eingeweiht<\/li>\n<li>Fast 100 Teilnehmer an der Veranstaltung<\/li>\n<li>2 weitere Einheiten wurden bereits bestellt<\/li>\n<li>Ziel f\u00fcr 2026: 6 verkaufte Einheiten<\/li>\n<li>Ziel f\u00fcr 2027: 15 verkaufte Einheiten<\/li>\n<li>Die internationale Einf\u00fchrung ist ab 2028 geplant<\/li>\n<\/ul>\n","protected":false},"excerpt":{"rendered":"<p>Weltpremiere! Proxipel weiht in Gimel die erste vollst\u00e4ndig mobile Pelletproduktionsanlage ein und leitet damit die industrielle Entwicklung des Unternehmens ein. Pr\u00e9verenges, den 18. Juni 2026 Proxipel hat heute in Gimel (VD) die erste Proxiflex-Anlage eingeweiht, die bei seinem Kunden L\u00e9manpellet in Betrieb genommen wurde. Diese in der Schweiz entwickelte innovative Technologie erm\u00f6glicht die Herstellung von [&hellip;]<\/p>\n","protected":false},"author":6,"featured_media":2813,"comment_status":"open","ping_status":"open","sticky":false,"template":"","format":"standard","meta":{"_et_pb_use_builder":"","_et_pb_old_content":"","_et_gb_content_width":"","inline_featured_image":false,"footnotes":""},"categories":[52],"tags":[],"class_list":["post-4126","post","type-post","status-publish","format-standard","has-post-thumbnail","hentry","category-presse"],"yoast_head":"<!-- This site is optimized with the Yoast SEO plugin v28.3 - https:\/\/yoast.com\/product\/yoast-seo-wordpress\/ -->\n<title>Einweihung der weltweit ersten mobilen Pelletproduktionsanlage - Proxipel<\/title>\n<meta name=\"description\" content=\"Proxipel entwickelt L\u00f6sungen, mit denen forstwirtschaftliche Nebenprodukte vor Ort zu Pellets verarbeitet werden k\u00f6nnen\" \/>\n<meta name=\"robots\" content=\"index, follow, max-snippet:-1, max-image-preview:large, max-video-preview:-1\" \/>\n<link rel=\"canonical\" href=\"https:\/\/proxipel.ch\/de\/einweihung-der-weltweit-ersten-mobilen-pelletproduktionsanlage\/\" \/>\n<meta property=\"og:locale\" content=\"de_DE\" \/>\n<meta property=\"og:type\" content=\"article\" \/>\n<meta property=\"og:title\" content=\"Einweihung der weltweit ersten mobilen Pelletproduktionsanlage - Proxipel\" \/>\n<meta property=\"og:description\" content=\"Proxipel entwickelt L\u00f6sungen, mit denen forstwirtschaftliche Nebenprodukte vor Ort zu Pellets verarbeitet werden k\u00f6nnen\" \/>\n<meta property=\"og:url\" content=\"https:\/\/proxipel.ch\/de\/einweihung-der-weltweit-ersten-mobilen-pelletproduktionsanlage\/\" \/>\n<meta property=\"og:site_name\" content=\"Proxipel\" \/>\n<meta property=\"article:published_time\" content=\"2026-06-24T09:06:08+00:00\" \/>\n<meta property=\"og:image\" content=\"https:\/\/proxipel.ch\/wp-content\/uploads\/2026\/06\/image-logo-Prox-Leman.png\" \/>\n\t<meta property=\"og:image:width\" content=\"438\" \/>\n\t<meta property=\"og:image:height\" content=\"211\" \/>\n\t<meta property=\"og:image:type\" content=\"image\/png\" \/>\n<meta name=\"author\" content=\"Bertrand Bordenave\" \/>\n<meta name=\"twitter:card\" content=\"summary_large_image\" \/>\n<meta name=\"twitter:label1\" content=\"Verfasst von\" \/>\n\t<meta name=\"twitter:data1\" content=\"Bertrand Bordenave\" \/>\n\t<meta name=\"twitter:label2\" content=\"Gesch\u00e4tzte Lesezeit\" \/>\n\t<meta name=\"twitter:data2\" content=\"5\u00a0Minute\" \/>\n<script type=\"application\/ld+json\" class=\"yoast-schema-graph\">{\"@context\":\"https:\\\/\\\/schema.org\",\"@graph\":[{\"@type\":\"Article\",\"@id\":\"https:\\\/\\\/proxipel.ch\\\/de\\\/einweihung-der-weltweit-ersten-mobilen-pelletproduktionsanlage\\\/#article\",\"isPartOf\":{\"@id\":\"https:\\\/\\\/proxipel.ch\\\/de\\\/einweihung-der-weltweit-ersten-mobilen-pelletproduktionsanlage\\\/\"},\"author\":{\"name\":\"Bertrand Bordenave\",\"@id\":\"https:\\\/\\\/proxipel.ch\\\/de\\\/#\\\/schema\\\/person\\\/14b4c44ffd52db22ee770bc4b0ce909a\"},\"headline\":\"Einweihung der weltweit ersten mobilen Pelletproduktionsanlage\",\"datePublished\":\"2026-06-24T09:06:08+00:00\",\"mainEntityOfPage\":{\"@id\":\"https:\\\/\\\/proxipel.ch\\\/de\\\/einweihung-der-weltweit-ersten-mobilen-pelletproduktionsanlage\\\/\"},\"wordCount\":1036,\"commentCount\":0,\"publisher\":{\"@id\":\"https:\\\/\\\/proxipel.ch\\\/de\\\/#organization\"},\"image\":{\"@id\":\"https:\\\/\\\/proxipel.ch\\\/de\\\/einweihung-der-weltweit-ersten-mobilen-pelletproduktionsanlage\\\/#primaryimage\"},\"thumbnailUrl\":\"https:\\\/\\\/proxipel.ch\\\/wp-content\\\/uploads\\\/2026\\\/06\\\/image-logo-Prox-Leman.png\",\"articleSection\":[\"Presse\"],\"inLanguage\":\"de\",\"potentialAction\":[{\"@type\":\"CommentAction\",\"name\":\"Comment\",\"target\":[\"https:\\\/\\\/proxipel.ch\\\/de\\\/einweihung-der-weltweit-ersten-mobilen-pelletproduktionsanlage\\\/#respond\"]}]},{\"@type\":\"WebPage\",\"@id\":\"https:\\\/\\\/proxipel.ch\\\/de\\\/einweihung-der-weltweit-ersten-mobilen-pelletproduktionsanlage\\\/\",\"url\":\"https:\\\/\\\/proxipel.ch\\\/de\\\/einweihung-der-weltweit-ersten-mobilen-pelletproduktionsanlage\\\/\",\"name\":\"Einweihung der weltweit ersten mobilen Pelletproduktionsanlage - Proxipel\",\"isPartOf\":{\"@id\":\"https:\\\/\\\/proxipel.ch\\\/de\\\/#website\"},\"primaryImageOfPage\":{\"@id\":\"https:\\\/\\\/proxipel.ch\\\/de\\\/einweihung-der-weltweit-ersten-mobilen-pelletproduktionsanlage\\\/#primaryimage\"},\"image\":{\"@id\":\"https:\\\/\\\/proxipel.ch\\\/de\\\/einweihung-der-weltweit-ersten-mobilen-pelletproduktionsanlage\\\/#primaryimage\"},\"thumbnailUrl\":\"https:\\\/\\\/proxipel.ch\\\/wp-content\\\/uploads\\\/2026\\\/06\\\/image-logo-Prox-Leman.png\",\"datePublished\":\"2026-06-24T09:06:08+00:00\",\"description\":\"Proxipel entwickelt L\u00f6sungen, mit denen forstwirtschaftliche Nebenprodukte vor Ort zu Pellets verarbeitet werden k\u00f6nnen\",\"breadcrumb\":{\"@id\":\"https:\\\/\\\/proxipel.ch\\\/de\\\/einweihung-der-weltweit-ersten-mobilen-pelletproduktionsanlage\\\/#breadcrumb\"},\"inLanguage\":\"de\",\"potentialAction\":[{\"@type\":\"ReadAction\",\"target\":[\"https:\\\/\\\/proxipel.ch\\\/de\\\/einweihung-der-weltweit-ersten-mobilen-pelletproduktionsanlage\\\/\"]}]},{\"@type\":\"ImageObject\",\"inLanguage\":\"de\",\"@id\":\"https:\\\/\\\/proxipel.ch\\\/de\\\/einweihung-der-weltweit-ersten-mobilen-pelletproduktionsanlage\\\/#primaryimage\",\"url\":\"https:\\\/\\\/proxipel.ch\\\/wp-content\\\/uploads\\\/2026\\\/06\\\/image-logo-Prox-Leman.png\",\"contentUrl\":\"https:\\\/\\\/proxipel.ch\\\/wp-content\\\/uploads\\\/2026\\\/06\\\/image-logo-Prox-Leman.png\",\"width\":438,\"height\":211},{\"@type\":\"BreadcrumbList\",\"@id\":\"https:\\\/\\\/proxipel.ch\\\/de\\\/einweihung-der-weltweit-ersten-mobilen-pelletproduktionsanlage\\\/#breadcrumb\",\"itemListElement\":[{\"@type\":\"ListItem\",\"position\":1,\"name\":\"Accueil\",\"item\":\"https:\\\/\\\/proxipel.ch\\\/de\\\/\"},{\"@type\":\"ListItem\",\"position\":2,\"name\":\"Einweihung der weltweit ersten mobilen Pelletproduktionsanlage\"}]},{\"@type\":\"WebSite\",\"@id\":\"https:\\\/\\\/proxipel.ch\\\/de\\\/#website\",\"url\":\"https:\\\/\\\/proxipel.ch\\\/de\\\/\",\"name\":\"Proxipel\",\"description\":\"La premi\u00e8re unit\u00e9 mobile de pelletisation int\u00e9grale\",\"publisher\":{\"@id\":\"https:\\\/\\\/proxipel.ch\\\/de\\\/#organization\"},\"potentialAction\":[{\"@type\":\"SearchAction\",\"target\":{\"@type\":\"EntryPoint\",\"urlTemplate\":\"https:\\\/\\\/proxipel.ch\\\/de\\\/?s={search_term_string}\"},\"query-input\":{\"@type\":\"PropertyValueSpecification\",\"valueRequired\":true,\"valueName\":\"search_term_string\"}}],\"inLanguage\":\"de\"},{\"@type\":\"Organization\",\"@id\":\"https:\\\/\\\/proxipel.ch\\\/de\\\/#organization\",\"name\":\"Proxipel\",\"url\":\"https:\\\/\\\/proxipel.ch\\\/de\\\/\",\"logo\":{\"@type\":\"ImageObject\",\"inLanguage\":\"de\",\"@id\":\"https:\\\/\\\/proxipel.ch\\\/de\\\/#\\\/schema\\\/logo\\\/image\\\/\",\"url\":\"https:\\\/\\\/proxipel.ch\\\/wp-content\\\/uploads\\\/2024\\\/04\\\/proxipel.svg\",\"contentUrl\":\"https:\\\/\\\/proxipel.ch\\\/wp-content\\\/uploads\\\/2024\\\/04\\\/proxipel.svg\",\"width\":\"1024\",\"height\":\"1024\",\"caption\":\"Proxipel\"},\"image\":{\"@id\":\"https:\\\/\\\/proxipel.ch\\\/de\\\/#\\\/schema\\\/logo\\\/image\\\/\"}},{\"@type\":\"Person\",\"@id\":\"https:\\\/\\\/proxipel.ch\\\/de\\\/#\\\/schema\\\/person\\\/14b4c44ffd52db22ee770bc4b0ce909a\",\"name\":\"Bertrand Bordenave\",\"image\":{\"@type\":\"ImageObject\",\"inLanguage\":\"de\",\"@id\":\"https:\\\/\\\/secure.gravatar.com\\\/avatar\\\/e17b5e0af21b580beae0180a27aa4d7661a659aea637f7c5133d8954df6b313b?s=96&d=mm&r=g\",\"url\":\"https:\\\/\\\/secure.gravatar.com\\\/avatar\\\/e17b5e0af21b580beae0180a27aa4d7661a659aea637f7c5133d8954df6b313b?s=96&d=mm&r=g\",\"contentUrl\":\"https:\\\/\\\/secure.gravatar.com\\\/avatar\\\/e17b5e0af21b580beae0180a27aa4d7661a659aea637f7c5133d8954df6b313b?s=96&d=mm&r=g\",\"caption\":\"Bertrand Bordenave\"},\"url\":\"https:\\\/\\\/proxipel.ch\\\/de\\\/author\\\/b-bordenaveproxipel-com\\\/\"}]}<\/script>\n<!-- \/ Yoast SEO plugin. -->","yoast_head_json":{"title":"Einweihung der weltweit ersten mobilen Pelletproduktionsanlage - Proxipel","description":"Proxipel entwickelt L\u00f6sungen, mit denen forstwirtschaftliche Nebenprodukte vor Ort zu Pellets verarbeitet werden k\u00f6nnen","robots":{"index":"index","follow":"follow","max-snippet":"max-snippet:-1","max-image-preview":"max-image-preview:large","max-video-preview":"max-video-preview:-1"},"canonical":"https:\/\/proxipel.ch\/de\/einweihung-der-weltweit-ersten-mobilen-pelletproduktionsanlage\/","og_locale":"de_DE","og_type":"article","og_title":"Einweihung der weltweit ersten mobilen Pelletproduktionsanlage - Proxipel","og_description":"Proxipel entwickelt L\u00f6sungen, mit denen forstwirtschaftliche Nebenprodukte vor Ort zu Pellets verarbeitet werden k\u00f6nnen","og_url":"https:\/\/proxipel.ch\/de\/einweihung-der-weltweit-ersten-mobilen-pelletproduktionsanlage\/","og_site_name":"Proxipel","article_published_time":"2026-06-24T09:06:08+00:00","og_image":[{"width":438,"height":211,"url":"https:\/\/proxipel.ch\/wp-content\/uploads\/2026\/06\/image-logo-Prox-Leman.png","type":"image\/png"}],"author":"Bertrand Bordenave","twitter_card":"summary_large_image","twitter_misc":{"Verfasst von":"Bertrand Bordenave","Gesch\u00e4tzte Lesezeit":"5\u00a0Minute"},"schema":{"@context":"https:\/\/schema.org","@graph":[{"@type":"Article","@id":"https:\/\/proxipel.ch\/de\/einweihung-der-weltweit-ersten-mobilen-pelletproduktionsanlage\/#article","isPartOf":{"@id":"https:\/\/proxipel.ch\/de\/einweihung-der-weltweit-ersten-mobilen-pelletproduktionsanlage\/"},"author":{"name":"Bertrand Bordenave","@id":"https:\/\/proxipel.ch\/de\/#\/schema\/person\/14b4c44ffd52db22ee770bc4b0ce909a"},"headline":"Einweihung der weltweit ersten mobilen Pelletproduktionsanlage","datePublished":"2026-06-24T09:06:08+00:00","mainEntityOfPage":{"@id":"https:\/\/proxipel.ch\/de\/einweihung-der-weltweit-ersten-mobilen-pelletproduktionsanlage\/"},"wordCount":1036,"commentCount":0,"publisher":{"@id":"https:\/\/proxipel.ch\/de\/#organization"},"image":{"@id":"https:\/\/proxipel.ch\/de\/einweihung-der-weltweit-ersten-mobilen-pelletproduktionsanlage\/#primaryimage"},"thumbnailUrl":"https:\/\/proxipel.ch\/wp-content\/uploads\/2026\/06\/image-logo-Prox-Leman.png","articleSection":["Presse"],"inLanguage":"de","potentialAction":[{"@type":"CommentAction","name":"Comment","target":["https:\/\/proxipel.ch\/de\/einweihung-der-weltweit-ersten-mobilen-pelletproduktionsanlage\/#respond"]}]},{"@type":"WebPage","@id":"https:\/\/proxipel.ch\/de\/einweihung-der-weltweit-ersten-mobilen-pelletproduktionsanlage\/","url":"https:\/\/proxipel.ch\/de\/einweihung-der-weltweit-ersten-mobilen-pelletproduktionsanlage\/","name":"Einweihung der weltweit ersten mobilen Pelletproduktionsanlage - Proxipel","isPartOf":{"@id":"https:\/\/proxipel.ch\/de\/#website"},"primaryImageOfPage":{"@id":"https:\/\/proxipel.ch\/de\/einweihung-der-weltweit-ersten-mobilen-pelletproduktionsanlage\/#primaryimage"},"image":{"@id":"https:\/\/proxipel.ch\/de\/einweihung-der-weltweit-ersten-mobilen-pelletproduktionsanlage\/#primaryimage"},"thumbnailUrl":"https:\/\/proxipel.ch\/wp-content\/uploads\/2026\/06\/image-logo-Prox-Leman.png","datePublished":"2026-06-24T09:06:08+00:00","description":"Proxipel entwickelt L\u00f6sungen, mit denen forstwirtschaftliche Nebenprodukte vor Ort zu Pellets verarbeitet werden k\u00f6nnen","breadcrumb":{"@id":"https:\/\/proxipel.ch\/de\/einweihung-der-weltweit-ersten-mobilen-pelletproduktionsanlage\/#breadcrumb"},"inLanguage":"de","potentialAction":[{"@type":"ReadAction","target":["https:\/\/proxipel.ch\/de\/einweihung-der-weltweit-ersten-mobilen-pelletproduktionsanlage\/"]}]},{"@type":"ImageObject","inLanguage":"de","@id":"https:\/\/proxipel.ch\/de\/einweihung-der-weltweit-ersten-mobilen-pelletproduktionsanlage\/#primaryimage","url":"https:\/\/proxipel.ch\/wp-content\/uploads\/2026\/06\/image-logo-Prox-Leman.png","contentUrl":"https:\/\/proxipel.ch\/wp-content\/uploads\/2026\/06\/image-logo-Prox-Leman.png","width":438,"height":211},{"@type":"BreadcrumbList","@id":"https:\/\/proxipel.ch\/de\/einweihung-der-weltweit-ersten-mobilen-pelletproduktionsanlage\/#breadcrumb","itemListElement":[{"@type":"ListItem","position":1,"name":"Accueil","item":"https:\/\/proxipel.ch\/de\/"},{"@type":"ListItem","position":2,"name":"Einweihung der weltweit ersten mobilen Pelletproduktionsanlage"}]},{"@type":"WebSite","@id":"https:\/\/proxipel.ch\/de\/#website","url":"https:\/\/proxipel.ch\/de\/","name":"Proxipel","description":"La premi\u00e8re unit\u00e9 mobile de pelletisation int\u00e9grale","publisher":{"@id":"https:\/\/proxipel.ch\/de\/#organization"},"potentialAction":[{"@type":"SearchAction","target":{"@type":"EntryPoint","urlTemplate":"https:\/\/proxipel.ch\/de\/?s={search_term_string}"},"query-input":{"@type":"PropertyValueSpecification","valueRequired":true,"valueName":"search_term_string"}}],"inLanguage":"de"},{"@type":"Organization","@id":"https:\/\/proxipel.ch\/de\/#organization","name":"Proxipel","url":"https:\/\/proxipel.ch\/de\/","logo":{"@type":"ImageObject","inLanguage":"de","@id":"https:\/\/proxipel.ch\/de\/#\/schema\/logo\/image\/","url":"https:\/\/proxipel.ch\/wp-content\/uploads\/2024\/04\/proxipel.svg","contentUrl":"https:\/\/proxipel.ch\/wp-content\/uploads\/2024\/04\/proxipel.svg","width":"1024","height":"1024","caption":"Proxipel"},"image":{"@id":"https:\/\/proxipel.ch\/de\/#\/schema\/logo\/image\/"}},{"@type":"Person","@id":"https:\/\/proxipel.ch\/de\/#\/schema\/person\/14b4c44ffd52db22ee770bc4b0ce909a","name":"Bertrand Bordenave","image":{"@type":"ImageObject","inLanguage":"de","@id":"https:\/\/secure.gravatar.com\/avatar\/e17b5e0af21b580beae0180a27aa4d7661a659aea637f7c5133d8954df6b313b?s=96&d=mm&r=g","url":"https:\/\/secure.gravatar.com\/avatar\/e17b5e0af21b580beae0180a27aa4d7661a659aea637f7c5133d8954df6b313b?s=96&d=mm&r=g","contentUrl":"https:\/\/secure.gravatar.com\/avatar\/e17b5e0af21b580beae0180a27aa4d7661a659aea637f7c5133d8954df6b313b?s=96&d=mm&r=g","caption":"Bertrand Bordenave"},"url":"https:\/\/proxipel.ch\/de\/author\/b-bordenaveproxipel-com\/"}]}},"_links":{"self":[{"href":"https:\/\/proxipel.ch\/de\/wp-json\/wp\/v2\/posts\/4126","targetHints":{"allow":["GET"]}}],"collection":[{"href":"https:\/\/proxipel.ch\/de\/wp-json\/wp\/v2\/posts"}],"about":[{"href":"https:\/\/proxipel.ch\/de\/wp-json\/wp\/v2\/types\/post"}],"author":[{"embeddable":true,"href":"https:\/\/proxipel.ch\/de\/wp-json\/wp\/v2\/users\/6"}],"replies":[{"embeddable":true,"href":"https:\/\/proxipel.ch\/de\/wp-json\/wp\/v2\/comments?post=4126"}],"version-history":[{"count":0,"href":"https:\/\/proxipel.ch\/de\/wp-json\/wp\/v2\/posts\/4126\/revisions"}],"wp:featuredmedia":[{"embeddable":true,"href":"https:\/\/proxipel.ch\/de\/wp-json\/wp\/v2\/media\/2813"}],"wp:attachment":[{"href":"https:\/\/proxipel.ch\/de\/wp-json\/wp\/v2\/media?parent=4126"}],"wp:term":[{"taxonomy":"category","embeddable":true,"href":"https:\/\/proxipel.ch\/de\/wp-json\/wp\/v2\/categories?post=4126"},{"taxonomy":"post_tag","embeddable":true,"href":"https:\/\/proxipel.ch\/de\/wp-json\/wp\/v2\/tags?post=4126"}],"curies":[{"name":"wp","href":"https:\/\/api.w.org\/{rel}","templated":true}]}}