{"id":4112,"date":"2026-07-17T16:17:55","date_gmt":"2026-07-17T14:17:55","guid":{"rendered":"https:\/\/proxipel.ch\/?p=4112"},"modified":"2026-07-17T16:17:55","modified_gmt":"2026-07-17T14:17:55","slug":"einweihung-der-ersten-mobilen-und-vollintegrierten-pelletieranlage","status":"publish","type":"post","link":"https:\/\/proxipel.ch\/de\/einweihung-der-ersten-mobilen-und-vollintegrierten-pelletieranlage\/","title":{"rendered":"Einweihung der ersten mobilen und vollintegrierten Pelletieranlage"},"content":{"rendered":"<h2>PRESSEMELDUNGEN<\/h2>\n<p>Um die Artikel aufzurufen, klicken Sie bitte auf den jeweiligen Titel<\/p>\n<ul>\n<li><a href=\"https:\/\/www.lacote.ch\/vaud\/la-cote\/morges-district\/gimel\/gimel-proxipel-a-devoile-son-usine-mobile-de-production-de-pellets-une-premiere-mondiale-1503563\">La C\u00f4te, 22.06.2026, Gimel: Proxipel hat seine mobile Pelletproduktionsanlage vorgestellt \u2013 \u201eeine Weltpremiere\u201c<\/a><\/li>\n<li><a href=\"https:\/\/www.lacote.ch\/newsletter\/la_cote\/des-pellets-locaux-a-gimel-des-millesimes-a-rolle-et-une-bonne-cuvee-de-caribana-la-matinale-du-lundi-22juin-1503687\">\u201eLa C\u00f4te\u201c, \u201eLa Matinale\u201c vom 22. Juni 2026, \u201eMein sch\u00f6ner Lkw\u201c, \u201eK\u00f6nig der W\u00e4lder\u201c\u2026 geboren im Weinberg.<\/a><\/li>\n<li><a href=\"https:\/\/www.pme.ch\/actualites\/pellets-cette-innovation-vaudoise-pourrait-changer-la-filiere\/tbl1xq5\">PME, 18.06.2026, Weltpremiere: Mobile Pelletfabrik in Gimel (VD) eingeweiht<\/a><\/li>\n<li style=\"text-align: left;\"><a href=\"https:\/\/www.letemps.ch\/economie\/apres-seize-ans-de-labeur-proxipel-est-pare-pour-doper-le-marche-des-pellets\">Le Temps, 18.06.2026: Nach sechzehn Jahren harter Arbeit ist Proxipel bereit, den Pelletmarkt anzukurbeln<\/a><\/li>\n<li>24 Heures, 13.07.2026: Mit seinen Pellet-Lkw sieht Proxipel Licht am Ende des Tunnels<\/li>\n<\/ul>\n<p><img decoding=\"async\" class=\"wp-image-4127 aligncenter\" src=\"https:\/\/proxipel.ch\/wp-content\/uploads\/2026\/07\/Capture-decran-2026-07-15-160616.webp\" alt=\"Granulierung\" width=\"395\" height=\"260\"><\/p>\n","protected":false},"excerpt":{"rendered":"<p>PRESSEMELDUNGEN Um die Artikel aufzurufen, klicken Sie bitte auf den jeweiligen Titel La C\u00f4te, 22.06.2026, Gimel: Proxipel hat seine mobile Pelletproduktionsanlage vorgestellt \u2013 \u201eeine Weltpremiere\u201c \u201eLa C\u00f4te\u201c, \u201eLa Matinale\u201c vom 22. Juni 2026, \u201eMein sch\u00f6ner Lkw\u201c, \u201eK\u00f6nig der W\u00e4lder\u201c\u2026 geboren im Weinberg. PME, 18.06.2026, Weltpremiere: Mobile Pelletfabrik in Gimel (VD) eingeweiht Le Temps, 18.06.2026: Nach [&hellip;]<\/p>\n","protected":false},"author":6,"featured_media":0,"comment_status":"open","ping_status":"open","sticky":false,"template":"","format":"standard","meta":{"_et_pb_use_builder":"","_et_pb_old_content":"","_et_gb_content_width":"","inline_featured_image":false,"footnotes":""},"categories":[52],"tags":[],"class_list":["post-4112","post","type-post","status-publish","format-standard","hentry","category-presse"],"yoast_head":"<!-- This site is optimized with the Yoast SEO plugin v28.4 - https:\/\/yoast.com\/product\/yoast-seo-wordpress\/ -->\n<title>Einweihung der ersten mobilen und vollintegrierten Pelletieranlage - Proxipel<\/title>\n<meta name=\"robots\" content=\"index, follow, max-snippet:-1, max-image-preview:large, max-video-preview:-1\" \/>\n<link rel=\"canonical\" href=\"https:\/\/proxipel.ch\/de\/einweihung-der-ersten-mobilen-und-vollintegrierten-pelletieranlage\/\" \/>\n<meta property=\"og:locale\" content=\"de_DE\" \/>\n<meta property=\"og:type\" content=\"article\" \/>\n<meta property=\"og:title\" content=\"Einweihung der ersten mobilen und vollintegrierten Pelletieranlage - Proxipel\" \/>\n<meta property=\"og:description\" content=\"PRESSEMELDUNGEN Um die Artikel aufzurufen, klicken Sie bitte auf den jeweiligen Titel La C\u00f4te, 22.06.2026, Gimel: Proxipel hat seine mobile Pelletproduktionsanlage vorgestellt \u2013 \u201eeine Weltpremiere\u201c \u201eLa C\u00f4te\u201c, \u201eLa Matinale\u201c vom 22. Juni 2026, \u201eMein sch\u00f6ner Lkw\u201c, \u201eK\u00f6nig der W\u00e4lder\u201c\u2026 geboren im Weinberg. PME, 18.06.2026, Weltpremiere: Mobile Pelletfabrik in Gimel (VD) eingeweiht Le Temps, 18.06.2026: Nach [&hellip;]\" \/>\n<meta property=\"og:url\" content=\"https:\/\/proxipel.ch\/de\/einweihung-der-ersten-mobilen-und-vollintegrierten-pelletieranlage\/\" \/>\n<meta property=\"og:site_name\" content=\"Proxipel\" \/>\n<meta property=\"article:published_time\" content=\"2026-07-17T14:17:55+00:00\" \/>\n<meta property=\"og:image\" content=\"https:\/\/proxipel.ch\/wp-content\/uploads\/2026\/07\/Capture-decran-2026-07-15-160616.webp\" \/>\n\t<meta property=\"og:image:width\" content=\"1546\" \/>\n\t<meta property=\"og:image:height\" content=\"1017\" \/>\n\t<meta property=\"og:image:type\" content=\"image\/webp\" \/>\n<meta name=\"author\" content=\"Bertrand Bordenave\" \/>\n<meta name=\"twitter:card\" content=\"summary_large_image\" \/>\n<meta name=\"twitter:label1\" content=\"Verfasst von\" \/>\n\t<meta name=\"twitter:data1\" content=\"Bertrand Bordenave\" \/>\n<script type=\"application\/ld+json\" class=\"yoast-schema-graph\">{\"@context\":\"https:\\\/\\\/schema.org\",\"@graph\":[{\"@type\":\"Article\",\"@id\":\"https:\\\/\\\/proxipel.ch\\\/de\\\/einweihung-der-ersten-mobilen-und-vollintegrierten-pelletieranlage\\\/#article\",\"isPartOf\":{\"@id\":\"https:\\\/\\\/proxipel.ch\\\/de\\\/einweihung-der-ersten-mobilen-und-vollintegrierten-pelletieranlage\\\/\"},\"author\":{\"name\":\"Bertrand Bordenave\",\"@id\":\"https:\\\/\\\/proxipel.ch\\\/de\\\/#\\\/schema\\\/person\\\/14b4c44ffd52db22ee770bc4b0ce909a\"},\"headline\":\"Einweihung der ersten mobilen und vollintegrierten Pelletieranlage\",\"datePublished\":\"2026-07-17T14:17:55+00:00\",\"mainEntityOfPage\":{\"@id\":\"https:\\\/\\\/proxipel.ch\\\/de\\\/einweihung-der-ersten-mobilen-und-vollintegrierten-pelletieranlage\\\/\"},\"wordCount\":82,\"commentCount\":0,\"publisher\":{\"@id\":\"https:\\\/\\\/proxipel.ch\\\/de\\\/#organization\"},\"image\":{\"@id\":\"https:\\\/\\\/proxipel.ch\\\/de\\\/einweihung-der-ersten-mobilen-und-vollintegrierten-pelletieranlage\\\/#primaryimage\"},\"thumbnailUrl\":\"https:\\\/\\\/proxipel.ch\\\/wp-content\\\/uploads\\\/2026\\\/07\\\/Capture-decran-2026-07-15-160616.webp\",\"articleSection\":[\"Presse\"],\"inLanguage\":\"de\",\"potentialAction\":[{\"@type\":\"CommentAction\",\"name\":\"Comment\",\"target\":[\"https:\\\/\\\/proxipel.ch\\\/de\\\/einweihung-der-ersten-mobilen-und-vollintegrierten-pelletieranlage\\\/#respond\"]}]},{\"@type\":\"WebPage\",\"@id\":\"https:\\\/\\\/proxipel.ch\\\/de\\\/einweihung-der-ersten-mobilen-und-vollintegrierten-pelletieranlage\\\/\",\"url\":\"https:\\\/\\\/proxipel.ch\\\/de\\\/einweihung-der-ersten-mobilen-und-vollintegrierten-pelletieranlage\\\/\",\"name\":\"Einweihung der ersten mobilen und vollintegrierten Pelletieranlage - Proxipel\",\"isPartOf\":{\"@id\":\"https:\\\/\\\/proxipel.ch\\\/de\\\/#website\"},\"primaryImageOfPage\":{\"@id\":\"https:\\\/\\\/proxipel.ch\\\/de\\\/einweihung-der-ersten-mobilen-und-vollintegrierten-pelletieranlage\\\/#primaryimage\"},\"image\":{\"@id\":\"https:\\\/\\\/proxipel.ch\\\/de\\\/einweihung-der-ersten-mobilen-und-vollintegrierten-pelletieranlage\\\/#primaryimage\"},\"thumbnailUrl\":\"https:\\\/\\\/proxipel.ch\\\/wp-content\\\/uploads\\\/2026\\\/07\\\/Capture-decran-2026-07-15-160616.webp\",\"datePublished\":\"2026-07-17T14:17:55+00:00\",\"breadcrumb\":{\"@id\":\"https:\\\/\\\/proxipel.ch\\\/de\\\/einweihung-der-ersten-mobilen-und-vollintegrierten-pelletieranlage\\\/#breadcrumb\"},\"inLanguage\":\"de\",\"potentialAction\":[{\"@type\":\"ReadAction\",\"target\":[\"https:\\\/\\\/proxipel.ch\\\/de\\\/einweihung-der-ersten-mobilen-und-vollintegrierten-pelletieranlage\\\/\"]}]},{\"@type\":\"ImageObject\",\"inLanguage\":\"de\",\"@id\":\"https:\\\/\\\/proxipel.ch\\\/de\\\/einweihung-der-ersten-mobilen-und-vollintegrierten-pelletieranlage\\\/#primaryimage\",\"url\":\"https:\\\/\\\/proxipel.ch\\\/wp-content\\\/uploads\\\/2026\\\/07\\\/Capture-decran-2026-07-15-160616.webp\",\"contentUrl\":\"https:\\\/\\\/proxipel.ch\\\/wp-content\\\/uploads\\\/2026\\\/07\\\/Capture-decran-2026-07-15-160616.webp\"},{\"@type\":\"BreadcrumbList\",\"@id\":\"https:\\\/\\\/proxipel.ch\\\/de\\\/einweihung-der-ersten-mobilen-und-vollintegrierten-pelletieranlage\\\/#breadcrumb\",\"itemListElement\":[{\"@type\":\"ListItem\",\"position\":1,\"name\":\"Accueil\",\"item\":\"https:\\\/\\\/proxipel.ch\\\/de\\\/\"},{\"@type\":\"ListItem\",\"position\":2,\"name\":\"Einweihung der ersten mobilen und vollintegrierten Pelletieranlage\"}]},{\"@type\":\"WebSite\",\"@id\":\"https:\\\/\\\/proxipel.ch\\\/de\\\/#website\",\"url\":\"https:\\\/\\\/proxipel.ch\\\/de\\\/\",\"name\":\"Proxipel\",\"description\":\"La premi\u00e8re unit\u00e9 mobile de pelletisation int\u00e9grale\",\"publisher\":{\"@id\":\"https:\\\/\\\/proxipel.ch\\\/de\\\/#organization\"},\"potentialAction\":[{\"@type\":\"SearchAction\",\"target\":{\"@type\":\"EntryPoint\",\"urlTemplate\":\"https:\\\/\\\/proxipel.ch\\\/de\\\/?s={search_term_string}\"},\"query-input\":{\"@type\":\"PropertyValueSpecification\",\"valueRequired\":true,\"valueName\":\"search_term_string\"}}],\"inLanguage\":\"de\"},{\"@type\":\"Organization\",\"@id\":\"https:\\\/\\\/proxipel.ch\\\/de\\\/#organization\",\"name\":\"Proxipel\",\"url\":\"https:\\\/\\\/proxipel.ch\\\/de\\\/\",\"logo\":{\"@type\":\"ImageObject\",\"inLanguage\":\"de\",\"@id\":\"https:\\\/\\\/proxipel.ch\\\/de\\\/#\\\/schema\\\/logo\\\/image\\\/\",\"url\":\"https:\\\/\\\/proxipel.ch\\\/wp-content\\\/uploads\\\/2024\\\/04\\\/proxipel.svg\",\"contentUrl\":\"https:\\\/\\\/proxipel.ch\\\/wp-content\\\/uploads\\\/2024\\\/04\\\/proxipel.svg\",\"width\":\"1024\",\"height\":\"1024\",\"caption\":\"Proxipel\"},\"image\":{\"@id\":\"https:\\\/\\\/proxipel.ch\\\/de\\\/#\\\/schema\\\/logo\\\/image\\\/\"}},{\"@type\":\"Person\",\"@id\":\"https:\\\/\\\/proxipel.ch\\\/de\\\/#\\\/schema\\\/person\\\/14b4c44ffd52db22ee770bc4b0ce909a\",\"name\":\"Bertrand Bordenave\",\"image\":{\"@type\":\"ImageObject\",\"inLanguage\":\"de\",\"@id\":\"https:\\\/\\\/secure.gravatar.com\\\/avatar\\\/e17b5e0af21b580beae0180a27aa4d7661a659aea637f7c5133d8954df6b313b?s=96&d=mm&r=g\",\"url\":\"https:\\\/\\\/secure.gravatar.com\\\/avatar\\\/e17b5e0af21b580beae0180a27aa4d7661a659aea637f7c5133d8954df6b313b?s=96&d=mm&r=g\",\"contentUrl\":\"https:\\\/\\\/secure.gravatar.com\\\/avatar\\\/e17b5e0af21b580beae0180a27aa4d7661a659aea637f7c5133d8954df6b313b?s=96&d=mm&r=g\",\"caption\":\"Bertrand Bordenave\"},\"url\":\"https:\\\/\\\/proxipel.ch\\\/de\\\/author\\\/b-bordenaveproxipel-com\\\/\"}]}<\/script>\n<!-- \/ Yoast SEO plugin. -->","yoast_head_json":{"title":"Einweihung der ersten mobilen und vollintegrierten Pelletieranlage - Proxipel","robots":{"index":"index","follow":"follow","max-snippet":"max-snippet:-1","max-image-preview":"max-image-preview:large","max-video-preview":"max-video-preview:-1"},"canonical":"https:\/\/proxipel.ch\/de\/einweihung-der-ersten-mobilen-und-vollintegrierten-pelletieranlage\/","og_locale":"de_DE","og_type":"article","og_title":"Einweihung der ersten mobilen und vollintegrierten Pelletieranlage - Proxipel","og_description":"PRESSEMELDUNGEN Um die Artikel aufzurufen, klicken Sie bitte auf den jeweiligen Titel La C\u00f4te, 22.06.2026, Gimel: Proxipel hat seine mobile Pelletproduktionsanlage vorgestellt \u2013 \u201eeine Weltpremiere\u201c \u201eLa C\u00f4te\u201c, \u201eLa Matinale\u201c vom 22. Juni 2026, \u201eMein sch\u00f6ner Lkw\u201c, \u201eK\u00f6nig der W\u00e4lder\u201c\u2026 geboren im Weinberg. PME, 18.06.2026, Weltpremiere: Mobile Pelletfabrik in Gimel (VD) eingeweiht Le Temps, 18.06.2026: Nach [&hellip;]","og_url":"https:\/\/proxipel.ch\/de\/einweihung-der-ersten-mobilen-und-vollintegrierten-pelletieranlage\/","og_site_name":"Proxipel","article_published_time":"2026-07-17T14:17:55+00:00","og_image":[{"width":1546,"height":1017,"url":"https:\/\/proxipel.ch\/wp-content\/uploads\/2026\/07\/Capture-decran-2026-07-15-160616.webp","type":"image\/webp"}],"author":"Bertrand Bordenave","twitter_card":"summary_large_image","twitter_misc":{"Verfasst von":"Bertrand Bordenave"},"schema":{"@context":"https:\/\/schema.org","@graph":[{"@type":"Article","@id":"https:\/\/proxipel.ch\/de\/einweihung-der-ersten-mobilen-und-vollintegrierten-pelletieranlage\/#article","isPartOf":{"@id":"https:\/\/proxipel.ch\/de\/einweihung-der-ersten-mobilen-und-vollintegrierten-pelletieranlage\/"},"author":{"name":"Bertrand Bordenave","@id":"https:\/\/proxipel.ch\/de\/#\/schema\/person\/14b4c44ffd52db22ee770bc4b0ce909a"},"headline":"Einweihung der ersten mobilen und vollintegrierten Pelletieranlage","datePublished":"2026-07-17T14:17:55+00:00","mainEntityOfPage":{"@id":"https:\/\/proxipel.ch\/de\/einweihung-der-ersten-mobilen-und-vollintegrierten-pelletieranlage\/"},"wordCount":82,"commentCount":0,"publisher":{"@id":"https:\/\/proxipel.ch\/de\/#organization"},"image":{"@id":"https:\/\/proxipel.ch\/de\/einweihung-der-ersten-mobilen-und-vollintegrierten-pelletieranlage\/#primaryimage"},"thumbnailUrl":"https:\/\/proxipel.ch\/wp-content\/uploads\/2026\/07\/Capture-decran-2026-07-15-160616.webp","articleSection":["Presse"],"inLanguage":"de","potentialAction":[{"@type":"CommentAction","name":"Comment","target":["https:\/\/proxipel.ch\/de\/einweihung-der-ersten-mobilen-und-vollintegrierten-pelletieranlage\/#respond"]}]},{"@type":"WebPage","@id":"https:\/\/proxipel.ch\/de\/einweihung-der-ersten-mobilen-und-vollintegrierten-pelletieranlage\/","url":"https:\/\/proxipel.ch\/de\/einweihung-der-ersten-mobilen-und-vollintegrierten-pelletieranlage\/","name":"Einweihung der ersten mobilen und vollintegrierten Pelletieranlage - Proxipel","isPartOf":{"@id":"https:\/\/proxipel.ch\/de\/#website"},"primaryImageOfPage":{"@id":"https:\/\/proxipel.ch\/de\/einweihung-der-ersten-mobilen-und-vollintegrierten-pelletieranlage\/#primaryimage"},"image":{"@id":"https:\/\/proxipel.ch\/de\/einweihung-der-ersten-mobilen-und-vollintegrierten-pelletieranlage\/#primaryimage"},"thumbnailUrl":"https:\/\/proxipel.ch\/wp-content\/uploads\/2026\/07\/Capture-decran-2026-07-15-160616.webp","datePublished":"2026-07-17T14:17:55+00:00","breadcrumb":{"@id":"https:\/\/proxipel.ch\/de\/einweihung-der-ersten-mobilen-und-vollintegrierten-pelletieranlage\/#breadcrumb"},"inLanguage":"de","potentialAction":[{"@type":"ReadAction","target":["https:\/\/proxipel.ch\/de\/einweihung-der-ersten-mobilen-und-vollintegrierten-pelletieranlage\/"]}]},{"@type":"ImageObject","inLanguage":"de","@id":"https:\/\/proxipel.ch\/de\/einweihung-der-ersten-mobilen-und-vollintegrierten-pelletieranlage\/#primaryimage","url":"https:\/\/proxipel.ch\/wp-content\/uploads\/2026\/07\/Capture-decran-2026-07-15-160616.webp","contentUrl":"https:\/\/proxipel.ch\/wp-content\/uploads\/2026\/07\/Capture-decran-2026-07-15-160616.webp"},{"@type":"BreadcrumbList","@id":"https:\/\/proxipel.ch\/de\/einweihung-der-ersten-mobilen-und-vollintegrierten-pelletieranlage\/#breadcrumb","itemListElement":[{"@type":"ListItem","position":1,"name":"Accueil","item":"https:\/\/proxipel.ch\/de\/"},{"@type":"ListItem","position":2,"name":"Einweihung der ersten mobilen und vollintegrierten Pelletieranlage"}]},{"@type":"WebSite","@id":"https:\/\/proxipel.ch\/de\/#website","url":"https:\/\/proxipel.ch\/de\/","name":"Proxipel","description":"La premi\u00e8re unit\u00e9 mobile de pelletisation int\u00e9grale","publisher":{"@id":"https:\/\/proxipel.ch\/de\/#organization"},"potentialAction":[{"@type":"SearchAction","target":{"@type":"EntryPoint","urlTemplate":"https:\/\/proxipel.ch\/de\/?s={search_term_string}"},"query-input":{"@type":"PropertyValueSpecification","valueRequired":true,"valueName":"search_term_string"}}],"inLanguage":"de"},{"@type":"Organization","@id":"https:\/\/proxipel.ch\/de\/#organization","name":"Proxipel","url":"https:\/\/proxipel.ch\/de\/","logo":{"@type":"ImageObject","inLanguage":"de","@id":"https:\/\/proxipel.ch\/de\/#\/schema\/logo\/image\/","url":"https:\/\/proxipel.ch\/wp-content\/uploads\/2024\/04\/proxipel.svg","contentUrl":"https:\/\/proxipel.ch\/wp-content\/uploads\/2024\/04\/proxipel.svg","width":"1024","height":"1024","caption":"Proxipel"},"image":{"@id":"https:\/\/proxipel.ch\/de\/#\/schema\/logo\/image\/"}},{"@type":"Person","@id":"https:\/\/proxipel.ch\/de\/#\/schema\/person\/14b4c44ffd52db22ee770bc4b0ce909a","name":"Bertrand Bordenave","image":{"@type":"ImageObject","inLanguage":"de","@id":"https:\/\/secure.gravatar.com\/avatar\/e17b5e0af21b580beae0180a27aa4d7661a659aea637f7c5133d8954df6b313b?s=96&d=mm&r=g","url":"https:\/\/secure.gravatar.com\/avatar\/e17b5e0af21b580beae0180a27aa4d7661a659aea637f7c5133d8954df6b313b?s=96&d=mm&r=g","contentUrl":"https:\/\/secure.gravatar.com\/avatar\/e17b5e0af21b580beae0180a27aa4d7661a659aea637f7c5133d8954df6b313b?s=96&d=mm&r=g","caption":"Bertrand Bordenave"},"url":"https:\/\/proxipel.ch\/de\/author\/b-bordenaveproxipel-com\/"}]}},"_links":{"self":[{"href":"https:\/\/proxipel.ch\/de\/wp-json\/wp\/v2\/posts\/4112","targetHints":{"allow":["GET"]}}],"collection":[{"href":"https:\/\/proxipel.ch\/de\/wp-json\/wp\/v2\/posts"}],"about":[{"href":"https:\/\/proxipel.ch\/de\/wp-json\/wp\/v2\/types\/post"}],"author":[{"embeddable":true,"href":"https:\/\/proxipel.ch\/de\/wp-json\/wp\/v2\/users\/6"}],"replies":[{"embeddable":true,"href":"https:\/\/proxipel.ch\/de\/wp-json\/wp\/v2\/comments?post=4112"}],"version-history":[{"count":1,"href":"https:\/\/proxipel.ch\/de\/wp-json\/wp\/v2\/posts\/4112\/revisions"}],"predecessor-version":[{"id":4170,"href":"https:\/\/proxipel.ch\/de\/wp-json\/wp\/v2\/posts\/4112\/revisions\/4170"}],"wp:attachment":[{"href":"https:\/\/proxipel.ch\/de\/wp-json\/wp\/v2\/media?parent=4112"}],"wp:term":[{"taxonomy":"category","embeddable":true,"href":"https:\/\/proxipel.ch\/de\/wp-json\/wp\/v2\/categories?post=4112"},{"taxonomy":"post_tag","embeddable":true,"href":"https:\/\/proxipel.ch\/de\/wp-json\/wp\/v2\/tags?post=4112"}],"curies":[{"name":"wp","href":"https:\/\/api.w.org\/{rel}","templated":true}]}}